{"id":60466,"date":"2025-09-02T18:35:00","date_gmt":"2025-09-02T16:35:00","guid":{"rendered":"https:\/\/www.invarena.cz\/?p=60466"},"modified":"2025-09-02T18:35:50","modified_gmt":"2025-09-02T16:35:50","slug":"60466","status":"publish","type":"post","link":"https:\/\/www.invarena.cz\/?p=60466","title":{"rendered":"Pl\u00edce se um\u00ed regenerovat"},"content":{"rendered":"\n<p>Radio\u017eurn\u00e1l<\/p>\n\n\n\n<p>Rozhovor s pneumologem, prof. Milanem Sovou, p\u0159ednostou Kliniky nemoc\u00ed plicn\u00edch a tuberkul\u00f3zy Fakultn\u00ed nemocnice Brno. <br \/>Jak moc v\u00e1s fascinuje, co v\u0161echno se na plic\u00edch dnes u\u017e d\u00e1 l\u00e9\u010dit?<\/p>\n\n\n\n<p>Milan Sova,p\u0159ednosta Kliniky nemoc\u00ed plicn\u00edch a tuberkul\u00f3zy, FN Brno<\/p>\n\n\n\n<p>Fascinuje n\u00e1s to ka\u017ed\u00fd den, nejenom m\u011b, ale i v\u011bt\u0161inu na\u0161ich koleg\u016f nebo v\u0161echny na\u0161e kolegy. Opravdu plicn\u00ed l\u00e9ka\u0159stv\u00ed, pneumologie se posunula neuv\u011b\u0159iteln\u00fdm zp\u016fsobem dop\u0159edu. Kdy\u017e si uv\u011bdom\u00edme, \u017ee 30, 40 let zp\u00e1tky jsme l\u00e9\u010dbu astmatu v \u010ceskoslovensku v podstat\u011b nem\u011bli, krom\u011b syst\u00e9mov\u00fdch kortikoid\u016f se v\u0161emi ne\u017e\u00e1douc\u00edmi \u00fa\u010dinky, ti lid\u00e9 byli otekl\u00ed a \u0161patn\u011b se jim potom i d\u00fdchalo, m\u011bli celou \u0159adu dal\u0161\u00edch komplikac\u00ed, a\u0165 u\u017e cukrovku a podobn\u011b. Dneska m\u00e1me k dispozici biologickou l\u00e9\u010dbu, m\u00e1me k dispozici modern\u00ed inhala\u010dn\u00ed prepar\u00e1ty, pneumoonkologie se posunula dop\u0159edu, dok\u00e1\u017eeme l\u00e9pe l\u00e9\u010dit karcinom plic, dok\u00e1\u017eeme l\u00e9\u010dit dal\u0161\u00ed nemoci, dok\u00e1\u017eeme l\u00e9pe d\u011blat diagnostiku, tak\u017ee opravdu za t\u011bch 30, 40 let jsme ud\u011blali neuv\u011b\u0159iteln\u00fd pokrok.<\/p>\n\n\n\n<p>Patricie Strouhalov\u00e1,moder\u00e1torka<\/p>\n\n\n\n<p>Plat\u00ed ale po\u0159\u00e1d, \u017ee ka\u017ed\u00fd den se mus\u00edme nadechnout alespo\u0148 20tis\u00edckr\u00e1t.<\/p>\n\n\n\n<p>Milan Sova,p\u0159ednosta Kliniky nemoc\u00ed plicn\u00edch a tuberkul\u00f3zy, FN Brno<\/p>\n\n\n\n<p>To bych musel rychle p\u0159epo\u010d\u00edtat, proto\u017ee standardn\u011b d\u00fdch\u00e1me kolem 16, 17 dech\u016f za minutu, samoz\u0159ejm\u011b z\u00e1le\u017e\u00ed, jestli b\u011b\u017e\u00edme na tramvaj, nebo jestli sp\u00edme, tak\u017ee je to \u010d\u00edslo, kter\u00e9 n\u00e1m nic moc ne\u0159\u00edk\u00e1, d\u016fle\u017eit\u00e9 je, jestli na\u0161e pl\u00edce a n\u00e1\u0161 kardiovaskul\u00e1rn\u00ed syst\u00e9m a n\u00e1\u0161 organismus dok\u00e1\u017ee plnit ty z\u00e1kladn\u00ed funkce, a to je dodat n\u00e1m kysl\u00edk a zbavit n\u00e1s oxidu uhli\u010dit\u00e9ho.<\/p>\n\n\n\n<p>Patricie Strouhalov\u00e1,moder\u00e1torka<\/p>\n\n\n\n<p>No, v\u00fdznam pohybu a zdrav\u00e9ho d\u00fdch\u00e1n\u00ed, jak tr\u00e9novat pl\u00edce, m\u016f\u017eu natr\u00e9novat pl\u00edce, svaly tr\u00e9nuju, hlavu taky, ale co pl\u00edce, aby z\u016fstaly zdrav\u00e9?<\/p>\n\n\n\n<p>Milan Sova,p\u0159ednosta Kliniky nemoc\u00ed plicn\u00edch a tuberkul\u00f3zy, FN Brno<\/p>\n\n\n\n<p>Ur\u010dit\u011b m\u016f\u017eu tr\u00e9novat aerobn\u00edm tr\u00e9ninkem, rychlej\u0161\u00ed ch\u016fz\u00ed, b\u011bh\u00e1n\u00edm, j\u00edzdou na kole, to jsou v\u0161echno v\u011bci, kter\u00e9 p\u016fsob\u00ed pozitivn\u011b, nejenom teda na pl\u00edce, ale na cel\u00fd ten kardiorespira\u010dn\u00ed syst\u00e9m, proto\u017ee my si mus\u00edme uv\u011bdomit, \u017ee jak m\u00e1me srd\u00ed\u010dko, kolem n\u011bho jsou pl\u00edce a dohromady to pr\u00e1v\u011b d\u011bl\u00e1 tu funkci, co m\u00e1, tak\u017ee ned\u00e1 se to \u00fapln\u011b rozd\u011blovat, \u017ee n\u011bkdo \u0159ekne, d\u00fdch\u00e1 se mn\u011b, proto\u017ee m\u00e1m pl\u00edce \u0161patn\u00e9, samoz\u0159ejm\u011b m\u016f\u017ee m\u00edt, ale z\u00e1rove\u0148 to srdce to ovliv\u0148uje, v\u011bt\u0161inou tam jsou nemoci, kter\u00e9 spolu souvis\u00ed, tak\u017ee ten kardiorespira\u010dn\u00ed syst\u00e9m jako takov\u00fd tr\u00e9nujeme aerobn\u00edm tr\u00e9ninkem, tak\u017ee b\u011bh\u00e1n\u00edm, j\u00edzda na kole a podobn\u011b.<\/p>\n\n\n\n<p>Patricie Strouhalov\u00e1,moder\u00e1torka<\/p>\n\n\n\n<p>A jak jsou na\u0161e pl\u00edce schopny regenerace?<\/p>\n\n\n\n<p>Milan Sova,p\u0159ednosta Kliniky nemoc\u00ed plicn\u00edch a tuberkul\u00f3zy, FN Brno<\/p>\n\n\n\n<p>Na\u0161e pl\u00edce regenerovat ur\u010dit\u011b um\u00ed, um\u00ed regenerovat stejn\u011b jako dal\u0161\u00ed tk\u00e1n\u011b, nem\u016f\u017eeme si to p\u0159edstavit, \u017ee by n\u00e1m dorostly pl\u00edce jak je\u0161t\u011brce, kdybychom usekli oc\u00e1sek, ale regenerace tam ur\u010dit\u011b je, tak\u017ee i po t\u011b\u017ek\u00fdch z\u00e1palech plic vid\u00edme kr\u00e1snou regeneraci. Vid\u011bli jsme t\u0159eba pacienty po t\u011b\u017ek\u00e9m covidu, kdy jsme si ud\u011blali c\u00e9t\u00e9\u010dko, tak ty pl\u00edce na tom c\u00e9t\u00e9\u010dku byly \u00fapln\u011b b\u00edl\u00e9, kdy\u017e to tak \u0159eknu, a dneska pacienti nemaj\u00ed v podstat\u011b \u017e\u00e1dn\u00e9 n\u00e1sledky.<\/p>\n","protected":false},"excerpt":{"rendered":"<div class=\"mh-excerpt\"><p>Radio\u017eurn\u00e1l Rozhovor s pneumologem, prof. Milanem Sovou, p\u0159ednostou Kliniky nemoc\u00ed plicn\u00edch a tuberkul\u00f3zy Fakultn\u00ed nemocnice Brno. Jak moc v\u00e1s fascinuje, co v\u0161echno se na plic\u00edch <a class=\"mh-excerpt-more\" href=\"https:\/\/www.invarena.cz\/?p=60466\" title=\"Pl\u00edce se um\u00ed regenerovat\">[&#8230;]<\/a><\/p>\n<\/div>","protected":false},"author":1,"featured_media":60475,"comment_status":"open","ping_status":"closed","sticky":false,"template":"","format":"standard","meta":{"footnotes":""},"categories":[12,11],"tags":[],"class_list":["post-60466","post","type-post","status-publish","format-standard","has-post-thumbnail","hentry","category-rozhovory","category-zdravi"],"_links":{"self":[{"href":"https:\/\/www.invarena.cz\/index.php?rest_route=\/wp\/v2\/posts\/60466","targetHints":{"allow":["GET"]}}],"collection":[{"href":"https:\/\/www.invarena.cz\/index.php?rest_route=\/wp\/v2\/posts"}],"about":[{"href":"https:\/\/www.invarena.cz\/index.php?rest_route=\/wp\/v2\/types\/post"}],"author":[{"embeddable":true,"href":"https:\/\/www.invarena.cz\/index.php?rest_route=\/wp\/v2\/users\/1"}],"replies":[{"embeddable":true,"href":"https:\/\/www.invarena.cz\/index.php?rest_route=%2Fwp%2Fv2%2Fcomments&post=60466"}],"version-history":[{"count":0,"href":"https:\/\/www.invarena.cz\/index.php?rest_route=\/wp\/v2\/posts\/60466\/revisions"}],"wp:featuredmedia":[{"embeddable":true,"href":"https:\/\/www.invarena.cz\/index.php?rest_route=\/wp\/v2\/media\/60475"}],"wp:attachment":[{"href":"https:\/\/www.invarena.cz\/index.php?rest_route=%2Fwp%2Fv2%2Fmedia&parent=60466"}],"wp:term":[{"taxonomy":"category","embeddable":true,"href":"https:\/\/www.invarena.cz\/index.php?rest_route=%2Fwp%2Fv2%2Fcategories&post=60466"},{"taxonomy":"post_tag","embeddable":true,"href":"https:\/\/www.invarena.cz\/index.php?rest_route=%2Fwp%2Fv2%2Ftags&post=60466"}],"curies":[{"name":"wp","href":"https:\/\/api.w.org\/{rel}","templated":true}]}}