{"id":60489,"date":"2025-09-03T01:06:55","date_gmt":"2025-09-02T23:06:55","guid":{"rendered":"https:\/\/www.invarena.cz\/?p=60489"},"modified":"2025-09-07T18:56:11","modified_gmt":"2025-09-07T16:56:11","slug":"nedostatek-zubnich-lekaru-v-karlovarskem-kraji","status":"publish","type":"post","link":"https:\/\/www.invarena.cz\/?p=60489","title":{"rendered":"Nedostatek\u00a0zuba\u0159\u016f\u00a0v\u00a0Karlovarsk\u00e9m kraji"},"content":{"rendered":"\n<p>\u010cesk\u00e1 televize<\/p>\n\n\n\n<p>Do nesn\u00e1z\u00ed se dost\u00e1v\u00e1 1700 pacient\u016f v Chebu, kte\u0159\u00ed budou za t\u0159i m\u011bs\u00edce bez sv\u00e9ho zuba\u0159e. Jejich stomatolog odch\u00e1z\u00ed do d\u016fchodu, mus\u00ed si proto naj\u00edt nov\u00e9ho l\u00e9ka\u0159e, kter\u00fdch je nedostatek. Situace by se ale podle Karlovarsk\u00e9ho kraje mohla v Chebu zlep\u0161it u\u017e za\u010d\u00e1tkem p\u0159\u00ed\u0161t\u00edho roku zah\u00e1jen\u00edm provozu nov\u00e9 zubn\u00ed kliniky.<\/p>\n\n\n\n<p>V \u010cesk\u00e9 republice \u017eije cizinka 30 let, dlouh\u00e1 l\u00e9ta byla pacientkou stomatologa Jana Kone\u010dn\u00e9ho, ten se ale rozhodl odej\u00edt k 30. listopadu do d\u016fchodu. V\u00edte, o jak\u00fdmu zuba\u0159i p\u016fjdete? P\u0159em\u00fd\u0161lela jste?<\/p>\n\n\n\n<p>Margareta Lisicyna,pacientka stomatologa<br \/>Ne<\/p>\n\n\n\n<p>Franti\u0161ek Nyklas,redaktor<\/p>\n\n\n\n<p>A v\u00edte o n\u011bkom?<\/p>\n\n\n\n<p>Margareta Lisicyna,pacientka stomatologa<\/p>\n\n\n\n<p>Ne, bohu\u017eel je to t\u011b\u017ek\u00fd.<\/p>\n\n\n\n<p>Jana Mra\u010dkov\u00e1 Vildumetzov\u00e1,hejtmanka, Karlovarsk\u00fd kraj \/ANO\/<\/p>\n\n\n\n<p>T\u0159eba se n\u00e1m ho je\u0161t\u011b poda\u0159\u00ed n\u011bjak\u00fdm zp\u016fsobem p\u0159emluvit a p\u0159esv\u011bd\u010dit. My vn\u00edm\u00e1me, \u017ee ten probl\u00e9m v Karlovarsk\u00e9m kraji, tak jako v jin\u00fdch kraj\u00edch je, je obrovsk\u00fd.<\/p>\n\n\n\n<p>Franti\u0161ek Nyklas,redaktor<\/p>\n\n\n\n<p>V Karlovarsk\u00e9m kraji ordinuje zhruba 120 zubn\u00edch l\u00e9ka\u0159\u016f. Podle stomatologick\u00e9 komory by jich region pot\u0159eboval o t\u0159etinu v\u00edc.<\/p>\n\n\n\n<p>Jaroslav Van\u011bk,p\u0159edseda, Oblastn\u00ed stomatologick\u00e1 komora, Karlovarsk\u00fd kraj<\/p>\n\n\n\n<p>My nem\u016f\u017eeme d\u011blat nic v\u00edc, ne\u017e poradit pacient\u016fm, aby opravdu zkontaktovali svoji zdravotn\u00ed poji\u0161\u0165ovnu.<\/p>\n\n\n\n<p>Franti\u0161ek Nyklas,redaktor<\/p>\n\n\n\n<p>A u v\u00e1s je m\u00edsto?<\/p>\n\n\n\n<p><\/p>\n\n\n\n<p>Jaroslav Van\u011bk,p\u0159edseda, Oblastn\u00ed stomatologick\u00e1 komora, Karlovarsk\u00fd kraj<\/p>\n\n\n\n<p>U n\u00e1s samoz\u0159ejm\u011b tak\u00e9 nen\u00ed m\u00edsto, bohu\u017eel.<\/p>\n\n\n\n<p><\/p>\n\n\n\n<p>Franti\u0161ek Nyklas,redaktor<\/p>\n\n\n\n<p>Chebsk\u00e1 radnice sice nam\u00edt\u00e1, \u017ee se situace v dostupnosti stomatologick\u00e9 p\u00e9\u010de ve m\u011bst\u011b zlep\u0161uje, ale \u0159ada l\u00e9ka\u0159\u016f nem\u00e1 podepsan\u00e9 smlouvy se zdravotn\u00edmi poji\u0161\u0165ovnami.<\/p>\n\n\n\n<p><\/p>\n\n\n\n<p>Pavel Peg\u00e1\u010d,m\u00edstostarosta, Cheb \/VOK\/<\/p>\n\n\n\n<p>Samoz\u0159ejm\u011b n\u011bkter\u00e9 ordinace jsou zpoplatn\u011bn\u00e9, co\u017e nen\u00ed pro pacienty \u00fapln\u011b \u017e\u00e1douc\u00ed, kdy\u017e by m\u011bly n\u00e1sledn\u011b vyplatit \u0159\u00e1dek tis\u00edc\u016f korun za zubn\u00ed p\u00e9\u010di, ale situace je bohu\u017eel takov\u00e1.<\/p>\n\n\n\n<p><\/p>\n\n\n\n<p>Franti\u0161ek Nyklas,redaktor<\/p>\n\n\n\n<p>Karlovarsk\u00fd kraj s\u00e1z\u00ed na novou zubn\u00ed kliniku v Chebu, stomatologov\u00e9 by m\u011bli za\u010d\u00edt ordinovat v are\u00e1lu chebsk\u00e9 nemocnice v objektu b\u00fdval\u00e9 gynekologie od prvn\u00edho \u010dtvrtlet\u00ed p\u0159\u00ed\u0161t\u00edho roku. Budova se te\u010f opravuje. L\u00e9ka\u0159i by m\u011bli m\u00edt k dispozici 15 k\u0159esel a pracovi\u0161t\u011b by m\u011blo zat\u00edm jako jedin\u00e9 v kraji prov\u00e1d\u011bt i z\u00e1kroky vy\u017eaduj\u00edc\u00ed anestezii. <\/p>\n\n\n\n<p> \u010cesk\u00e1 televize.<\/p>\n\n\n\n<p><\/p>\n","protected":false},"excerpt":{"rendered":"<div class=\"mh-excerpt\"><p>\u010cesk\u00e1 televize Do nesn\u00e1z\u00ed se dost\u00e1v\u00e1 1700 pacient\u016f v Chebu, kte\u0159\u00ed budou za t\u0159i m\u011bs\u00edce bez sv\u00e9ho zuba\u0159e. Jejich stomatolog odch\u00e1z\u00ed do d\u016fchodu, mus\u00ed si <a class=\"mh-excerpt-more\" href=\"https:\/\/www.invarena.cz\/?p=60489\" title=\"Nedostatek\u00a0zuba\u0159\u016f\u00a0v\u00a0Karlovarsk\u00e9m kraji\">[&#8230;]<\/a><\/p>\n<\/div>","protected":false},"author":1,"featured_media":29616,"comment_status":"open","ping_status":"closed","sticky":false,"template":"","format":"standard","meta":{"footnotes":""},"categories":[9],"tags":[],"class_list":["post-60489","post","type-post","status-publish","format-standard","has-post-thumbnail","hentry","category-zpravy"],"_links":{"self":[{"href":"https:\/\/www.invarena.cz\/index.php?rest_route=\/wp\/v2\/posts\/60489","targetHints":{"allow":["GET"]}}],"collection":[{"href":"https:\/\/www.invarena.cz\/index.php?rest_route=\/wp\/v2\/posts"}],"about":[{"href":"https:\/\/www.invarena.cz\/index.php?rest_route=\/wp\/v2\/types\/post"}],"author":[{"embeddable":true,"href":"https:\/\/www.invarena.cz\/index.php?rest_route=\/wp\/v2\/users\/1"}],"replies":[{"embeddable":true,"href":"https:\/\/www.invarena.cz\/index.php?rest_route=%2Fwp%2Fv2%2Fcomments&post=60489"}],"version-history":[{"count":0,"href":"https:\/\/www.invarena.cz\/index.php?rest_route=\/wp\/v2\/posts\/60489\/revisions"}],"wp:featuredmedia":[{"embeddable":true,"href":"https:\/\/www.invarena.cz\/index.php?rest_route=\/wp\/v2\/media\/29616"}],"wp:attachment":[{"href":"https:\/\/www.invarena.cz\/index.php?rest_route=%2Fwp%2Fv2%2Fmedia&parent=60489"}],"wp:term":[{"taxonomy":"category","embeddable":true,"href":"https:\/\/www.invarena.cz\/index.php?rest_route=%2Fwp%2Fv2%2Fcategories&post=60489"},{"taxonomy":"post_tag","embeddable":true,"href":"https:\/\/www.invarena.cz\/index.php?rest_route=%2Fwp%2Fv2%2Ftags&post=60489"}],"curies":[{"name":"wp","href":"https:\/\/api.w.org\/{rel}","templated":true}]}}