{"id":60530,"date":"2025-09-05T00:05:36","date_gmt":"2025-09-04T22:05:36","guid":{"rendered":"https:\/\/www.invarena.cz\/?p=60530"},"modified":"2025-09-05T00:05:36","modified_gmt":"2025-09-04T22:05:36","slug":"sportovni-den-v-seniorcentru-senecura-sanov-proveril-dovednosti-i-tymoveho-ducha","status":"publish","type":"post","link":"https:\/\/www.invarena.cz\/?p=60530","title":{"rendered":"Sportovn\u00ed den v SeniorCentru SeneCura \u0160anov prov\u011b\u0159il dovednosti i t\u00fdmov\u00e9ho ducha"},"content":{"rendered":"\n<p>V SeniorCentru SeneCura v \u0160anov\u011b prob\u011bhl tradi\u010dn\u00ed Sportovn\u00ed den, kter\u00fd nav\u00e1zal na \u00fasp\u011b\u0161nou tradici klientsk\u00fdch her. Do sportovn\u00edho dopoledne se zapojilo t\u0159icet klient\u016f, kte\u0159\u00ed si vyzkou\u0161eli discipl\u00edny p\u0159izp\u016fsoben\u00e9 jejich mo\u017enostem i dovednostem.<\/p>\n\n\n\n<p>Sout\u011b\u017eilo se v j\u00edzd\u011b na invalidn\u00edm voz\u00edku na \u010das, rusk\u00fdch ku\u017eelk\u00e1ch, kroketu, hodu m\u00ed\u010dkem do ter\u010de a balan\u010dn\u00ed ch\u016fzi. Atmosf\u00e9ru dopl\u0148ovalo fand\u011bn\u00ed ostatn\u00edch klient\u016f, zam\u011bstnanc\u016f i dobrovoln\u00edk\u016f, kte\u0159\u00ed se postarali o podporu a bezpe\u010dn\u00fd pr\u016fb\u011bh her. Velkou oporou byli tak\u00e9 pe\u010dovatel\u00e9, kte\u0159\u00ed p\u0159i\u0161li pom\u00e1hat ve sv\u00e9m voln\u00e9m \u010dase.<\/p>\n\n\n\n<p>Po slavnostn\u00edm zah\u00e1jen\u00ed a symbolick\u00e9m zap\u00e1len\u00ed ohn\u011b n\u00e1sledovalo nap\u00ednav\u00e9 kl\u00e1n\u00ed, kter\u00e9 vyvrcholilo vyhl\u00e1\u0161en\u00edm v\u00fdsledk\u016f.<\/p>\n\n\n\n<p>\u201ePohyb a radost ze sout\u011b\u017een\u00ed jsou pro na\u0161e klienty nesm\u00edrn\u011b d\u016fle\u017eit\u00e9. Sportovn\u00ed den p\u0159in\u00e1\u0161\u00ed nejen fyzickou aktivitu, ale tak\u00e9 pocit soun\u00e1le\u017eitosti, spole\u010dn\u00e9 z\u00e1\u017eitky a dobrou n\u00e1ladu, kter\u00e1 vydr\u017e\u00ed je\u0161t\u011b dlouho po skon\u010den\u00ed her,\u201c \u0159\u00edk\u00e1 \u0159editel domova Michal Veleba.<\/p>\n\n\n\n<p>V\u00edt\u011bzov\u00e9 si odnesli medaile, l\u00e1hev dobr\u00e9ho nealkoholick\u00e9ho n\u00e1poje a drobn\u00e9 dobroty, v\u0161ichni \u00fa\u010dastn\u00edci pak z\u00edskali sladkou odm\u011bnu \u010di nealko pivo za svou snahu.<\/p>\n\n\n\n<p>Organizace Sportovn\u00edho dne byla v\u00fdsledkem spolupr\u00e1ce aktiviza\u010dn\u00edch pracovn\u00edk\u016f, fyzioterapeut\u016f a dal\u0161\u00edch zam\u011bstnanc\u016f domova. D\u00edky jejich nasazen\u00ed a pe\u010dliv\u00e9 p\u0159\u00edprav\u011b se poda\u0159ilo vytvo\u0159it program, kter\u00fd v\u0161echny \u00fa\u010dastn\u00edky bavil a motivoval.<\/p>\n\n\n\n<p>Mottem domov\u016f SeneCura je \u201e\u017divot pokra\u010duje s n\u00e1mi\u201c. Proto v domovech ka\u017ed\u00fd den vznik\u00e1 bohat\u00fd program aktivit, kter\u00e9 pom\u00e1haj\u00ed udr\u017eet bystrou mysl, dobrou n\u00e1ladu a chu\u0165 b\u00fdt sou\u010d\u00e1st\u00ed d\u011bn\u00ed.<\/p>\n\n\n\n<p>Co je SeneCura<\/p>\n\n\n\n<p>SeneCura \u010cR je sou\u010d\u00e1st\u00ed zdravotn\u00ed skupiny Penta Hospitals. SeneCura je s v\u00edce ne\u017e 2 200 l\u016f\u017eky v\u00fdznamn\u00fdm poskytovatelem a zam\u011bstnavatelem v soci\u00e1ln\u00edch slu\u017eb\u00e1ch. V celkem sedmn\u00e1cti SeniorCentrech pe\u010dujeme o seniory se sn\u00ed\u017eenou sob\u011bsta\u010dnost\u00ed, s Alzheimerovou chorobou nebo jin\u00fdm typem demence. Kvalita p\u00e9\u010de je postavena na sd\u00edlen\u00ed znalost\u00ed, inovac\u00edch, odbornosti a dlouholet\u00fdch zku\u0161enostech v r\u00e1mci cel\u00e9 skupiny. Stejn\u011b d\u016fle\u017eit\u00e1 je pro n\u00e1s i p\u00e9\u010de o zam\u011bstnance.<\/p>\n\n\n\n<p>Na\u0161e hodnoty jsou z\u00e1kladem v\u0161eho, co d\u011bl\u00e1me: lidskost, chu\u0165 do \u017eivota, touha u\u010dit se a pomoc druh\u00fdm.<\/p>\n\n\n\n<p>Filip Moravec<\/p>\n\n\n\n<p>Znojemsk\u00fd den\u00edk<\/p>\n\n\n\n<p><a href=\"https:\/\/znojemsky.denik.cz\" target=\"_blank\" rel=\"noreferrer noopener\">https:\/\/znojemsky.denik.cz<\/a><\/p>\n","protected":false},"excerpt":{"rendered":"<div class=\"mh-excerpt\"><p>V SeniorCentru SeneCura v \u0160anov\u011b prob\u011bhl tradi\u010dn\u00ed Sportovn\u00ed den, kter\u00fd nav\u00e1zal na \u00fasp\u011b\u0161nou tradici klientsk\u00fdch her. Do sportovn\u00edho dopoledne se zapojilo t\u0159icet klient\u016f, kte\u0159\u00ed si <a class=\"mh-excerpt-more\" href=\"https:\/\/www.invarena.cz\/?p=60530\" title=\"Sportovn\u00ed den v SeniorCentru SeneCura \u0160anov prov\u011b\u0159il dovednosti i t\u00fdmov\u00e9ho ducha\">[&#8230;]<\/a><\/p>\n<\/div>","protected":false},"author":1,"featured_media":13421,"comment_status":"open","ping_status":"closed","sticky":false,"template":"","format":"standard","meta":{"footnotes":""},"categories":[9],"tags":[],"class_list":["post-60530","post","type-post","status-publish","format-standard","has-post-thumbnail","hentry","category-zpravy"],"_links":{"self":[{"href":"https:\/\/www.invarena.cz\/index.php?rest_route=\/wp\/v2\/posts\/60530","targetHints":{"allow":["GET"]}}],"collection":[{"href":"https:\/\/www.invarena.cz\/index.php?rest_route=\/wp\/v2\/posts"}],"about":[{"href":"https:\/\/www.invarena.cz\/index.php?rest_route=\/wp\/v2\/types\/post"}],"author":[{"embeddable":true,"href":"https:\/\/www.invarena.cz\/index.php?rest_route=\/wp\/v2\/users\/1"}],"replies":[{"embeddable":true,"href":"https:\/\/www.invarena.cz\/index.php?rest_route=%2Fwp%2Fv2%2Fcomments&post=60530"}],"version-history":[{"count":0,"href":"https:\/\/www.invarena.cz\/index.php?rest_route=\/wp\/v2\/posts\/60530\/revisions"}],"wp:featuredmedia":[{"embeddable":true,"href":"https:\/\/www.invarena.cz\/index.php?rest_route=\/wp\/v2\/media\/13421"}],"wp:attachment":[{"href":"https:\/\/www.invarena.cz\/index.php?rest_route=%2Fwp%2Fv2%2Fmedia&parent=60530"}],"wp:term":[{"taxonomy":"category","embeddable":true,"href":"https:\/\/www.invarena.cz\/index.php?rest_route=%2Fwp%2Fv2%2Fcategories&post=60530"},{"taxonomy":"post_tag","embeddable":true,"href":"https:\/\/www.invarena.cz\/index.php?rest_route=%2Fwp%2Fv2%2Ftags&post=60530"}],"curies":[{"name":"wp","href":"https:\/\/api.w.org\/{rel}","templated":true}]}}