{"id":60533,"date":"2025-09-05T00:10:08","date_gmt":"2025-09-04T22:10:08","guid":{"rendered":"https:\/\/www.invarena.cz\/?p=60533"},"modified":"2025-09-05T00:10:09","modified_gmt":"2025-09-04T22:10:09","slug":"duchody-od-ledna-vzrostou-v-prumeru-o-668-oznamil-jurecka","status":"publish","type":"post","link":"https:\/\/www.invarena.cz\/?p=60533","title":{"rendered":"D\u016fchody od ledna vzrostou v pr\u016fm\u011bru o 668, ozn\u00e1mil Jure\u010dka"},"content":{"rendered":"\n<p>Pr\u016fm\u011brn\u00fd starobn\u00ed d\u016fchod od ledna vzroste o 668 korun. Dostat by se tak m\u011bl na 21 839 korun. V\u0161echny starobn\u00ed, invalidn\u00ed a poz\u016fstalostn\u00ed penze se zv\u00fd\u0161\u00ed o 240 korun a k tomu se zvedne jejich z\u00e1sluhov\u00fd d\u00edl je\u0161t\u011b o 2,6 procenta. Dnes r\u00e1no to na briefingu ozn\u00e1mil ministr pr\u00e1ce Marian Jure\u010dka (KDU-\u010cSL).<\/p>\n\n\n\n<p>Podle navrhovan\u00e9ho rozpo\u010dtu m\u00e1 m\u00edt ministerstvo pr\u00e1ce p\u0159\u00ed\u0161t\u00ed rok na d\u016fchody 722,2 miliardy korun, tedy o t\u00e9m\u011b\u0159 22,5 miliardy K\u010d v\u00edce ne\u017e letos. Na d\u016fchodov\u00fdch odvodech se m\u00e1 vybrat 737,9 miliardy korun, syst\u00e9m by se tak mohl po letech deficit\u016f dostat do p\u0159ebytku p\u0159es 15 miliard korun.<\/p>\n\n\n\n<p>\u010cTK<\/p>\n\n\n\n<p>Den\u00edk.cz<\/p>\n\n\n\n<p><a href=\"https:\/\/www.denik.cz\" target=\"_blank\" rel=\"noreferrer noopener\">https:\/\/www.denik.cz<\/a><\/p>\n","protected":false},"excerpt":{"rendered":"<div class=\"mh-excerpt\"><p>Pr\u016fm\u011brn\u00fd starobn\u00ed d\u016fchod od ledna vzroste o 668 korun. Dostat by se tak m\u011bl na 21 839 korun. V\u0161echny starobn\u00ed, invalidn\u00ed a poz\u016fstalostn\u00ed penze se <a class=\"mh-excerpt-more\" href=\"https:\/\/www.invarena.cz\/?p=60533\" title=\"D\u016fchody od ledna vzrostou v pr\u016fm\u011bru o 668, ozn\u00e1mil Jure\u010dka\">[&#8230;]<\/a><\/p>\n<\/div>","protected":false},"author":1,"featured_media":19893,"comment_status":"open","ping_status":"closed","sticky":false,"template":"","format":"standard","meta":{"footnotes":""},"categories":[9],"tags":[],"class_list":["post-60533","post","type-post","status-publish","format-standard","has-post-thumbnail","hentry","category-zpravy"],"_links":{"self":[{"href":"https:\/\/www.invarena.cz\/index.php?rest_route=\/wp\/v2\/posts\/60533","targetHints":{"allow":["GET"]}}],"collection":[{"href":"https:\/\/www.invarena.cz\/index.php?rest_route=\/wp\/v2\/posts"}],"about":[{"href":"https:\/\/www.invarena.cz\/index.php?rest_route=\/wp\/v2\/types\/post"}],"author":[{"embeddable":true,"href":"https:\/\/www.invarena.cz\/index.php?rest_route=\/wp\/v2\/users\/1"}],"replies":[{"embeddable":true,"href":"https:\/\/www.invarena.cz\/index.php?rest_route=%2Fwp%2Fv2%2Fcomments&post=60533"}],"version-history":[{"count":0,"href":"https:\/\/www.invarena.cz\/index.php?rest_route=\/wp\/v2\/posts\/60533\/revisions"}],"wp:featuredmedia":[{"embeddable":true,"href":"https:\/\/www.invarena.cz\/index.php?rest_route=\/wp\/v2\/media\/19893"}],"wp:attachment":[{"href":"https:\/\/www.invarena.cz\/index.php?rest_route=%2Fwp%2Fv2%2Fmedia&parent=60533"}],"wp:term":[{"taxonomy":"category","embeddable":true,"href":"https:\/\/www.invarena.cz\/index.php?rest_route=%2Fwp%2Fv2%2Fcategories&post=60533"},{"taxonomy":"post_tag","embeddable":true,"href":"https:\/\/www.invarena.cz\/index.php?rest_route=%2Fwp%2Fv2%2Ftags&post=60533"}],"curies":[{"name":"wp","href":"https:\/\/api.w.org\/{rel}","templated":true}]}}