{"id":60539,"date":"2025-09-05T00:37:25","date_gmt":"2025-09-04T22:37:25","guid":{"rendered":"https:\/\/www.invarena.cz\/?p=60539"},"modified":"2025-09-05T00:37:25","modified_gmt":"2025-09-04T22:37:25","slug":"charita-zahajuje-podzimni-cinnost-nekolika-akcemi-prijede-i-david-kraus","status":"publish","type":"post","link":"https:\/\/www.invarena.cz\/?p=60539","title":{"rendered":"Charita zahajuje podzimn\u00ed \u010dinnost n\u011bkolika akcemi, p\u0159ijede i David Kraus"},"content":{"rendered":"\n<p>L\u00e9to bylo ve znamen\u00e1 odpo\u010dinku a nastupuj\u00edc\u00ed podzim p\u0159iv\u00edt\u00e1 Charita Opava n\u011bkolika \u00favodn\u00edmi akcemi. P\u016fjde o podcast, p\u0159edstaven\u00ed nov\u011b otev\u0159en\u00e9ho st\u0159ediska Spojka a sportovn\u00ed vy\u017eit\u00ed.<\/p>\n\n\n\n<p>Zn\u00e1m\u00fd zp\u011bv\u00e1k a herec David Kraus bude ve \u010dtvrtek 11. z\u00e1\u0159\u00ed v kostele sv. Jan\u016f nat\u00e1\u010det dal\u0161\u00ed d\u00edl sv\u00e9ho podcastu. Tentokr\u00e1t bude hovo\u0159it s p\u0159edsedou Rady Charity Opava a sou\u010dasn\u011b t\u00e9\u017e publicistou Ivo Mludkem.<\/p>\n\n\n\n<p>Sv\u016fj rozhovor povedou na t\u00e9ma M\u00e9dia a informace v dob\u011b postpravdiv\u00e9. Ve\u0159ejn\u00e9 nat\u00e1\u010den\u00ed uveden\u00e9ho podcastu za\u010dne v 18 hodin a uskute\u010dn\u00ed se v r\u00e1mci cyklu Ve\u010dery se Slunovratem. Vstupn\u00e9 je dobrovoln\u00e9 a v\u00fdt\u011b\u017eek bude pou\u017eit\u00fd na opravy kostela sv. Jan\u016f, o kter\u00fd se od roku 2019 star\u00e1 Spolek kostela sv. Jan\u016f.<\/p>\n\n\n\n<p>V Opav\u011b bude otev\u0159ena Spojka<\/p>\n\n\n\n<p>Lid\u00e9 se zrakov\u00fdm handicapem i ment\u00e1ln\u00edm znev\u00fdhodn\u011bn\u00edm, vyu\u017e\u00edvaj\u00edc\u00ed slu\u017eby st\u0159ediska soci\u00e1ln\u00ed rehabilitace Spojka, museli a\u017e dosud doj\u00ed\u017ed\u011bt a\u017e do Vla\u0161tovi\u010dek. To se zm\u011bn\u00ed a Spojka bude m\u00edt od \u010dtvrtka 11. z\u00e1\u0159\u00ed, kdy v 10 hodin otev\u0159e na Kol\u00e1\u0159sk\u00e9 ulici \u010d. 14, naproti kinu M\u00edr, sv\u00e9 zbrusu nov\u00e9 kontaktn\u00ed pracovi\u0161t\u011b p\u0159\u00edmo v Opav\u011b. Spojka pod\u00e1v\u00e1 pomocnou ruku t\u011bm, kte\u0159\u00ed cht\u011bj\u00ed i p\u0159es sv\u016fj handicap \u017e\u00edt b\u011b\u017en\u00fdm \u017eivotem, svobodn\u011b se pohybovat, vzd\u011bl\u00e1vat se, samostatn\u011b bydlet i aktivn\u011b tr\u00e1vit sv\u016fj voln\u00fd \u010das. V tom jim pom\u00e1h\u00e1 tak, aby mohli v\u0161echno zvl\u00e1dnout s co nejmen\u0161\u00ed podporou druh\u00e9 osoby.<\/p>\n\n\n\n<p>D\u00edky otev\u0159en\u00ed nov\u00e9ho pracovi\u0161t\u011b bude tato slu\u017eba p\u0159ibl\u00ed\u017eena i dal\u0161\u00edm z\u00e1jemc\u016fm, pro kter\u00e9 bylo doj\u00ed\u017ed\u011bn\u00ed do Vla\u0161tovi\u010dek n\u00e1ro\u010dn\u00e9 nebo p\u0159\u00edmo nemo\u017en\u00e9. Slavnostn\u00ed otev\u0159en\u00ed bude pro pozvan\u00e9 hosty zah\u00e1jeno v 10 hodin a od 10.30 do 14 hodin si prostory Spojky m\u016f\u017ee prohl\u00e9dnout ve\u0159ejnost. Z\u00e1jemci si mohou d\u00e1t k\u00e1vu z poj\u00edzdn\u00e9 Kav\u00e1rny pro Radost a vyzkou\u0161et si pom\u016fcky, kter\u00e9 nevidom\u00ed pou\u017e\u00edvaj\u00ed. Z hlediska men\u0161\u00edch prostor doporu\u010duje Charita Opava ve\u0159ejnosti dohodu ohledn\u011b \u010dasu prohl\u00eddky na e-mailu spojka@charitaopava.cz nebo na telefonn\u00edm \u010d\u00edsle 605 037 826. Kontaktn\u00ed stanovi\u0161t\u011b je d\u00edky um\u00edst\u011bn\u00ed v p\u0159\u00edzem\u00ed budovy jednodu\u0161e dostupn\u00e9 a vchod je pro snadn\u011bj\u0161\u00ed orientaci osob se zrakov\u00fdm handicapem nav\u00edc opat\u0159en\u00fd hlasov\u00fdm maj\u00e1\u010dkem.<\/p>\n\n\n\n<p>Otev\u0159eno bude pravideln\u011b ka\u017edou st\u0159edu od 8 do 12 a od 13 do 15.30 hodin, dal\u0161\u00ed dny pak jen podle pot\u0159eb a po\u017eadavk\u016f klient\u016f. \u201eNa\u0161\u00edm c\u00edlem je vytvo\u0159it snadno dostupn\u00e9 a p\u0159\u00edv\u011btiv\u00e9 prost\u0159ed\u00ed, kde klienti dostanou pot\u0159ebnou individu\u00e1ln\u00ed podporu a mo\u017enost rozv\u00edjet sv\u00e9 schopnosti podle sv\u00fdch pot\u0159eb a mo\u017enost\u00ed,\u201c vysv\u011btluje vznik opavsk\u00e9ho kontaktn\u00edho pracovi\u0161t\u011b vedouc\u00ed soci\u00e1ln\u00ed rehabilitace Marie Ko\u0159\u00ednkov\u00e1.<\/p>\n\n\n\n<p>Z\u00e1jemci mohou z\u00edskat v\u00edc informac\u00ed na webov\u00fdch str\u00e1nk\u00e1ch Charity Opava www.charitaopava.cz nebo na telefonn\u00edch \u010d\u00edsel 605 037 826 a 733 517 293. Slu\u017eby soci\u00e1ln\u00ed rehabilitace st\u0159ediska Spojka jsou poskytov\u00e1ny bezplatn\u011b a vych\u00e1zej\u00ed z individu\u00e1ln\u00edch pot\u0159eb ka\u017ed\u00e9ho klienta.<\/p>\n\n\n\n<p>Tradi\u010dn\u00ed Sportovn\u00ed den<\/p>\n\n\n\n<p>Dal\u0161\u00ed akce, po\u0159\u00e1dan\u00e1 Charitou Opava a Okresn\u00edm fotbalov\u00fdm svazem Opava pro ve\u0159ejnost, je origin\u00e1ln\u00ed pohled do \u017eivota lid\u00ed a sportovc\u016f s handicapem.<\/p>\n\n\n\n<p>Inspirativn\u00ed rodinn\u00e9 dopoledne pod n\u00e1zvem Sportovn\u00ed den pro hospic, pln\u00e9 z\u00e1bavy a netradi\u010dn\u00edch sportovn\u00edch discipl\u00edn, se uskute\u010dn\u00ed v sobotu 13. z\u00e1\u0159\u00ed od 9 do 13 hodin na fotbalov\u00e9m h\u0159i\u0161ti v Opav\u011b-Kyle\u0161ovic\u00edch. Jak z n\u00e1zvu vypl\u00fdv\u00e1, bude v\u00fdt\u011b\u017eek ur\u010den\u00fd charitn\u00edmu mobiln\u00edmu hospoci Pokojn\u00fd p\u0159\u00edstav.<\/p>\n\n\n\n<p>Po\u0159adatel\u016fm se u\u017e tradi\u010dn\u011b da\u0159\u00ed propojit z\u00e1bavnou formou sv\u011bt lid\u00ed zdrav\u00fdch a handicapovan\u00fdch. P\u0159ipraveny budou op\u011bt netra\u00addi\u010dn\u00ed sportovn\u00ed discipl\u00edny jako showdown, j\u00edzda na invalidn\u00edm voz\u00edku a na dvoukole, hra \u0161upec, zvukov\u00e1 st\u0159elba, fotbalov\u00fd slalom i speci\u00e1ln\u00ed rusk\u00e9 ku\u017eelky. Ka\u017ed\u00fd, kdo tyto discipl\u00edny zvl\u00e1dne, dostane v z\u00e1v\u011bru diplom i origin\u00e1ln\u00ed medaili.<\/p>\n\n\n\n<p>Krom\u011b bohat\u00e9ho ob\u010derstven\u00ed bude p\u0159ipraven\u00fd i bohat\u00fd doprovodn\u00fd program, ve kter\u00e9m bude m\u00edt krom\u011b sk\u00e1kac\u00edho hradu sv\u00e9 m\u00edsto p\u0159edveden\u00ed auta Policie \u010cR, vystoupen\u00ed Klaun\u016f z Bal\u00f3nkova a ma\u017eoretkov\u00e9 skupiny Banimo, mas\u00edrov\u00e1n\u00ed \u0161\u00edje mas\u00e9\u00adry Mas\u00e1\u017en\u00edho centra Charity Opava a dal\u0161\u00ed atrakce.<\/p>\n\n\n\n<p>Na h\u0159i\u0161ti z\u00e1rove\u0148 prob\u011bhne 9. ro\u010dn\u00edk charitativn\u00edho fotbalov\u00e9ho turnaje MINI \u017e\u00e1k\u016f. C\u00edlem tohoto benefi\u010dn\u00edho setk\u00e1n\u00ed je z\u00edskat finance pro mobiln\u00ed hospic Pokojn\u00fd p\u0159\u00edstav, kter\u00fd je oce\u0148ovanou ter\u00e9nn\u00ed slu\u017ebou Charity Opava, ur\u010denou v\u00e1\u017en\u011b nemocn\u00fdm lidem v z\u00e1v\u011bru jejich \u017eivota. Z\u00e1\u0161titu nad celou benefi\u010dn\u00ed akc\u00ed p\u0159evzal p\u0159edseda Sdru\u017een\u00ed obc\u00ed Hlu\u010d\u00ednska Herbert Pavera a vstup je zdarma.<\/p>\n\n\n\n<p>Martin Ru\u0161\u010din<\/p>\n\n\n\n<p>Opavsk\u00fd den\u00edk<\/p>\n\n\n\n<p><a href=\"https:\/\/opavsky.denik.cz\" target=\"_blank\" rel=\"noreferrer noopener\">https:\/\/opavsky.denik.cz<\/a><\/p>\n","protected":false},"excerpt":{"rendered":"<div class=\"mh-excerpt\"><p>L\u00e9to bylo ve znamen\u00e1 odpo\u010dinku a nastupuj\u00edc\u00ed podzim p\u0159iv\u00edt\u00e1 Charita Opava n\u011bkolika \u00favodn\u00edmi akcemi. P\u016fjde o podcast, p\u0159edstaven\u00ed nov\u011b otev\u0159en\u00e9ho st\u0159ediska Spojka a sportovn\u00ed vy\u017eit\u00ed. <a class=\"mh-excerpt-more\" href=\"https:\/\/www.invarena.cz\/?p=60539\" title=\"Charita zahajuje podzimn\u00ed \u010dinnost n\u011bkolika akcemi, p\u0159ijede i David Kraus\">[&#8230;]<\/a><\/p>\n<\/div>","protected":false},"author":1,"featured_media":21014,"comment_status":"open","ping_status":"closed","sticky":false,"template":"","format":"standard","meta":{"footnotes":""},"categories":[9],"tags":[],"class_list":["post-60539","post","type-post","status-publish","format-standard","has-post-thumbnail","hentry","category-zpravy"],"_links":{"self":[{"href":"https:\/\/www.invarena.cz\/index.php?rest_route=\/wp\/v2\/posts\/60539","targetHints":{"allow":["GET"]}}],"collection":[{"href":"https:\/\/www.invarena.cz\/index.php?rest_route=\/wp\/v2\/posts"}],"about":[{"href":"https:\/\/www.invarena.cz\/index.php?rest_route=\/wp\/v2\/types\/post"}],"author":[{"embeddable":true,"href":"https:\/\/www.invarena.cz\/index.php?rest_route=\/wp\/v2\/users\/1"}],"replies":[{"embeddable":true,"href":"https:\/\/www.invarena.cz\/index.php?rest_route=%2Fwp%2Fv2%2Fcomments&post=60539"}],"version-history":[{"count":0,"href":"https:\/\/www.invarena.cz\/index.php?rest_route=\/wp\/v2\/posts\/60539\/revisions"}],"wp:featuredmedia":[{"embeddable":true,"href":"https:\/\/www.invarena.cz\/index.php?rest_route=\/wp\/v2\/media\/21014"}],"wp:attachment":[{"href":"https:\/\/www.invarena.cz\/index.php?rest_route=%2Fwp%2Fv2%2Fmedia&parent=60539"}],"wp:term":[{"taxonomy":"category","embeddable":true,"href":"https:\/\/www.invarena.cz\/index.php?rest_route=%2Fwp%2Fv2%2Fcategories&post=60539"},{"taxonomy":"post_tag","embeddable":true,"href":"https:\/\/www.invarena.cz\/index.php?rest_route=%2Fwp%2Fv2%2Ftags&post=60539"}],"curies":[{"name":"wp","href":"https:\/\/api.w.org\/{rel}","templated":true}]}}