{"id":60546,"date":"2025-09-06T06:05:16","date_gmt":"2025-09-06T04:05:16","guid":{"rendered":"https:\/\/www.invarena.cz\/?p=60546"},"modified":"2025-09-06T06:36:20","modified_gmt":"2025-09-06T04:36:20","slug":"duchody-se-budou-valorizovat","status":"publish","type":"post","link":"https:\/\/www.invarena.cz\/?p=60546","title":{"rendered":"D\u016fchody se budou valorizovat"},"content":{"rendered":"\n<p>TV Nova<\/p>\n\n\n\n<p>Pr\u016fm\u011brn\u00fd starobn\u00ed d\u016fchod se od ledna p\u0159\u00ed\u0161t\u00edho roku zv\u00fd\u0161\u00ed o necel\u00fdch 700 K\u010d a dos\u00e1hne zhruba 22 000. Stane se tak poprv\u00e9 podle nov\u00e9ho z\u00e1kona, kter\u00fd upravuje valorizaci. <\/p>\n\n\n\n<p> Podle ekonom\u016f d\u016fchody v posledn\u00ed dek\u00e1d\u011b rostly rychleji ne\u017e ceny zbo\u017e\u00ed a slu\u017eeb, co\u017e zv\u00fd\u0161ilo pr\u016fm\u011brnou \u017eivotn\u00ed \u00farove\u0148 d\u016fchodc\u016f na historick\u00e9 maximum. <\/p>\n\n\n\n<p> V\u0161echny d\u016fchody \u2013 starobn\u00ed, invalidn\u00ed i poz\u016fstalostn\u00ed \u2013 vzrostou o 240 K\u010d a nav\u00edc se jejich z\u00e1sluhov\u00e1 \u010d\u00e1st zv\u00fd\u0161\u00ed o 2,6 %. Lid\u00e9 v p\u0159ed\u010dasn\u00e9m d\u016fchodu dostanou od ledna nav\u00edc 240 K\u010d. Z\u00e1sluhov\u00e1 \u010d\u00e1st se jim ale nezv\u00fd\u0161\u00ed.<\/p>\n\n\n\n<p> <strong>Pavel Peterka, ekonom, XTB<\/strong> Ta z\u00e1kladn\u00ed slo\u017eka, ten r\u016fst, kter\u00fd dostane \u00fapln\u011b ka\u017ed\u00fd, je 240 K\u010d. A pak to nad t\u011bch 240 K\u010d pak pr\u00e1v\u011b vych\u00e1z\u00ed z t\u00e9 tzv. z\u00e1sluhov\u00e9 slo\u017eky, tedy vych\u00e1z\u00ed z toho, kolik \u010dlov\u011bk v pr\u016fb\u011bhu \u017eivota vlastn\u011b vyd\u011blal. <\/p>\n\n\n\n<p><strong>Kate\u0159ina Proch\u00e1zkov\u00e1, mluv\u010d\u00ed Ministerstva pr\u00e1ce a soci\u00e1ln\u00edch v\u011bc\u00ed<\/strong> Nap\u0159\u00edklad p\u0159ed 10 lety \u010dinil pr\u016fm\u011brn\u00fd d\u016fchod jen o n\u011bco m\u00e1lo v\u00edce ne\u017e polovinu toho, na co se mohou d\u016fchodci t\u011b\u0161it p\u0159\u00ed\u0161t\u00ed rok.<\/p>\n\n\n\n<p><strong>redaktorka<\/strong> Po lednov\u00e9 valorizaci, si lid\u00e9 s d\u016fchodem 13 tis\u00edc polep\u0161\u00ed o 464 K\u010d. U 15 tis\u00edc to bude 516 K\u010d, u 17 tis\u00edc 568 K\u010d a u 19 tis\u00edc 620 K\u010d. D\u016fchod ve v\u00fd\u0161i 23 tis\u00edc vzroste o 724 K\u010d. A u 25 tis\u00edc o 776 K\u010d.<\/p>\n\n\n\n<p> <strong>Pavel Peterka, ekonom, XTB<\/strong> Kdy\u017e se vlastn\u011b pod\u00edv\u00e1me na ta \u010d\u00edsla za posledn\u00edch 10 let, tak pr\u016fm\u011brn\u00e1 penze rostla rychleji ne\u017e ceny v ekonomice, tak\u017ee \u017eivotn\u00ed \u00farove\u0148 senior\u016f se zvy\u0161uje. <\/p>\n\n\n\n<p><strong>redaktorka<\/strong> Podle ekonom\u016f si dnes d\u016fchodci mohou dovolit za sv\u00e9 pen\u00edze daleko v\u00edce, ne\u017e tomu bylo v minulosti. <\/p>\n\n\n\n<p><strong>Petr Dufek, ekonom<\/strong> Ta kupn\u00ed s\u00edla penzist\u016f se zv\u00fd\u0161ila ve srovn\u00e1n\u00ed se za\u010d\u00e1tkem devades\u00e1t\u00fdch let, i kdy\u017e m\u00e1me tendenci srovn\u00e1vat ceny rohl\u00edku tehdy a dnes a ceny \u010dehokoliv tehdy a dnes, ale p\u0159ece jenom ten skok v penz\u00edch byl v\u00fdrazn\u00fd. <\/p>\n\n\n\n<p><strong>Pavel Peterka, ekonom, XTB<\/strong> Ta kupn\u00ed s\u00edla v pr\u016fm\u011bru je v sou\u010dasn\u00e9 dob\u011b podstatn\u011b vy\u0161\u0161\u00ed. Nejenom u senior\u016f, ale i u v sou\u010dasnosti pracuj\u00edc\u00edch. Obecn\u011b senio\u0159i se v dne\u0161n\u00ed dob\u011b maj\u00ed podstatn\u011b l\u00e9pe.<\/p>\n\n\n\n<p><strong>redaktorka<\/strong> V roce 1990 \u010dinil pr\u016fm\u011brn\u00fd d\u016fchod p\u0159ibli\u017en\u011b 1 763 K\u010d a rohl\u00edk st\u00e1l asi 30 hal\u00e9\u0159\u016f. D\u016fchodce si tak mohl koupit t\u00e9m\u011b\u0159 6000 rohl\u00edk\u016f. Dnes vyjde rohl\u00edk zhruba na 2 K\u010d, ale s pr\u016fm\u011brn\u00fdm d\u016fchodem, kter\u00fd m\u00e1 v roce 2026 dos\u00e1hnout 21 840 K\u010d, si jich bude moct po\u0159\u00eddit t\u00e9m\u011b\u0159 dvojn\u00e1sobek. Podobn\u00fd v\u00fdvoj je vid\u011bt i u m\u00e1sla. Zat\u00edmco v roce 1990 si d\u016fchodce mohl koupit necel\u00fdch 90 kostek, dnes to vych\u00e1z\u00ed na t\u00e9m\u011b\u0159 \u010dty\u0159n\u00e1sobek.<\/p>\n\n\n\n<p> <strong>Pavel Peterka, ekonom, XTB<\/strong> Naopak t\u0159eba v devades\u00e1t\u00fdch letech bylo o n\u011bco levn\u011bj\u0161\u00ed bydlen\u00ed. <\/p>\n\n\n\n<p><strong>Ad\u00e9la Snopov\u00e1, redaktorka<\/strong> A stejn\u011b tak vysko\u010dily i dal\u0161\u00ed n\u00e1klady, jako elekt\u0159ina. A p\u0159ibyly i n\u011bkter\u00e9 nov\u00e9 v\u00fddaje. Na za\u010d\u00e1tku devades\u00e1t\u00fdch let nap\u0159\u00edklad nikdo neplatil za internet. O nav\u00fd\u0161en\u00ed d\u016fchod\u016f je\u0161t\u011b mus\u00ed rozhodnout vl\u00e1da. Podle ministerstva pr\u00e1ce a soci\u00e1ln\u00edch v\u011bc\u00ed by to m\u011bla ud\u011blat v n\u00e1sleduj\u00edc\u00edch t\u00fddnech.  <\/p>\n\n\n\n<p><strong>Lucie Borhyov\u00e1, moder\u00e1torka<\/strong> A \u0161t\u00e1b televize Nova vyrazil do dom\u00e1cnost\u00ed senior\u016f, aby zjistil, jak se jim \u017eije a co v\u0161echno si mohou ze sv\u00e9ho d\u016fchodu dovolit. N\u011bkte\u0159\u00ed sp\u00ed\u0161e pen\u00edze \u0161et\u0159\u00ed, jin\u00ed se je sna\u017e\u00ed vyu\u017e\u00edt naplno. <\/p>\n\n\n\n<p><strong>Alexandra Zv\u00e1rov\u00e1, redaktorka<\/strong> Irena je osm let vdova a bydl\u00ed sama ve vlastn\u00edm byt\u011b. Krom\u011b starobn\u00edho d\u016fchodu pob\u00edr\u00e1 i vdovsk\u00fd a aby vyplnila \u010das, chod\u00ed denn\u011b na p\u00e1r hodin vypom\u00e1hat na po\u0161tu. Plat\u00ed si energie i poplatky do fondu oprav, ale v\u00fddaje j\u00ed p\u0159ijdou p\u0159im\u011b\u0159en\u00e9. V obchod\u011b se omezovat nemus\u00ed.<\/p>\n\n\n\n<p><strong>Irena \u010cer\u0148ansk\u00e1, d\u016fchodkyn\u011b<\/strong> No, nekouk\u00e1m asi na ty ceny. Chod\u00edm nakupovat na velkej n\u00e1kup tak jednou za m\u011bs\u00edc a jinak prost\u011b b\u011bhem t\u00fddne dokoup\u00edm, co pot\u0159ebuju. <\/p>\n\n\n\n<p><strong>Alexandra Zv\u00e1rov\u00e1, redaktorka<\/strong> Do restaurac\u00ed nebo kav\u00e1ren ale nechod\u00ed.<\/p>\n\n\n\n<p> <strong>Irena \u010cer\u0148ansk\u00e1, d\u016fchodkyn\u011b<\/strong> J\u00e1 si d\u00e1m k\u00e1vu a dort\u00edk na balkon\u011b, v klidu sama. Nat\u00e1hnu si nohy a odpo\u010d\u00edv\u00e1m u toho. <\/p>\n\n\n\n<p><strong>Alexandra Zv\u00e1rov\u00e1, redaktorka<\/strong> M\u011bs\u00ed\u010dn\u011b si dokonce zvl\u00e1dne n\u011bco odlo\u017eit. <\/p>\n\n\n\n<p><strong>Irena \u010cer\u0148ansk\u00e1, d\u016fchodkyn\u011b<\/strong> Kdy\u017e moc neutr\u00e1c\u00edm, kdy\u017e nechod\u00edm n\u011bkde po z\u00e1bav\u011b a koup\u00edm si ve m\u011bst\u011b jenom zmrzlinu, tak jsem v srpnu u\u0161et\u0159ila 2000, tak si je schov\u00e1m. Budou se mi hodit na V\u00e1noce.<\/p>\n\n\n\n<p> <strong>Alexandra Zv\u00e1rov\u00e1, redaktorka<\/strong> Nen\u00ed to ale samoz\u0159ejmost\u00ed. N\u011bkte\u0159\u00ed senio\u0159i jsou st\u00e1le ohro\u017eeni chudobou. V roce 2023 \u017eilo pod hranic\u00ed chudoby 33 % osamot\u011b \u017eij\u00edc\u00edch senior\u016f nad 65 let. Zat\u00edmco v p\u0159\u00edpad\u011b man\u017eel\u016f nebo partner\u016f to bylo jen kolem 5 %. T\u0159eba Pavel Fleiberg mus\u00ed i po odchodu do penze chodit do pr\u00e1ce. Spravuje auta nebo elektroniku, proto\u017ee se sv\u00fdm d\u016fchodem nevy\u017eije.<\/p>\n\n\n\n<p><strong>Pavel Flajberk, d\u016fchodce<\/strong> Prakticky. Mus\u00edm pracovat ka\u017ed\u00fd den od r\u00e1na do ve\u010dera. Neum\u00edm si p\u0159edstavit, jak bych vy\u017eil z 13 000 ve m\u011bst\u011b. <\/p>\n\n\n\n<p><strong>Alexandra Zv\u00e1rov\u00e1, redaktorka<\/strong> Jinak to maj\u00ed man\u017eel\u00e9 H\u00e1jkovi. Spolu jsou u\u017e 50 let a \u017eij\u00ed tak\u00e9 ve vlastn\u00edm byt\u011b. Energie a poplatky jim sice zdra\u017eili, na finance si ale nest\u011b\u017euj\u00ed. P\u0159ipisuj\u00ed to celo\u017eivotn\u00ed pr\u00e1ci i tomu, \u017ee si na st\u00e1\u0159\u00ed spo\u0159ili. <\/p>\n\n\n\n<p><strong>Marie H\u00e1jkov\u00e1, d\u016fchodkyn\u011b<\/strong> J\u00e1 si mysl\u00edm, \u017ee my m\u00e1me penzi slu\u0161nou. Nest\u011b\u017euju si. A ty \u0159ekni s\u00e1m. <\/p>\n\n\n\n<p><strong>Jan H\u00e1jek, d\u016fchodce<\/strong> No, jednoduch\u00fd a prost\u00fd. Ono nic nen\u00ed zadarmo. <\/p>\n\n\n\n<p><strong>Alexandra Zv\u00e1rov\u00e1, redaktorka<\/strong> \u0160et\u0159\u00ed t\u0159eba t\u00edm, \u017ee si va\u0159\u00ed doma a potraviny nakupuj\u00ed v akc\u00edch. <\/p>\n\n\n\n<p><strong>Jan H\u00e1jek, d\u016fchodce<\/strong> Samoz\u0159ejm\u011b, \u017ee se d\u00edv\u00e1m na v\u00fdhody, \u017ee nab\u00eddky atd. Najdu si to na netu, v mobilu a kupuju to, co pot\u0159ebujeme. <\/p>\n\n\n\n<p><strong>Alexandra Zv\u00e1rov\u00e1, redaktorka<\/strong> Zbyl\u00e9 pen\u00edze si ale dok\u00e1\u017e\u00ed u\u017e\u00edt.<\/p>\n\n\n\n<p>\u010cT 1<\/p>\n\n\n\n<p>Pr\u016fm\u011brn\u00fd d\u016fchod se od ledna zv\u00fd\u0161\u00ed o 668 K\u010d m\u011bs\u00ed\u010dn\u011b. Na za\u010d\u00e1tku p\u0159\u00ed\u0161t\u00edho roku tak vzroste na 21 840 K\u010d.  Ozn\u00e1mil to ministr pr\u00e1ce a soci\u00e1ln\u00edch v\u011bc\u00ed. Vl\u00e1da penze pravideln\u011b zved\u00e1 o inflaci, kter\u00e1 vych\u00e1z\u00ed ze speci\u00e1ln\u00edho spot\u0159ebn\u00edho ko\u0161e pro seniory, a o t\u0159etinu r\u016fstu re\u00e1ln\u00fdch mezd. <\/p>\n\n\n\n<p>Do lednov\u00e9 valorizace ale prom\u00edtne st\u00e1t jen infla\u010dn\u00ed \u010d\u00e1st. Re\u00e1ln\u00e9 mzdy toti\u017e je\u0161t\u011b nedos\u00e1hly \u00farovn\u011b p\u0159ed rokem 2022.<\/p>\n\n\n\n<p> <strong>Marian Jure\u010dka, vicepremi\u00e9r, ministr pr\u00e1ce a soci\u00e1ln\u00edch v\u011bc\u00ed \/KDU-\u010cSL\/<\/strong> Kdy\u017e to shrneme z pohledu v\u00fdvoje posledn\u00edch 10 let, tak vzrostou d\u016fchody o v\u00edce ne\u017e 18 % nad r\u016fst cen. Um\u00edme t\u011bmi valorizacemi, jak jsou nastaven\u00e9, dr\u017eet a chr\u00e1nit tu kupn\u00ed s\u00edlu na\u0161ich starobn\u00edch d\u016fchodc\u016f.<\/p>\n\n\n\n<p> <strong>Ale\u0161 Juchelka, m\u00edstop\u0159edseda sn\u011bmovny \/ANO\/<\/strong> Za n\u00e1s rozhodn\u011b je d\u016fle\u017eit\u00e1 zm\u011bna u \u0159\u00e1dn\u00fdch valorizac\u00ed, zp\u00e1tky vr\u00e1tit vzore\u010dek z 1\/3 na 1\/2 re\u00e1ln\u00fdch mezd a o inflaci valorizovat d\u016fchody. <\/p>\n\n\n\n<p><strong>moder\u00e1tor \u010cT<\/strong> St\u00e1t nezv\u00fd\u0161\u00ed v\u0161echny penze stejn\u011b. Bude platit jednoduch\u00e1 rovnice. \u010c\u00edm vy\u0161\u0161\u00ed d\u016fchod, t\u00edm vy\u0161\u0161\u00ed p\u0159id\u00e1n\u00ed. Patn\u00e1ctitis\u00edcov\u00fd vzroste o 516 K\u010d m\u011bs\u00ed\u010dn\u011b, p\u011btadvacetitis\u00edcov\u00fd o 776. Na\u0159\u00edzen\u00ed mus\u00ed je\u0161t\u011b schv\u00e1lit vl\u00e1da.<\/p>\n\n\n\n<p><strong>redaktor \u010cT<\/strong> Ve sv\u00fdch 96 letech je st\u00e1le aktivn\u00ed. Jej\u00ed knihovna se st\u00e1le pln\u00ed. \u010cten\u00ed m\u00e1 r\u00e1da, stejn\u011b jako sledov\u00e1n\u00ed fotbalu. P\u00e9\u010di u\u017e ale p\u0159esto pot\u0159ebuje. <\/p>\n\n\n\n<p><strong>Milada Brand\u00fdsov\u00e1, penzistka<\/strong> Ob\u011bdy, \u00faklid. Je\u0161t\u011b si kafe uva\u0159\u00edm, ale jinak nic u\u017e ned\u011bl\u00e1m. <\/p>\n\n\n\n<p><strong>Krist\u00fdna Jel\u00ednkov\u00e1, redaktorka \u010cT<\/strong> Bydl\u00ed v pe\u010dovatelsk\u00e9m dom\u011b. Pr\u00e1v\u011b za n\u00e1jem a slu\u017eby zaplat\u00ed ze sv\u00e9 penze nejv\u00edc. M\u011bs\u00ed\u010dn\u011b i d\u00edky vdovsk\u00e9mu d\u016fchodu pob\u00edr\u00e1 23 000.<\/p>\n\n\n\n<p> <strong>Milada Brand\u00fdsov\u00e1, penzistka<\/strong> \u017de bych si mohla vyskakovat, to ne, ale p\u0159e\u017eiju, v\u017edy\u0165 co starej \u010dlov\u011bk pot\u0159ebuje? <\/p>\n\n\n\n<p><strong>Petr Va\u0161ek, redaktor \u010cT<\/strong> V p\u0159\u00ed\u0161t\u00edm roce j\u00ed vzroste d\u016fchod o v\u00edc ne\u017e sedm stovek. Lid\u00e9 s podpr\u016fm\u011brnou penz\u00ed ale dostanou m\u00e9n\u011b. D\u016fvodem je fakt, \u017ee v\u011bt\u0161\u00ed \u010d\u00e1st d\u016fchodu st\u00e1t zv\u00fd\u0161\u00ed procentu\u00e1ln\u011b, tu men\u0161\u00ed pak o pevnou \u010d\u00e1stku.<\/p>\n\n\n\n<p> <strong>Marian Jure\u010dka, vicepremi\u00e9r, ministr pr\u00e1ce a soci\u00e1ln\u00edch v\u011bc\u00ed \/KDU-\u010cSL\/<\/strong> Ta z\u00e1kladn\u00ed v\u00fdm\u011bra t\u011bch d\u016fchod\u016f vzroste o 240 K\u010d a d\u00e1le o 2,6 % bude nav\u00fd\u0161en\u00ed procentn\u00ed v\u00fdm\u011bry d\u016fchod\u016f.<\/p>\n\n\n\n<p><strong>redaktorka \u010cT<\/strong> T\u0159eba d\u016fchodkyn\u011b s penz\u00ed 17 000 tak dostane od ledna nav\u00edc m\u011bs\u00ed\u010dn\u011b 568 K\u010d. Seniorovi s d\u016fchodem 19 000 st\u00e1t p\u0159id\u00e1 620 K\u010d a t\u0159eba d\u016fchodce pob\u00edraj\u00edc\u00ed penzi 29 000 si polep\u0161\u00ed m\u011bs\u00ed\u010dn\u011b o 880 K\u010d. <\/p>\n\n\n\n<p><strong>Petr Va\u0161ek, redaktor \u010cT<\/strong> Podle vl\u00e1dn\u00ed koalice je to spravedliv\u00e9, proto\u017ee pravideln\u00e9 zvy\u0161ov\u00e1n\u00ed d\u016fchod\u016f zohled\u0148uje i v\u00fd\u0161i odvod\u016f, kter\u00e9 lid\u00e9 v aktivn\u00edm pracovn\u00edm v\u011bku st\u00e1tu platili. <\/p>\n\n\n\n<p><strong>Pavla Pivo\u0148ka Va\u0148kov\u00e1, m\u00edstop\u0159edsedkyn\u011b sn\u011bmovn\u00edho v\u00fdboru v\u00fdboru pro soci\u00e1ln\u00ed politiku \/STAN\/<\/strong> Je to vlastn\u011b pl\u00e1nov\u00e1no. Jsem r\u00e1da, \u017ee jsou senio\u0159i odm\u011b\u0148ov\u00e1ni za to, \u017ee cel\u00fd sv\u016fj produktivn\u00ed \u017eivot pracovali a odv\u00e1d\u011bli st\u00e1tu.<\/p>\n\n\n\n<p> <strong>Olga Richterov\u00e1, m\u00edstop\u0159edsedkyn\u011b sn\u011bmovny \/Pir\u00e1ti\/<\/strong> D\u016fchody se maj\u00ed valorizovat o inflaci, a to se d\u011bje, tak\u017ee prost\u011b ta re\u00e1ln\u00e1 hodnota d\u016fchod\u016f je stabiln\u00ed. Lid\u00e9 v\u011bd\u00ed, s \u010d\u00edm mohou po\u010d\u00edtat. <\/p>\n\n\n\n<p><strong>Krist\u00fdna Jel\u00ednkov\u00e1, redaktorka \u010cT<\/strong> Ministr pr\u00e1ce a soci\u00e1ln\u00edch v\u011bc\u00ed Marian Jure\u010dka r\u016fst pr\u016fm\u011brn\u00e9ho starobn\u00edho d\u016fchodu pova\u017euje za dostate\u010dn\u00fd. Dal\u0161\u00ed zv\u00fd\u0161en\u00ed penz\u00ed nad r\u00e1mec valorizace resort nepl\u00e1nuje.<\/p>\n","protected":false},"excerpt":{"rendered":"<div class=\"mh-excerpt\"><p>TV Nova Pr\u016fm\u011brn\u00fd starobn\u00ed d\u016fchod se od ledna p\u0159\u00ed\u0161t\u00edho roku zv\u00fd\u0161\u00ed o necel\u00fdch 700 K\u010d a dos\u00e1hne zhruba 22 000. Stane se tak poprv\u00e9 podle <a class=\"mh-excerpt-more\" href=\"https:\/\/www.invarena.cz\/?p=60546\" title=\"D\u016fchody se budou valorizovat\">[&#8230;]<\/a><\/p>\n<\/div>","protected":false},"author":1,"featured_media":19375,"comment_status":"open","ping_status":"closed","sticky":false,"template":"","format":"standard","meta":{"footnotes":""},"categories":[1],"tags":[],"class_list":["post-60546","post","type-post","status-publish","format-standard","has-post-thumbnail","hentry","category-nezarazene"],"_links":{"self":[{"href":"https:\/\/www.invarena.cz\/index.php?rest_route=\/wp\/v2\/posts\/60546","targetHints":{"allow":["GET"]}}],"collection":[{"href":"https:\/\/www.invarena.cz\/index.php?rest_route=\/wp\/v2\/posts"}],"about":[{"href":"https:\/\/www.invarena.cz\/index.php?rest_route=\/wp\/v2\/types\/post"}],"author":[{"embeddable":true,"href":"https:\/\/www.invarena.cz\/index.php?rest_route=\/wp\/v2\/users\/1"}],"replies":[{"embeddable":true,"href":"https:\/\/www.invarena.cz\/index.php?rest_route=%2Fwp%2Fv2%2Fcomments&post=60546"}],"version-history":[{"count":0,"href":"https:\/\/www.invarena.cz\/index.php?rest_route=\/wp\/v2\/posts\/60546\/revisions"}],"wp:featuredmedia":[{"embeddable":true,"href":"https:\/\/www.invarena.cz\/index.php?rest_route=\/wp\/v2\/media\/19375"}],"wp:attachment":[{"href":"https:\/\/www.invarena.cz\/index.php?rest_route=%2Fwp%2Fv2%2Fmedia&parent=60546"}],"wp:term":[{"taxonomy":"category","embeddable":true,"href":"https:\/\/www.invarena.cz\/index.php?rest_route=%2Fwp%2Fv2%2Fcategories&post=60546"},{"taxonomy":"post_tag","embeddable":true,"href":"https:\/\/www.invarena.cz\/index.php?rest_route=%2Fwp%2Fv2%2Ftags&post=60546"}],"curies":[{"name":"wp","href":"https:\/\/api.w.org\/{rel}","templated":true}]}}