{"id":60606,"date":"2025-09-08T22:28:38","date_gmt":"2025-09-08T20:28:38","guid":{"rendered":"https:\/\/www.invarena.cz\/?p=60606"},"modified":"2025-09-09T23:00:31","modified_gmt":"2025-09-09T21:00:31","slug":"60606","status":"publish","type":"post","link":"https:\/\/www.invarena.cz\/?p=60606","title":{"rendered":"Sportovn\u00ed hry senior\u016f"},"content":{"rendered":"\n<p>\u010cesk\u00fd rozhlas Ostrava <\/p>\n\n\n\n<p>a te\u010f se na chv\u00edli vyd\u00e1me do B\u00edlovce, tam se toti\u017e chystaj\u00ed na seniorsk\u00e9 sportovn\u00ed hry, chystaj\u00ed se tam tedy i sportovn\u00ed t\u00fdmy, aby pom\u011b\u0159ili s\u00edly ve v\u00edceboji. \u0160est\u00fd ro\u010dn\u00edk se kon\u00e1 u\u017e z\u00edtra. A podrobnosti k akci \u0159ekne organiz\u00e1torka Anna \u0158\u00edmanov\u00e1, p\u0159edsedkyn\u011b Svazu t\u011blesn\u011b posti\u017een\u00fdch m\u00edstn\u00ed organizace B\u00edlovec, pan\u00ed \u0158\u00edmanovou u\u017e po telefonu zdrav\u00edm, p\u0159eji hezk\u00e9 odpoledne. <\/p>\n\n\n\n<p> Pan\u00ed \u0158\u00edmanov\u00e1, kolik senior\u016f a z kolika obc\u00ed na\u0161eho kraje pr\u00e1v\u011b k v\u00e1m do B\u00edlovce p\u0159ijede? A je ta \u00fa\u010dast t\u0159eba podobn\u00e1 jako v t\u011bch minul\u00fdch letech.<\/p>\n\n\n\n<p> <strong>mluv\u010d\u00ed 13,<\/strong> No, tak v leto\u0161n\u00edm roce nav\u0161t\u00edv\u00ed na\u0161e m\u011bsto 216 startuj\u00edc\u00edch z 21 obc\u00ed a m\u011bst Moravskoslezsk\u00e9ho kraje. P\u0159ed \u0161esti lety, kdy\u017e jsem byla osloven\u00e1 nebo l\u00e9pe \u0159e\u010deno p\u0159ed sedmi lety, kdy\u017e jsme za\u010d\u00ednali, jsme za\u010d\u00ednali pouze s 68 \u010dleny, ale rok od roku je o prost\u011b sout\u011b\u017e z\u00e1jem a rok od roku se to zvy\u0161uje, tak v leto\u0161n\u00edm roce jsme se teda dop\u00eddili a\u017e k t\u011bm 216 startuj\u00edc\u00edm.<\/p>\n\n\n\n<p><strong>mluv\u010d\u00ed 9,<\/strong> Je to opravdu vysok\u00e9 \u010d\u00edslo, v jak\u00fdch discipl\u00edn\u00e1ch se bude sout\u011b\u017eit a co t\u0159eba pat\u0159\u00ed k t\u011bm nejn\u00e1ro\u010dn\u011bj\u0161\u00edm? <\/p>\n\n\n\n<p><strong>mluv\u010d\u00ed 13,<\/strong> Pod\u00edvejte se, my vyb\u00edr\u00e1me, m\u00e1me v\u011bk a nejsou tam \u017e\u00e1dn\u00e9 b\u011b\u017eeck\u00e9. M\u00e1me tam ko\u0161\u00edkovou \u0161ipky, forbal, cronhole, m\u00ed\u010dek, bollobal, krou\u017eky lukost\u0159elbu. No, a nejn\u00e1ro\u010dn\u011bj\u0161\u00ed po lo\u0148sk\u00e9m roce je pro sout\u011b\u017e\u00edc\u00ed lukost\u0159elba. <\/p>\n\n\n\n<p><strong>mluv\u010d\u00ed 9,<\/strong> Tak chyb\u011bt tedy nebude z\u0159ejm\u011b ani letos a sout\u011b\u017e\u00edc\u00ed mohou z\u00edskat hned dva poh\u00e1ry starosty m\u011bsta, tak pro\u010d dva poh\u00e1ry? M\u016f\u017eete to pros\u00edm vysv\u011btlit? <\/p>\n\n\n\n<p><strong>mluv\u010d\u00ed 13,<\/strong> Vysv\u011btl\u00edm to, proto\u017ee my jsme organizace t\u011blesn\u011b posti\u017een\u00fdch, kter\u00e1 sdru\u017euje \u010dleny s civiliza\u010dn\u00edmi chorobami, jako je Parkins, onkologov\u00e9 po mozkov\u00e9 mrtvici atd. a i pro tyto, nejen pro seniory, ale i pro tyto lidi se sna\u017e\u00edme zapojit do t\u011blov\u00fdchovy, aby se h\u00fdbali tro\u0161ku, proto m\u00e1me dva poh\u00e1ry a m\u00e1me dv\u011b kategorie. Senio\u0159i 60 a 69 let, pak jsou senio\u0159i 70 a v\u00edce a skupina tzv t\u011blesn\u011b posti\u017een\u00fdch, kte\u0159\u00ed maj\u00ed pr\u016fkazy ztp\u010dka. <\/p>\n\n\n\n<p><strong>mluv\u010d\u00ed 9,<\/strong> Jak to bude s t\u00edm za\u010d\u00e1tkem, s t\u00edm ofici\u00e1ln\u00edm, kdy ten v\u00edce sportovn\u00ed v\u00edceboj za\u010d\u00edn\u00e1 a kde p\u0159esn\u011b se kon\u00e1.<\/p>\n\n\n\n<p><strong>mluv\u010d\u00ed 13,<\/strong> Tak v\u00edceboj za\u010d\u00edn\u00e1 z\u00edtra, to je 9. z\u00e1\u0159\u00ed a zah\u00e1jen\u00ed v 10 hodin. M\u00e1me i dobrou spolupr\u00e1ci se z\u00e1kladn\u00ed \u0161kolou na Komensk\u00e9ho ulici, kter\u00e1 n\u00e1m poskytuje jak venkovn\u00ed sportovi\u0161t\u011b a v p\u0159\u00edpad\u011b de\u0161t\u011b halu a t\u011blocvi\u010dnu \u0161koly, tyto sout\u011b\u017ee nebo tento z\u00e1vod bysme nemohli d\u011blat, kdybychom nem\u011bli velkou podporu Moravskoslezsk\u00e9ho kraje, m\u011bsta B\u00edlovce a sponzor\u016f na \u00fazem\u00ed m\u011bsta.<\/p>\n\n\n\n<p> <strong>mluv\u010d\u00ed 9,<\/strong> Tak p\u0159eji, a\u0165 se ten \u0161est\u00fd ro\u010dn\u00edk opravdu vyda\u0159\u00ed. D\u00edky moc za v\u0161echny informace. V dobr\u00e9m odpoledni \u010cesk\u00e9ho rozhlasu Ostrava jsem si pov\u00eddala s organiz\u00e1torkou, s Annou \u0158\u00edmanovou, p\u0159edsedkyni Svazu t\u011blesn\u011b posti\u017een\u00fdch, m\u00edstn\u00ed organizace B\u00edlovec. D\u011bkuji a lou\u010d\u00edm se, d\u011bkuji za v\u00e1\u0161 \u010das, na sly\u0161enou. <\/p>\n","protected":false},"excerpt":{"rendered":"<div class=\"mh-excerpt\"><p>\u010cesk\u00fd rozhlas Ostrava a te\u010f se na chv\u00edli vyd\u00e1me do B\u00edlovce, tam se toti\u017e chystaj\u00ed na seniorsk\u00e9 sportovn\u00ed hry, chystaj\u00ed se tam tedy i sportovn\u00ed <a class=\"mh-excerpt-more\" href=\"https:\/\/www.invarena.cz\/?p=60606\" title=\"Sportovn\u00ed hry senior\u016f\">[&#8230;]<\/a><\/p>\n<\/div>","protected":false},"author":1,"featured_media":5659,"comment_status":"open","ping_status":"closed","sticky":false,"template":"","format":"standard","meta":{"footnotes":""},"categories":[7],"tags":[],"class_list":["post-60606","post","type-post","status-publish","format-standard","has-post-thumbnail","hentry","category-spolecnost"],"_links":{"self":[{"href":"https:\/\/www.invarena.cz\/index.php?rest_route=\/wp\/v2\/posts\/60606","targetHints":{"allow":["GET"]}}],"collection":[{"href":"https:\/\/www.invarena.cz\/index.php?rest_route=\/wp\/v2\/posts"}],"about":[{"href":"https:\/\/www.invarena.cz\/index.php?rest_route=\/wp\/v2\/types\/post"}],"author":[{"embeddable":true,"href":"https:\/\/www.invarena.cz\/index.php?rest_route=\/wp\/v2\/users\/1"}],"replies":[{"embeddable":true,"href":"https:\/\/www.invarena.cz\/index.php?rest_route=%2Fwp%2Fv2%2Fcomments&post=60606"}],"version-history":[{"count":0,"href":"https:\/\/www.invarena.cz\/index.php?rest_route=\/wp\/v2\/posts\/60606\/revisions"}],"wp:featuredmedia":[{"embeddable":true,"href":"https:\/\/www.invarena.cz\/index.php?rest_route=\/wp\/v2\/media\/5659"}],"wp:attachment":[{"href":"https:\/\/www.invarena.cz\/index.php?rest_route=%2Fwp%2Fv2%2Fmedia&parent=60606"}],"wp:term":[{"taxonomy":"category","embeddable":true,"href":"https:\/\/www.invarena.cz\/index.php?rest_route=%2Fwp%2Fv2%2Fcategories&post=60606"},{"taxonomy":"post_tag","embeddable":true,"href":"https:\/\/www.invarena.cz\/index.php?rest_route=%2Fwp%2Fv2%2Ftags&post=60606"}],"curies":[{"name":"wp","href":"https:\/\/api.w.org\/{rel}","templated":true}]}}