{"id":60608,"date":"2025-09-09T22:59:17","date_gmt":"2025-09-09T20:59:17","guid":{"rendered":"https:\/\/www.invarena.cz\/?p=60608"},"modified":"2025-09-09T22:59:28","modified_gmt":"2025-09-09T20:59:28","slug":"fenomen-doby-vek-agrese","status":"publish","type":"post","link":"https:\/\/www.invarena.cz\/?p=60608","title":{"rendered":"Fenom\u00e9n doby \u2013 V\u011bk agrese"},"content":{"rendered":"\n<p>\u010cT 1<\/p>\n\n\n\n<p><strong>Lenka Brad\u00e1\u010dov\u00e1, nejvy\u0161\u0161\u00ed st\u00e1tn\u00ed z\u00e1stupkyn\u011b<\/strong> V roce 2024 vzrostla kriminalita d\u011bt\u00ed cirka o 8 %.<\/p>\n\n\n\n<p> <strong>Galina Jerol\u00edmkov\u00e1, \u0159editelka Pedagogicko-psychologick\u00e9 poradny v Praze, psycholo\u017eka<\/strong> Co je pro m\u011b je\u0161t\u011b daleko v\u00edc alarmuj\u00edc\u00ed, je sni\u017eov\u00e1n\u00ed v\u011bkov\u00e9 hranice u t\u011bch d\u011bt\u00ed. To, co jsme byli kdysi d\u00e1vno zvykl\u00ed t\u0159eba u t\u011bch patn\u00e1ctilet\u00fdch d\u011bt\u00ed, tak dneska prov\u00e1d\u011bj\u00ed klidn\u011b desetilet\u00e9 d\u011bti. <\/p>\n\n\n\n<p><strong>Lenka Brad\u00e1\u010dov\u00e1, nejvy\u0161\u0161\u00ed st\u00e1tn\u00ed z\u00e1stupkyn\u011b<\/strong> Narostl po\u010det kvalifikovan\u00fdch loupe\u017e\u00ed, ubl\u00ed\u017een\u00ed na zdrav\u00ed s t\u011b\u017ek\u00fdm n\u00e1sledkem, zn\u00e1siln\u011bn\u00ed, pohlavn\u00edho zneu\u017e\u00edv\u00e1n\u00ed, ale tak\u00e9 vra\u017ed. <strong>anketa<\/strong> J\u00e1 jsem up\u0159\u00edmn\u011b m\u011bla ve t\u0159\u00edd\u011b, \u0159ekla bych, agresivn\u00ed, prost\u011b nebyli to moc p\u0159\u00edjemn\u00ed lidi a b\u00e1la jsem se ob\u010das.<\/p>\n\n\n\n<p> <strong>Ji\u0159\u00ed Pila\u0159, p\u0159edseda Asociace speci\u00e1ln\u00edch pedagog\u016f<\/strong>Tat\u00ednek tedy p\u0159i\u0161el, byl jako celkem ud\u011blanej, p\u0159i\u0161el s monoklem a oteklou tv\u00e1\u0159\u00ed a j\u00e1 jsem mu \u0159\u00edkal: \u201eCo se v\u00e1m stalo? Vy jste upadl?\u201c \u0158\u00edkal: \u201eNe, m\u011b zml\u00e1til m\u016fj dev\u00edtilet\u00fd syn.\u201c<\/p>\n\n\n\n<p> <strong>Galina Jerol\u00edmkov\u00e1, \u0159editelka Pedagogicko-psychologick\u00e9 poradny v Praze, psycholo\u017eka<\/strong> Kolegyn\u011b i \u0159e\u0161\u00ed p\u0159\u00edpad, kdy \u017e\u00e1k z\u00e1kladn\u00ed \u0161koly m\u00e1 a\u017e nacistick\u00e9 n\u011bjak\u00e9 sklony, maluje h\u00e1kov\u00e9 k\u0159\u00ed\u017ee, vyhro\u017euje spolu\u017e\u00e1k\u016fm n\u011bjak\u00fdmi jako extremistick\u00fdmi&#8230; a\u017e rasovou nesn\u00e1\u0161enlivost\u00ed.<\/p>\n\n\n\n<p> <strong>Andrej Drbohlav, etoped, psychoterapeut<\/strong> Je\u0161t\u011b takov\u00e9 2\u20133 dek\u00e1dy zp\u00e1tky se velmi \u010dasto vn\u00edmalo agresivn\u00ed chov\u00e1n\u00ed a poruchy chov\u00e1n\u00ed jako v\u00fdsledek n\u011bjak\u00e9 soci\u00e1ln\u00ed nedostate\u010dnosti, nevzd\u011blanosti t\u0159eba t\u00e9 \u010d\u00e1sti populace, tak tomu dneska u\u017e rozhodn\u011b nen\u00ed. Porucha chov\u00e1n\u00ed a obt\u00ed\u017en\u00e1 seberegulace je p\u0159\u00edzna\u010dn\u00e1 naprosto pro v\u0161echny socioekonomick\u00e9 vrstvy, a ba dokonce bych se neb\u00e1l \u0159\u00edci, \u017ee v t\u00e9 terapeutick\u00e9 praxi se dnes potk\u00e1v\u00e1me s rodinami, kter\u00e9 maj\u00ed velmi vysokou bonitu. <\/p>\n\n\n\n<p><strong>Michal Hlavat\u00fd, u\u010ditel na z\u00e1kladn\u00ed \u0161kole, metodik prevence<\/strong> Za svoji pedagogickou \u010dinnost jsem za\u017eil situaci, kdybych se b\u00e1l, \u017ee jsem fyzicky ohro\u017een, jednou, a to s velmi problematick\u00fdm \u017e\u00e1kem. Ale ten u\u017e \u0161kolu ani nenav\u0161t\u011bvuje. M\u00e1me n\u011bkolik \u017e\u00e1k\u016f, kte\u0159\u00ed proti n\u00e1m jako proti dosp\u011bl\u00fdm si nic nedovol\u00ed, agresivn\u011b jako fyzicky, ale je tam stra\u0161n\u011b vid\u011bt to pnut\u00ed, ta snaha zvl\u00e1dnout tu tendenci, kdy\u017e to pojmenuju p\u0159\u00edmo, cht\u00edt mi jednu ubalit.<\/p>\n\n\n\n<p> <strong>redaktor<\/strong> MichalHlavat\u00fd je t\u0159\u00eddn\u00ed u\u010ditel a metodik prevence na z\u00e1kladn\u00ed \u0161kole. Kv\u016fli chov\u00e1n\u00ed \u017e\u00e1k\u016f u\u017e dokonce uva\u017eoval o zm\u011bn\u011b profese. <\/p>\n\n\n\n<p><strong>Michal Hlavat\u00fd, u\u010ditel na z\u00e1kladn\u00ed \u0161kole, metodik prevence<\/strong> M\u011bl jsem chu\u0165 se t\u0159eba v polovin\u011b hodiny sbalit a odej\u00edt, proto\u017ee kdy\u017e se \u010dlov\u011bk jako opravdu sna\u017e\u00ed a pak jako vid\u00ed, \u017ee to nic ned\u011bl\u00e1 a nic se jako nem\u011bn\u00ed, tak pro\u010d bych tam jako m\u011bl bejt? <strong>anketa<\/strong> Za\u017eil jsem, \u017ee si kamar\u00e1di domluvili a p\u016fjdou se prost\u011b tak pob\u00edt, ale tak jako nejdou ur\u010dit\u011b, \u017ee se vypnout, si zaz\u00e1pasit. <\/p>\n\n\n\n<p><strong>Michal Hlavat\u00fd, u\u010ditel na z\u00e1kladn\u00ed \u0161kole, metodik prevence<\/strong> V jedn\u00e9 t\u00e9 t\u0159\u00edd\u011b si d\u011bti rozlo\u017eily \u017e\u00edn\u011bnky a pak si domluvily, kdo s k\u00fdm se vylo\u017een\u011b bude pr\u00e1t na t\u00e9 \u017e\u00edn\u011bnce, ale opravdu jako drsn\u00fdm zp\u016fsobem. Pro n\u011b to byla hra, ale bylo to vylo\u017een\u011b opravdu amat\u00e9rsk\u00e9 MMA z\u00e1pasy t\u00edm, \u017ee tam byly p\u00e1ky, bylo tam p\u0159i\u0161krcov\u00e1n\u00ed. <strong>anketa<\/strong> O tom MMA jsem sly\u0161ela, \u017ee n\u011bkdo jako organizuje jako kdyby z\u00e1pasy. B\u00fdv\u00e1 to ale podle pravidel, jak to m\u00e1 b\u00fdt, jako norm\u00e1ln\u011b. <\/p>\n\n\n\n<p><strong>Galina Jerol\u00edmkov\u00e1, \u0159editelka Pedagogicko-psychologick\u00e9 poradny v Praze, psycholo\u017eka<\/strong> Ty d\u011bti p\u0159est\u00e1vaj\u00ed dodr\u017eovat n\u011bjak\u00e9 normy a diskutuj\u00ed s n\u00e1ma o tom, jestli je tohle norm\u00e1ln\u00ed, jestli tohle nen\u00ed norm\u00e1ln\u00ed, p\u0159itom by m\u011bly dodr\u017eovat t\u0159eba \u0161koln\u00ed \u0159\u00e1d. Oni znaj\u00ed jenom svoje pr\u00e1va, ale bohu\u017eel u\u017e neznaj\u00ed ty povinnosti. A rodi\u010de je utvrzuj\u00ed v tom, \u017ee oni maj\u00ed pravdu.<\/p>\n\n\n\n<p> <strong>Michal Hlavat\u00fd, u\u010ditel na z\u00e1kladn\u00ed \u0161kole, metodik prevence<\/strong> Je spoustu her, kter\u00e9 oni m\u011bli, u\u017e jsme zak\u00e1zali nebo jim museli n\u011bjak\u00fdm zp\u016fsobem \u0159e\u0161it. Vn\u00edmali cel\u00fd tenhle ten z\u00e1kaz jako nespravedlnost, \u017ee jim sah\u00e1me p\u0159ece do jejich svobodn\u00e9ho \u010dasu, kter\u00fd maj\u00ed o p\u0159est\u00e1vk\u00e1ch. <\/p>\n\n\n\n<p><strong>Andrej Drbohlav, etoped, psychoterapeut<\/strong> Dne\u0161n\u00ed podoby agrese jsou v nemal\u00e9 m\u00ed\u0159e v\u00fdsledkem r\u016fzn\u00fdch v\u00fdchovn\u00fdch p\u0159\u00edstup\u016f. To jsou p\u0159\u00edstupy t\u0159eba hypertolerantn\u00ed v\u00fdchovy, kdy ty rodi\u010de nech\u00e1vaj\u00ed ty d\u011bti jako v naprost\u00e9 volnosti v domn\u011bn\u00ed, \u017ee se dovedou regulovat samy a \u017ee bychom je m\u011bly respektovat a podobn\u011b, p\u0159itom ty d\u011bti pot\u0159ebujou b\u00fdt vedeni, pot\u0159ebujou jasn\u00e9 mantinely. M\u016f\u017ee to b\u00fdt tak\u00e9 \u00fazkostn\u00e1, hyperprotektivn\u00ed v\u00fdchova, nadm\u011brn\u00e9 ochran\u00e1\u0159stv\u00ed toho d\u00edt\u011bte, kde to d\u00edt\u011b nen\u00ed zkou\u0161eno krizov\u00fdmi a konfliktn\u00edmi situacemi, u\u017e t\u0159eba i v p\u0159ed\u0161koln\u00edm v\u011bku, a pak vhozeni do velk\u00e9 konkurence vrstevn\u00edk\u016f mohou selh\u00e1vat natolik, \u017ee jsou \u00fato\u010dn\u00ed. A pak jsou tu tak\u00e9 rodiny, kter\u00e9 je vychov\u00e1vaj\u00ed v p\u0159esv\u011bd\u010den\u00ed, \u017ee jsou v\u00fdjime\u010dn\u00ed, \u017ee maj\u00ed si vydob\u00fdt sv\u00e9 m\u00edsto, t\u0159eba i agresivn\u011b, a b\u00fdt dominantn\u00edmi.<\/p>\n\n\n\n<p> <strong>Galina Jerol\u00edmkov\u00e1, \u0159editelka Pedagogicko-psychologick\u00e9 poradny v Praze, psycholo\u017eka<\/strong> \u0158e\u0161\u00ed se te\u010fka kauza na jedn\u00e9 z\u00e1kladn\u00ed \u0161kole, kde chlapec sestavil pl\u00e1n likvidace sv\u00e9ho spolu\u017e\u00e1ka. Je st\u00e1le v syst\u00e9mu toho vzd\u011bl\u00e1v\u00e1n\u00ed, proto\u017ee my nem\u016f\u017eeme \u017e\u00e1ka z\u00e1kladn\u00ed \u0161koly \u017e\u00e1dn\u00fdm zp\u016fsobem vylou\u010dit, tak\u017ee vlastn\u011b v traumatu je cel\u00e1 t\u0159\u00edda, pedagogick\u00fd sbor, proto\u017ee maj\u00ed z toho chlapce strach a rodi\u010de velmi \u00fazce spolupracuj\u00ed s jednou renomovanou pr\u00e1vn\u00ed firmou. Pracuj\u00ed jenom na tom, \u017ee selhala \u0161kola, nikoliv oni jako rodi\u010de.<\/p>\n\n\n\n<p> <strong>Ji\u0159\u00ed Pila\u0159, p\u0159edseda Asociace speci\u00e1ln\u00edch pedagog\u016f<\/strong>Rodi\u010d m\u00e1 v podstat\u011b absolutn\u00ed postaven\u00ed. Kdy\u017e si postav\u00ed hlavu, tak ta \u0161kola nic nezm\u016f\u017ee. V\u00edce ne\u017e 50 % d\u011bt\u00ed k n\u00e1m chod\u00ed na z\u00e1klad\u011b a\u017e doporu\u010den\u00ed org\u00e1n\u016f soci\u00e1ln\u011bpr\u00e1vn\u00ed ochrany. J\u00e1 \u0159\u00edk\u00e1m, prost\u011b, pokud to d\u00edt\u011b nem\u00e1 psychiatrickou \u010di neurologickou diagn\u00f3zu, tak je to v\u017edycky chyba rodi\u010de.<\/p>\n\n\n\n<p> <strong>Bob Kartous, specialista na vzd\u011bl\u00e1v\u00e1n\u00ed, odborn\u00edk v oblasti dopadu na soci\u00e1ln\u00edch s\u00edt\u00edch<\/strong> Pokud bychom se v\u011bnovali mezilidsk\u00fdm vztah\u016fm a \u0161kola slou\u017eila jako m\u00edsto, kde se u\u010d\u00edme \u017e\u00edt pospolu, tak by z\u00e1rove\u0148 mohla v\u00edce suplovat pr\u00e1v\u011b nedostatky, kter\u00e9 vznikaj\u00ed v rodin\u00e1ch. Domn\u00edv\u00e1m se, \u017ee to je vlastn\u011b nejv\u011bt\u0161\u00ed role v jedenadvac\u00e1t\u00e9m stolet\u00ed. Kdy\u017e si budeme jenom st\u011b\u017eovat na to, \u017ee ty d\u011bti takhle p\u0159ich\u00e1zej\u00ed v uvozovk\u00e1ch nevychovan\u00e9 z rodin, tak prost\u011b ni\u010deho nedos\u00e1hneme. <\/p>\n\n\n\n<p><strong>Andrej Drbohlav, etoped, psychoterapeut<\/strong> \u0160kola v dne\u0161n\u00ed dob\u011b nem\u016f\u017ee d\u011blat prakticky t\u00e9m\u011b\u0159 nic. Pohybuje se ve velmi \u00fazk\u00e9m koridoru z\u00e1kona, tlaku rodi\u010d\u016f, tlaku z\u0159izovatele, tlaku \u010cesk\u00e9\u0161koln\u00edinspekce a tlaku velmi bezzub\u00fdch metodick\u00fdch pokyn\u016f, kter\u00e9 jsou leckdy jako tvo\u0159eny lidmi, kte\u0159\u00ed nepoch\u00e1zej\u00ed z praxe.<\/p>\n\n\n\n<p> <strong>matka chlapce s ADHD<\/strong> M\u016fj syn m\u00e1 ADHD s poruchou chov\u00e1n\u00ed. Jsou u\u010ditel\u00e9, kte\u0159\u00ed mu rozum\u011bj, kter\u00fd to um\u011bj, kter\u00fd ho ch\u00e1pou a um\u011bj s n\u00edm pracovat. A pak jsou u\u010ditel\u00e9, kte\u0159\u00ed by se ho nejrad\u0161i zbavili, kter\u00fd prost\u011b jim vad\u00ed, obt\u011b\u017euje je a prost\u011b ud\u011blaj\u00ed z n\u011bho agresora, n\u00e1siln\u00edka a v\u0161echno mo\u017en\u00fd. <\/p>\n\n\n\n<p><strong>redaktor<\/strong> Tato \u017eena si u\u017e n\u011bkolikr\u00e1t od u\u010ditel\u016f i \u0159editel\u016f vyslechla, \u017ee je jej\u00ed syn agresivn\u00ed. Chlapec b\u011bhem p\u00e1r let vyst\u0159\u00eddal t\u0159i z\u00e1kladn\u00ed \u0161koly. <\/p>\n\n\n\n<p><strong>matka chlapce s ADHD<\/strong> Do \u0161est\u00fd t\u0159\u00eddy byl ve sv\u00e9 kmenov\u00fd \u0161kole a jakmile \u0161el na ten druh\u00fd stupe\u0148, tak u\u017e tam za\u010daly bejt probl\u00e9my. Byl ak\u010dn\u00ed, t\u0159eba se sebral a \u0161el se proj\u00edt s\u00e1m, nepo\u010dkal na asistentku, prost\u011b m\u011bl tu pot\u0159ebu se j\u00edt proj\u00edt. <\/p>\n\n\n\n<p><strong>chlapec s ADHD<\/strong> No, tak\u017ee si pov\u00edd\u00e1m o t\u011bch hodin\u00e1ch, dost tedy jsem obvi\u0148ovanej, dost \u010dasto&#8230; No, anebo \u017ee vyk\u0159ikuju, to je taky pravda. No, d\u011bl\u00e1m to proto, \u017ee prost\u011b v t\u011bch hodin\u00e1ch je ob\u010das nuda.<\/p>\n\n\n\n<p> <strong>matka chlapce s ADHD<\/strong> Doch\u00e1zelo tam k poty\u010dk\u00e1m mezi u\u010ditelem a m\u00fdm synem, proto\u017ee se br\u00e1nil. Pro u\u010ditele to bylo dohadov\u00e1n\u00ed, ale pro n\u011bj to byla obrana, \u017ee on nic neud\u011blal, tak\u017ee n\u00e1m bylo doporu\u010deno si naj\u00edt jinou \u0161kolu. <\/p>\n\n\n\n<p><strong>chlapec s ADHD<\/strong> Tak na krou\u017eek, kterej chod\u00edm, tak tam je to v pohod\u011b. I te\u010fko na t\u00e1bo\u0159e to bylo v pohod\u011b. Jak \u0159\u00edk\u00e1m, prost\u011b ty probl\u00e9my jsou jenom ve \u0161kole. <\/p>\n\n\n\n<p><strong>redaktor<\/strong> Matka se sna\u017e\u00ed situaci \u0159e\u0161it. Se synem proto nav\u0161t\u011bvuje jak psychologa, tak psychiatra. V p\u00e9\u010di ho m\u00e1 i speci\u00e1ln\u00ed pedagog Ji\u0159\u00ed Pila\u0159.<\/p>\n\n\n\n<p> <strong>Ji\u0159\u00ed Pila\u0159, p\u0159edseda Asociace speci\u00e1ln\u00edch pedagog\u016f<\/strong> No, to je podle m\u011b velice inteligentn\u00ed kluk, ale prost\u011b ta pozornost a tyhle ty probl\u00e9my ho stra\u0161n\u011b omezuj\u00ed. Te\u010fko asi potk\u00e1v\u00e1 vlastn\u011b u\u017e roky s t\u011b\u017ek\u00fdm ne\u00fasp\u011bchem. Kam p\u0159ijde, tak tam se mu neda\u0159\u00ed.<\/p>\n\n\n\n<p> <strong>chlapec s ADHD<\/strong> Vyk\u0159ikuju odpov\u011bdi a tak. Proto\u017ee se mi nestalo zat\u00edm ani jednou, \u017ee by m\u011b u\u010ditel dal n\u011bjakou \u0161anci, abych ten v\u00fdsledek mohl \u0159\u00edct. Moc si m\u011b tam nevyvol\u00e1vaj\u00ed, prost\u011b m\u011b p\u0159\u00edli\u0161n\u011b podce\u0148ujou. <\/p>\n\n\n\n<p><strong>Ji\u0159\u00ed Pila\u0159, p\u0159edseda Asociace speci\u00e1ln\u00edch pedagog\u016f<\/strong> Kdy\u017e ta \u0161kola vid\u00ed, \u017ee to d\u00edt\u011b prost\u011b d\u011bl\u00e1 jednu hloupost za druhou, tak je j\u00ed to nep\u0159\u00edjemn\u00e9. A nav\u00edc ta \u0161kola, kdy\u017e nen\u00ed kmenov\u00e1, tak si pak \u0159\u00edkaj\u00ed, proboha, pro\u010d jsme ho sem vzali?<\/p>\n\n\n\n<p> <strong>matka chlapce s ADHD<\/strong> Sh\u00e1n\u011bla jsem n\u011bjakou \u0161kolu, kde bude m\u00e1lo d\u011bt\u00ed, kde budou m\u00edt p\u0159\u00edstup tady k t\u011bmhle t\u011bm d\u011btem, ale aby byla speci\u00e1ln\u00ed \u0161kola p\u0159\u00edmo jakoby pro d\u011bti s ADHD, tady s t\u00edmhle t\u00edm, co m\u00e1 syn, tak prost\u011b \u0161koly nejsou. <\/p>\n\n\n\n<p><strong>Ji\u0159\u00ed Pila\u0159, p\u0159edseda Asociace speci\u00e1ln\u00edch pedagog\u016f<\/strong> Ty kapacity tady d\u0159\u00edve byly. Pak se ty \u0161koly za\u010daly n\u011bjak\u00fdm zp\u016fsobem jako eliminovat, proto\u017ee jako nab\u011bhla ta ne\u0161\u0165astn\u00e1 inkluze.<\/p>\n\n\n\n<p> <strong>Galina Jerol\u00edmkov\u00e1, \u0159editelka Pedagogicko-psychologick\u00e9 poradny v Praze, psycholo\u017eka<\/strong> Inkluze je jedn\u00edm z t\u011bch fenom\u00e9n\u016f, kter\u00fd vlastn\u011b z m\u00e9ho pohledu mohou za zv\u00fd\u0161enou agresi. Tyto d\u011bti, kter\u00fd by pot\u0159ebovaly individu\u00e1ln\u00ed pr\u00e1ci, t\u0159eba etoped\u016f, psycholog\u016f v t\u00e9 t\u0159\u00edd\u011b, mal\u00fd kolektiv, aby nem\u011bly prostor na to v uvozovk\u00e1ch zloben\u00ed, tak vlastn\u011b n\u00e1m z\u016fst\u00e1vaj\u00ed v b\u011b\u017en\u00fdch t\u0159\u00edd\u00e1ch, kde m\u00e1me kolem a\u017e 30 d\u011bt\u00ed.<\/p>\n\n\n\n<p> <strong>Bob Kartous, specialista na vzd\u011bl\u00e1v\u00e1n\u00ed, odborn\u00edk v oblasti dopadu na soci\u00e1ln\u00edch s\u00edt\u00edch<\/strong> Rozum\u00edm tomu, \u017ee u\u010ditel\u00e9 maj\u00ed probl\u00e9m s chov\u00e1n\u00edm \u017e\u00e1k\u016f, ale za to nem\u016f\u017ee inkluze, ale za to m\u016f\u017ee m\u011bn\u00edc\u00ed se doba a m\u011bn\u00edc\u00ed se d\u011btstv\u00ed a m\u011bn\u00edc\u00ed se dosp\u00edv\u00e1n\u00ed. <\/p>\n\n\n\n<p><strong>Kl\u00e1ra \u0160im\u00e1\u010dkov\u00e1 Lauren\u010d\u00edkov\u00e1, zmocn\u011bnkyn\u011b vl\u00e1dy pro lidsk\u00e1 pr\u00e1va<\/strong> S inkluz\u00ed to nesouvis\u00ed. My nem\u016f\u017eeme d\u011bti n\u011bjak rozt\u0159\u00eddit a zav\u0159\u00edt je do n\u011bjak\u00fdch separovan\u00fdch rezervac\u00ed. Ta spole\u010dnost takhle nefunguje. Naopak ve \u0161kole je pot\u0159eba se nau\u010dit spolu fungovat, komunikovat. <\/p>\n\n\n\n<p><strong>Andrej Drbohlav, etoped, psychoterapeut<\/strong> Nevhodn\u011b a nespr\u00e1vn\u011b ud\u011blan\u00e1 inkluze, kter\u00e1 je selh\u00e1n\u00edm v\u016f\u010di poznatk\u016fm posledn\u00edch 150 let psychologie, behavior\u00e1ln\u00ed patologie a etopedie, vytv\u00e1\u0159\u00ed n\u011bco, \u010demu j\u00e1 \u0159\u00edk\u00e1m retardovan\u00fd altruismus. To je a\u017e takov\u00fd jako odborn\u011b naivn\u00ed pohled na to, \u017ee v\u0161ichni jsou vychovateln\u00ed, v\u0161ichni jsou vzd\u011blateln\u00ed, v\u0161ichni budou kamar\u00e1di a v\u0161ichni si budou rozum\u011bt, co\u017e jako v realit\u011b spole\u010dnosti \u00fapln\u011b mo\u017en\u00e9 nen\u00ed. Inkluze je fajn t\u0159eba pro d\u011bti s r\u016fzn\u00fdmi smyslov\u00fdmi handicapy, somatick\u00fdmi a podobn\u011b, ale u\u017e je obt\u00ed\u017en\u011bj\u0161\u00ed u d\u011bt\u00ed s poruchami emoc\u00ed a poruchami chov\u00e1n\u00ed. <\/p>\n\n\n\n<p><strong>Kl\u00e1ra \u0160im\u00e1\u010dkov\u00e1 Lauren\u010d\u00edkov\u00e1, zmocn\u011bnkyn\u011b vl\u00e1dy pro lidsk\u00e1 pr\u00e1va<\/strong> V\u011bt\u0161inu toho \u010cern\u00fdho Petra takhle hod\u00edme na to d\u00edt\u011b, p\u0159\u00edpadn\u011b na tu rodinu a \u0159ekneme: \u201eOn je probl\u00e9mov\u00fd \u017e\u00e1k, selh\u00e1vaj\u00edc\u00ed \u017e\u00e1k.\u201c A prvn\u00ed, co vlastn\u011b d\u011bl\u00e1te, kdy\u017e nev\u00edte, co s t\u00edm, a je to hrozn\u011b nep\u0159\u00edjemn\u00fd, \u017ee to chcete dostat pry\u010d. A pak se \u0159ekne: za to m\u016f\u017ee inkluze, proto\u017ee kdyby inkluze nebyla, tak my ho sr\u00e1z dostaneme pry\u010d. Te\u010f ho snadno u\u017e pry\u010d nedostaneme. No, ale taky jako kam pry\u010d? Prost\u011b nen\u00ed \u0159e\u0161en\u00ed.<\/p>\n\n\n\n<p> <strong>Ji\u0159\u00ed Pila\u0159, p\u0159edseda Asociace speci\u00e1ln\u00edch pedagog\u016f<\/strong> J\u00e1 si mysl\u00edm, \u017ee by bylo \u00fapln\u011b ide\u00e1ln\u00ed, kdy\u017e by prost\u011b v b\u011b\u017en\u00fdch \u0161kol\u00e1ch vznikaly speci\u00e1ln\u00ed t\u0159\u00eddy pro tyhle ty d\u011bti, kde by prost\u011b v t\u011bch nejslo\u017eit\u011bj\u0161\u00edch p\u0159edm\u011btech na uva\u017eov\u00e1n\u00ed, na abstraktn\u00ed my\u0161len\u00ed by se v\u011bnoval speci\u00e1ln\u00edpedagog a pak by prost\u011b byly zase v b\u011b\u017en\u00fdch t\u0159\u00edd\u00e1ch.<\/p>\n\n\n\n<p> <strong>Andrej Drbohlav, etoped, psychoterapeut<\/strong> Vlastn\u011b se dost\u00e1v\u00e1me do obdob\u00ed, kdy agrese je \u010dasto prezentovan\u00e1 jako naprosto legitimn\u00ed a regul\u00e9rn\u00ed n\u00e1stroj, kter\u00fdm lze jakoukoliv krizi vy\u0159e\u0161it rychle. N\u00e1stroj, kter\u00fdm lze rychle vybudovat svoje soci\u00e1ln\u00ed postaven\u00ed a podobn\u011b. Ten v\u00fdvoj agrese je pot\u0159eba vn\u00edmat sp\u00ed\u0161e jako spole\u010densk\u00fd rys, jako onemocn\u011bn\u00ed spole\u010dnosti. <\/p>\n\n\n\n<p><strong>anketa<\/strong> Na z\u00e1kladce ve t\u0159\u00edd\u011b jsme m\u011bli jednoho kluka, kter\u00fd byl m\u00edrn\u011b s nadv\u00e1hou a pr\u00e1v\u011b podobn\u011b se spolu\u017e\u00e1ci za to sm\u00e1li. <strong>anketa<\/strong> Tak jednu k\u00e1mo\u0161ku jeden kluk \u0161ikanoval, jako \u017ee po n\u00ed cht\u011bl nah\u00fd fotky a tady to.<\/p>\n\n\n\n<p> <strong>anketa<\/strong> Neza\u017eil jsem ml\u00e1cen\u00ed, ale t\u0159eba jsem za\u017eil, kdy\u017e mi n\u011bkdo nad\u00e1val t\u0159eba do pleti, ale to je pro n\u00e1s nic. J\u00e1 jsem na to t\u0159eba zvykl\u00fd. <\/p>\n\n\n\n<p><strong>anketa<\/strong> My jsme ve t\u0159\u00edd\u011b m\u011bli posti\u017een\u00e9ho spolu\u017e\u00e1ka a spolu\u017e\u00e1ci si z n\u011bho d\u011blali \u010dasto srandu. Do\u0161lo i k tomu, \u017ee ho t\u0159eba jako p\u00e1rkr\u00e1t jako ml\u00e1tili.<\/p>\n\n\n\n<p> <strong>Andrej Pavl\u00edk\u016f, \u0159editel, Z\u00e1kladn\u00ed \u0161kola Hodon\u00edn<\/strong> Na\u0161e \u0161kola se stala medi\u00e1ln\u011b zn\u00e1mou vlastn\u011b po zve\u0159ejn\u011bn\u00ed videa, kdy na na\u0161i \u017e\u00e1kyni \u00fato\u010d\u00ed skupina vrstevn\u00edk\u016f. Zas\u00e1hlo n\u00e1s to hodn\u011b. D\u011bti, m\u011b, prost\u011b pedagogick\u00fd sbor. Nikoho nezaj\u00edmalo, \u017ee vlastn\u011b \u00fato\u010dnice nejsou z na\u0161\u00ed \u0161koly. Ani jeden \u017e\u00e1k nebyl obvin\u011bn, ani jeden \u017e\u00e1k prost\u011b v tom nefiguroval.<\/p>\n\n\n\n<p> <strong>redaktor<\/strong> Video zve\u0159ejnila matkaob\u011bti, aby na \u00fatok upozornila. B\u011bhem chv\u00edle z\u00e1znam na soci\u00e1ln\u00edch s\u00edt\u00edch vid\u011bli stovky tis\u00edc lid\u00ed. Policie p\u0159\u00edpad st\u00e1le \u0161et\u0159\u00ed. Podobn\u00fdch vide\u00ed, kdy ostatn\u00ed d\u011bti nat\u00e1\u010dej\u00ed napaden\u00ed vrstevn\u00edk\u016f, koluje na internetu mnoho. <\/p>\n\n\n\n<p><strong>Andrej Pavl\u00edk\u016f, \u0159editel, Z\u00e1kladn\u00ed \u0161kola Hodon\u00edn<\/strong> Je velmi t\u011b\u017ek\u00e9 \u0159\u00edct, pro\u010d to ty d\u011bti ud\u011blaly. J\u00e1 kdy\u017e se pod\u00edv\u00e1m na celou spole\u010dnost v dne\u0161n\u00ed dob\u011b, tak pro n\u011b n\u00e1sil\u00ed se st\u00e1v\u00e1 normou. D\u011bti \u017eij\u00ed m\u00edsto v realit\u011b na soci\u00e1ln\u00edch s\u00edt\u00edch, to znamen\u00e1, v\u0161echno, co se d\u011bje, maj\u00ed tendence si vyfotit, nato\u010dit a tak d\u00e1l. <\/p>\n\n\n\n<p><strong>redaktor<\/strong>D\u011bti nav\u00edc \u010dasto to, co vid\u00ed na internetu nebo v m\u00e9di\u00edch, kop\u00edruj\u00ed. Vzorem se p\u0159itom mohou st\u00e1t i pachatel\u00e9 t\u011bch nejhor\u0161\u00edch zlo\u010din\u016f. I s t\u00edm maj\u00ed v Hodon\u00edn\u011b zku\u0161enost. <\/p>\n\n\n\n<p><strong>Andrej Pavl\u00edk\u016f, \u0159editel, Z\u00e1kladn\u00ed \u0161kola Hodon\u00edn<\/strong> V lo\u0148sk\u00e9m roce v prosinci, kdy vlastn\u011b bylo prvn\u00ed takov\u00e9 ne\u0161\u0165astn\u00e9 v\u00fdro\u010d\u00ed \u00fatoku na Filozofickou fakultu, se n\u00e1m poda\u0159ilo v ran\u00e9 f\u00e1zi utnout vlastn\u011b pl\u00e1novan\u00fd \u00fatok na m\u011bkk\u00e9 c\u00edle. Samoz\u0159ejm\u011b nejednalo se o jenom konkr\u00e9tn\u00ed t\u0159eba \u017e\u00e1ky, spolu\u017e\u00e1ky nebo n\u011bco takov\u00e9ho, ale opravdu nap\u0159\u00ed\u010d.<\/p>\n\n\n\n<p> <strong>Andrej Drbohlav, etoped, psychoterapeut<\/strong> Ozbrojen\u00e9 \u00fatoky na \u0161kol\u00e1ch vytv\u00e1\u0159ej\u00ed jako \u00fapln\u011b samostatnou kategorii, kterou nelze srovn\u00e1vat jako s b\u011b\u017enou agres\u00ed. Ten profil \u00fato\u010dn\u00edk\u016f je zcela jin\u00fd. Mnohdy se vyv\u00edj\u00ed u\u017e od nejran\u011bj\u0161\u00edho d\u011btstv\u00ed r\u016fzn\u00fdmi behavior\u00e1ln\u00edmi markery, jako t\u0159eba fascinace ke zbran\u00edm, inklinace k dominantn\u00edm vzor\u016fm, nen\u00e1vistn\u00e9 postoje a hodnoty k ur\u010dit\u00e9 \u010d\u00e1sti spole\u010dnosti.<\/p>\n\n\n\n<p> <strong>Lum\u00edr N\u011bmec, bezpe\u010dnostn\u00ed poradce<\/strong> Te\u010f se dost\u00e1v\u00e1me k tomu, jak jednat v pr\u016fb\u011bhu \u00fatoku. A tam jsou ty t\u0159i kl\u00ed\u010dov\u00fd v\u011bci. Ute\u010d, ukryj se a bojuj. Ale pro v\u00e1s je to tro\u0161ku komplikovan\u011bj\u0161\u00ed v tom, \u017ee nejste sami za sebe. Kdy\u017e bude st\u0159elba tady, m\u00e1te tam 30 d\u011bt\u00ed, tak\u017ee pro v\u00e1s je to nejkl\u00ed\u010dov\u011bj\u0161\u00ed, co je pro v\u00e1s v t\u011bch bar\u00e1c\u00edch, v t\u011bch \u0161kol\u00e1ch je: ukryj se. <\/p>\n\n\n\n<p><strong>Veronika Simona Modr\u00e1\u010dkov\u00e1, z\u00e1stupkyn\u011b \u0159editele, Z\u0160 Vesel\u00e1 \u0161kola<\/strong> My u\u017e m\u00e1me zku\u0161enost z minulosti agresivn\u00edho \u017e\u00e1ka, agresivn\u00edho rodi\u010de ve \u0161kole, kdy n\u00e1m vb\u011bhli do \u0161koly a napadli n\u00e1m tady \u017e\u00e1ky, v\u010detn\u011b tedy m\u011b a v t\u00e9 dob\u011b pana \u0159editele. A \u0159\u00edkali jsme si, \u017ee by bylo pot\u0159eba vlastn\u011b reagovat na tu situaci. M\u011bli bychom b\u00fdt na to p\u0159ipraveni. <strong>redaktor<\/strong> Na t\u00e9to pra\u017esk\u00e9 z\u00e1kladn\u00ed \u0161kole se rozhodli je\u0161t\u011b p\u0159ed letn\u00edmi pr\u00e1zdninami uspo\u0159\u00e1dat kurz obrany proti ozbrojen\u00e9mu \u00fato\u010dn\u00edkovi.<\/p>\n\n\n\n<p> <strong>Lum\u00edr N\u011bmec, bezpe\u010dnostn\u00ed poradce<\/strong> Pot\u00e9, co do\u0161lo k t\u00e9 trag\u00e9dii na Filozofick\u00e9 fakult\u011b, tak ten z\u00e1jem se mnohon\u00e1sobn\u011b zv\u00fd\u0161il, proto\u017ee ty \u0161koly si uv\u011bdomily, \u017ee to je to nebezpe\u010d\u00ed re\u00e1ln\u00e9, \u017ee se to m\u016f\u017ee st\u00e1t i u n\u00e1s. C\u00edlem toho \u0161kolen\u00ed je uk\u00e1zat nejenom t\u011bm u\u010ditel\u016fm, jak to maj\u00ed d\u011blat, ale \u017ee maj\u00ed tu \u0161anci. <\/p>\n\n\n\n<p><strong>Lum\u00edr N\u011bmec, bezpe\u010dnostn\u00ed poradce<\/strong> Vy jste pedagog, vy jste pedagog, vy jste d\u011bti.<\/p>\n\n\n\n<p> <strong>Lum\u00edr N\u011bmec, bezpe\u010dnostn\u00ed poradce<\/strong> Tak poj\u010fme v\u0161ichni sem. Byl tady agresivn\u00ed \u00fato\u010dn\u00edk. I kdyby v\u00e1s dostal, tak v\u00e1s pozab\u00edj\u00ed, ale prost\u011b zab\u011bhli jste. To, \u017ee vy jste z\u016fstal za t\u011bma dve\u0159ma, to se prost\u011b st\u00e1t m\u016f\u017ee a stane se to a stane se to v\u017edycky. Pak jste zareagoval, zalezl jste aspo\u0148 do kabinky.<\/p>\n\n\n\n<p><strong>Lum\u00edr N\u011bmec, bezpe\u010dnostn\u00ed poradce<\/strong> Pane u\u010diteli, vy jste se schoval na hajzlu, kter\u00fd nem\u00e1 dve\u0159e&#8230; <\/p>\n\n\n\n<p><strong>Veronika Simona Modr\u00e1\u010dkov\u00e1, z\u00e1stupkyn\u011b \u0159editele, Z\u0160 Vesel\u00e1 \u0161kola<\/strong> Jedna z pan\u00ed u\u010ditelek z p\u00e1t\u00e9 t\u0159\u00eddy m\u011bla p\u0159esn\u011b \u017e\u00e1ka, kter\u00fd vykazoval spoustu n\u00e1znak\u016f aktivn\u00edho st\u0159elce budouc\u00edho. V\u011bt\u0161inu slovn\u011b vyhro\u017euje, vyk\u0159ikuje, \u017ee v\u0161ecky zabije, \u017ee jim roz\u0161lape hlavy. A ta pan\u00ed u\u010ditelka se sv\u011b\u0159ila te\u010f na posledn\u00ed pedagogick\u00fd rad\u011b, \u017ee ten strach m\u00e1, \u017ee se boj\u00ed komunikovat s rodi\u010dema u\u017e, \u017ee se boj\u00ed d\u00e1t mu n\u011bjak\u00fd v\u00fdchovn\u00fd opat\u0159en\u00ed, aby p\u0159esn\u011b si potom pro ni nedo\u0161el. \u0158e\u0161ili jsme to s OSPODem, te\u010f u\u017e to budeme asi \u0159e\u0161it s polici\u00ed. <\/p>\n\n\n\n<p><strong>Filip R\u00f6mer, asistent pedagoga, Z\u0160 Vesel\u00e1 \u0161kola<\/strong> Nejhor\u0161\u00ed pocit, kdybych \u0159ekl, co jsem m\u011bl, tak bylo ten moment, kdy\u017e kolegyn\u011b d\u011blala \u017e\u00e1kyni a klepala mi na ty dve\u0159e a j\u00e1 jsem prost\u011b v tu chv\u00edli m\u011bl jakoby jedno d\u00edt\u011b venku, ale dal\u0161\u00edch \u0161est d\u011bt\u00ed jakoby ve t\u0159\u00edd\u011b. A opravdu otev\u0159\u00edt jsem nemohl, ale z\u00e1rove\u0148 jsem otev\u0159\u00edt cht\u011bl. <strong>\u017e\u00e1kyn\u011b, sehran\u00e1 sc\u00e9na<\/strong> Je tady, je tady, pros\u00edm pomozte mi, pus\u0165te m\u011b dovnit\u0159! <\/p>\n\n\n\n<p><strong>Kl\u00e1ra \u0160im\u00e1\u010dkov\u00e1 Lauren\u010d\u00edkov\u00e1, zmocn\u011bnkyn\u011b vl\u00e1dy pro lidsk\u00e1 pr\u00e1va<\/strong>D\u011bti se dost\u00e1vaj\u00ed k obsah\u016fm s n\u00e1silnou tematikou. Mohou se takzvan\u011b seberadikalizovat i p\u0159esto, \u017ee doma je bezpe\u010dno, i p\u0159esto, \u017ee ve \u0161kole se nic zl\u00e9ho ned\u011bje.<\/p>\n\n\n\n<p> <strong>Andrej Drbohlav, etoped, psychoterapeut<\/strong> R\u016fzn\u00e9 studie ukazuj\u00ed na to, \u017ee fyzicky dne\u0161n\u00ed rodi\u010de se sv\u00fdmi d\u011btmi tr\u00e1v\u00ed necel\u00e9 dv\u011b hodiny \u010dasu, ale je to pasivn\u00ed \u010das. Aktivn\u00edho \u010dasu, kter\u00fd je face to face na vzd\u00e1lenost maxim\u00e1ln\u011b 3 metr\u016f, se rodi\u010de s dne\u0161n\u00edmi d\u011btmi potk\u00e1vaj\u00ed kolem 14\u201318 minut denn\u011b. A kdy\u017e do toho prom\u00edtnete druh\u00e9 \u010d\u00edslo, kter\u00e9 n\u00e1m ukazuje, kolik dne\u0161n\u00ed generace d\u011bt\u00ed tr\u00e1v\u00ed \u010dasu na soci\u00e1ln\u00edch s\u00edt\u00edch a v kyberprostoru, co\u017e je v tuto chv\u00edli n\u011bco m\u00e1lo p\u0159es osm hodin denn\u011b, tak je zcela nepochybn\u00e9, \u017ee tvorbu, r\u00fdsov\u00e1n\u00ed a ov\u011b\u0159ov\u00e1n\u00ed postoj\u016f a hodnot, tedy velk\u00e9 \u010d\u00e1sti toho v\u00fdchovn\u00e9ho p\u016fsoben\u00ed, dnes mnohem v\u00edce ne\u017e rodi\u010de d\u011blaj\u00ed vlastn\u011b soci\u00e1ln\u00ed s\u00edt\u011b.<\/p>\n\n\n\n<p> <strong>Ji\u0159\u00ed Pila\u0159, p\u0159edseda Asociace speci\u00e1ln\u00edch pedagog\u016f<\/strong> Stoup\u00e1 opravdu po\u010det, jako kdy d\u011bti napadaj\u00ed sv\u00e9 rodi\u010de ohledn\u011b jako z\u00e1vislosti na po\u010d\u00edta\u010d\u00edch a na mobilech, proto\u017ee kdy\u017e rodi\u010d jim vypne wifinu doma, aby prost\u011b \u0161ly sp\u00e1t, tak jsou schopn\u00fd prost\u011b toho rodi\u010de napadnout a zml\u00e1tit.<\/p>\n\n\n\n<p> <strong>Kl\u00e1ra \u0160im\u00e1\u010dkov\u00e1 Lauren\u010d\u00edkov\u00e1, zmocn\u011bnkyn\u011b vl\u00e1dy pro lidsk\u00e1 pr\u00e1va<\/strong> J\u00e1 jsem p\u0159esv\u011bd\u010den\u00e1 o tom, \u017ee \u010cesk\u00e1republika mus\u00ed co nejrychleji p\u0159ijmout takov\u00e9 regulace, kter\u00e9 d\u011bti budou i v tom on-line prost\u0159ed\u00ed l\u00e9pe chr\u00e1nit, ne\u017e jak jsme schopni toto zajistit dnes. <\/p>\n\n\n\n<p><strong>Bob Kartous, specialista na vzd\u011bl\u00e1v\u00e1n\u00ed, odborn\u00edk v oblasti dopadu na soci\u00e1ln\u00edch s\u00edt\u00edch<\/strong> K tomu p\u0159ikro\u010dila jako asi nejprogresivn\u011bj\u0161\u00edm zp\u016fsobem Austr\u00e1lie loni, kter\u00e1 prost\u011b p\u0159ijala z\u00e1kon, \u017ee soci\u00e1ln\u00ed s\u00edt\u011b Instagram, TikTok, Facebook, X a tyto soci\u00e1ln\u00ed s\u00edt\u011b bude mo\u017en\u00e9 pou\u017e\u00edvat a\u017e od 16 let v\u011bku. <\/p>\n\n\n\n<p><strong>Pavel, chovanec ve V\u00fdchovn\u00e9m \u00fastavu v Boletic\u00edch<\/strong> Pro\u0161li jsme centrum, jsme se tam poprali, no a ten den u\u017e m\u011b p\u0159ivezli dom\u016f policajti. Bylo mi osm let.<\/p>\n\n\n\n<p> <strong>redaktor<\/strong> Pavel str\u00e1vil posledn\u00edch n\u011bkolik let ve v\u00fdchovn\u00e9m \u00fastavu v Boletic\u00edch. Pouli\u010dn\u00ed bitky toti\u017e byly jen za\u010d\u00e1tkem jeho probl\u00e9m\u016f.<\/p>\n\n\n\n<p> <strong>Pavel, chovanec ve V\u00fdchovn\u00e9m \u00fastavu v Boletic\u00edch<\/strong> No, a to p\u0159i\u0161lo to obdob\u00ed, kdyby m\u011b nau\u010dili loupe\u017en\u00e9 p\u0159epaden\u00ed. Tak\u017ee jsem \u0161el, zbil jsem n\u011bkoho, vzal jsem pen\u00edze a \u0161li jsme pry\u010d.<\/p>\n\n\n\n<p> <strong>Rudolf Jakubec, \u0159editel v\u00fdchovn\u00e9ho \u00fastavu, Boletice nad Labem<\/strong> \u0158e\u0161\u00ed to soudy, \u0159e\u0161\u00ed to odborn\u00edci, \u0159e\u0161\u00ed to pedagogicko-psychologick\u00e9 poradny, \u0159e\u0161\u00ed to St\u0159ediska v\u00fdchovn\u00e9 p\u00e9\u010de. To d\u00edt\u011b proch\u00e1z\u00ed v\u0161\u00edm mo\u017en\u00fdm. A kdy\u017e se nakonec uk\u00e1\u017ee, \u017ee v\u0161echny tyhlety instituce byly ne\u00fasp\u011b\u0161n\u00e9, tak t\u0159eba za 3, 4, 5 let se dostane k n\u00e1m.<\/p>\n\n\n\n<p> <strong>Andrej Drbohlav, etoped, psychoterapeut<\/strong> \u0158ada t\u011bch agresor\u016f s\u00edl\u00ed s ka\u017ed\u00fdm sv\u00fdm konfliktem, proto\u017ee nem\u00e1 jasn\u011b vymezen\u00fd prostor, co m\u016f\u017ee a co jako bude n\u00e1sledovat, pokud t\u0159eba poru\u0161\u00ed ur\u010dit\u00e1 pravidla. <\/p>\n\n\n\n<p><strong>Ji\u0159\u00ed Pila\u0159, p\u0159edseda Asociace speci\u00e1ln\u00edch pedagog\u016f<\/strong> Kdy\u017e si vezmu takov\u00fd p\u0159\u00edklad, co jako opravdu bije do o\u010d\u00ed, kdy vlastn\u011b pan\u00ed soudkyn\u011b mi poslala do ambulance, to znamen\u00e1 do prevence, kluka, kter\u00fd m\u011bl dv\u011b zn\u00e1siln\u011bn\u00ed a t\u0159i loupe\u017en\u00e1 p\u0159epaden\u00ed. On s\u00e1m mn\u011b ten kluk \u0159\u00edkal: \u201ePane Pila\u0159, nechte to bejt, m\u011b stejn\u011b zav\u0159ou.\u201c<\/p>\n\n\n\n<p> <strong>Rudolf Jakubec, \u0159editel v\u00fdchovn\u00e9ho \u00fastavu, Boletice nad Labem<\/strong> Jestli\u017ee do \u00fastavu p\u0159ich\u00e1z\u00ed d\u00edt\u011b a\u017e pot\u00e9, co m\u00e1 s\u00e9rii loupe\u017en\u00fdch p\u0159epaden\u00ed, kr\u00e1de\u017e\u00ed a dostane se sem v 16, v 17 jako hotov\u00fd zlo\u010dinec, s t\u00edm u\u017e si opravdu neum\u00edme poradit. <\/p>\n\n\n\n<p><strong>Zuzana \u010cern\u00e1, z\u00e1stupkyn\u011b \u0159editelky, metodi\u010dka prevence, Fakultn\u00ed z\u00e1kladn\u00ed \u0161kola profesora Otokara Chlupa<\/strong> Tak poj\u010fte, a\u0165 za\u010dneme v\u010das. V dne\u0161n\u00ed hodin\u011b bychom se m\u011bli v\u011bnovat emoc\u00edm. U\u017e jsme to d\u011blali, ale vr\u00e1t\u00edme se k tomu, proto\u017ee dneska se budeme v\u00edce v\u011bnovat jedn\u00e9 emoci, a to vzteku.<\/p>\n\n\n\n<p> <strong>redaktor<\/strong> Na Fakultn\u00ed z\u00e1kladn\u00ed \u0161kole prof. OtokaraChlupa v Praze se sna\u017e\u00ed proti trendu zvy\u0161uj\u00edc\u00ed se agrese bojovat hlavn\u011b prevenc\u00ed. \u017d\u00e1ci chod\u00ed pravideln\u011b na t\u0159\u00eddnick\u00e9 hodiny, kde spole\u010dn\u011b s u\u010diteli \u0159e\u0161\u00ed, co je zrovna tr\u00e1p\u00ed. <\/p>\n\n\n\n<p><strong>Zuzana \u010cern\u00e1, z\u00e1stupkyn\u011b \u0159editelky, metodi\u010dka prevence, Fakultn\u00ed z\u00e1kladn\u00ed \u0161kola profesora Otokara Chlupa<\/strong> Je pro n\u00e1s stra\u0161n\u011b d\u016fle\u017eit\u00e9 pracovat hlavn\u011b na vztaz\u00edch, aby ta \u0161kola byla bezpe\u010dn\u00e1, aby se tu c\u00edtili bezpe\u010dn\u011b jak d\u011bti, tak na\u0161i pedagogov\u00e9 i dal\u0161\u00ed lid\u00e9, kte\u0159\u00ed tady pracuj\u00ed.<\/p>\n\n\n\n<p> <strong>Zuzana \u010cern\u00e1, z\u00e1stupkyn\u011b \u0159editelky, metodi\u010dka prevence, Fakultn\u00ed z\u00e1kladn\u00ed \u0161kola profesora Otokara Chlupa<\/strong> Kdo jde ze vzteku do agrese? Jak se to projevuje? Ondro.<\/p>\n\n\n\n<p> <strong>Ond\u0159ej, student<\/strong> T\u0159eba zrudnu ob\u010das a hlavn\u011b t\u00edm, \u017ee jsem fakt hodn\u011b nep\u0159\u00edjemnej. A obzvl\u00e1\u0161\u0165 na moji rodinu v\u011bt\u0161inou. A pak, \u017ee n\u011bkdy i ni\u010d\u00edm v\u011bci.<\/p>\n\n\n\n<p> <strong>Zuzana \u010cern\u00e1, z\u00e1stupkyn\u011b \u0159editelky, metodi\u010dka prevence, Fakultn\u00ed z\u00e1kladn\u00ed \u0161kola profesora Otokara Chlupa<\/strong> M\u00e1me pln\u011b funk\u010dn\u00ed \u0161koln\u00ed pedagogick\u00e9 pracovi\u0161t\u011b, v kter\u00e9m p\u016fsob\u00ed dv\u011b \u0161koln\u00ed psycholo\u017eky, dv\u011b speci\u00e1ln\u00edpedago\u017eky, dva v\u00fdchovn\u00ed poradci a j\u00e1 jako metodik prevence. Je to hrozn\u011b moc n\u00e1ro\u010dn\u00e9 na \u010das, je to n\u00e1ro\u010dn\u00e9 i na po\u010det lid\u00ed. Nedovedu si p\u0159edstavit, co by se stalo, kdybychom nemohli m\u00edt na\u0161e dv\u011b \u0161koln\u00ed psycholo\u017eky, proto\u017ee opravdu oni pracuj\u00ed zejm\u00e9na s d\u011btmi i individu\u00e1ln\u011b. <\/p>\n\n\n\n<p><strong>student<\/strong> Tak my to mezi klukama \u0159e\u0161\u00edme, t\u0159eba kdy\u017e se navz\u00e1jem n\u011bjak na\u0161tveme, tak si to vyventilujeme podle m\u011b hodn\u011b jako razantn\u011b, bu\u010f slovn\u011b nebo fyzicky.<\/p>\n\n\n\n<p> <strong>student<\/strong> A hlavn\u011b je to jako v n\u011bjak\u00fd m\u00ed\u0159e, \u017ee to nezasahuje do extr\u00e9mu, \u017ee by to bylo n\u011bco jako fakt, \u017ee se jako jdeme po krku nebo n\u011bco v\u00e1\u017en\u00e9ho. <\/p>\n\n\n\n<p><strong>student<\/strong> My jako v\u00edme, kdy p\u0159estat podle m\u011b. <\/p>\n\n\n\n<p><strong>student<\/strong> Jo, to ur\u010dit\u011b. <\/p>\n\n\n\n<p><strong>Zuzana \u010cern\u00e1, z\u00e1stupkyn\u011b \u0159editelky, metodi\u010dka prevence, Fakultn\u00ed z\u00e1kladn\u00ed \u0161kola profesora Otokara Chlupa<\/strong> \u0160ikana je v kolektivu prost\u011b b\u011b\u017en\u00e1 z\u00e1le\u017eitost, ale mus\u00ed s n\u00ed ta \u0161kola pracovat, o co\u017e se opravdu my jako stra\u0161n\u011b moc sna\u017e\u00edme, tud\u00ed\u017e si troufnu \u0159\u00edct, \u017ee \u0161ikanu v n\u011bjak\u00fdch vy\u0161\u0161\u00edch stupn\u00edch tady nem\u00e1me. <strong>student<\/strong> Tady bych \u0159ekl, \u017ee jako ne\u0159\u00edk\u00e1m, \u017ee v\u0161ichni, ale ur\u010dit\u011b jako nen\u00ed probl\u00e9m tady pro si s n\u011bk\u00fdm pov\u00eddat t\u0159eba jako o jeho osobn\u00edch probl\u00e9mech.<\/p>\n\n\n\n<p> <strong>Andrej Drbohlav, etoped, psychoterapeut<\/strong> My dnes m\u00e1me rozvinut\u00e9 odborn\u00e9 p\u0159\u00edstupy, kter\u00e9 mohou tomu p\u0159edch\u00e1zet, kter\u00e9 mohou zas\u00e1hnout mnohem d\u0159\u00edve, kter\u00e9 mohou pracovat p\u0159\u00edmo na tom m\u00edst\u011b, kde se n\u011bjak\u00e1 jako obt\u00ed\u017e, odchylky chov\u00e1n\u00ed, ne\u0159kuli i agrese, odehr\u00e1v\u00e1. My to m\u016f\u017eeme ud\u011blat, ale ned\u011bl\u00e1me to. Opravdu \u010dek\u00e1 se na to, a\u017e se n\u011bco stane.<\/p>\n\n\n\n<p> <strong>Galina Jerol\u00edmkov\u00e1, \u0159editelka Pedagogicko-psychologick\u00e9 poradny v Praze, psycholo\u017eka<\/strong> Selh\u00e1v\u00e1 tady syst\u00e9m. Ne\u017e projde cel\u00e9 kole\u010dko OSPOD, policie, st\u00e1tn\u00edzastupitelstv\u00ed, tak to m\u016f\u017ee t\u0159eba trvat t\u0159i \u010dtvrt\u011b roku, a to d\u00edt\u011b n\u00e1m z\u016fst\u00e1v\u00e1 v tom syst\u00e9mu. A t\u00edm p\u00e1dem je ohro\u017eeno jak ono, ale i rodina, ten kolektiv jak t\u011bch d\u011bt\u00ed, ale i tak\u00e9 u\u010ditel\u016f. <\/p>\n\n\n\n<p><strong>Lenka Brad\u00e1\u010dov\u00e1, nejvy\u0161\u0161\u00ed st\u00e1tn\u00ed z\u00e1stupkyn\u011b<\/strong> Nem\u00e1me dostatek za\u0159\u00edzen\u00ed, nem\u00e1me dostatek odborn\u00edk\u016f, nem\u00e1me ani dostatek p\u00e9\u010de, kter\u00e1 by m\u011bla p\u0159edch\u00e1zet t\u00e9 krimin\u00e1ln\u00ed kari\u00e9\u0159e d\u011bt\u00ed. A to je ta p\u00e9\u010de odborn\u00e1, psychologick\u00e1, psychiatrick\u00e1.<\/p>\n\n\n\n<p> <strong>Rudolf Jakubec, \u0159editel v\u00fdchovn\u00e9ho \u00fastavu, Boletice nad Labem<\/strong> Cesta ven je z toho velmi t\u011b\u017ek\u00e1. Prvn\u00ed, co bysme m\u011bli ud\u011blat, je, \u017ee by si m\u011bli odborn\u00edci sednout a skute\u010dn\u011b to cht\u00edt za\u010d\u00edt \u0159e\u0161it, proto\u017ee j\u00e1 m\u00e1m pocit, \u017ee to t\u00e9ma je tak obrovsky slo\u017eit\u00e9, \u017ee se do toho t\u00e9matu nikomu nechce s\u00e1hnout.<\/p>\n\n\n\n<p> <strong>Bob Kartous, specialista na vzd\u011bl\u00e1v\u00e1n\u00ed, odborn\u00edk v oblasti dopadu na soci\u00e1ln\u00edch s\u00edt\u00edch<\/strong> Tak zm\u011b\u0148me c\u00edle \u0161koly tak, aby vlastn\u011b vedla i k tomu u\u010dit d\u011bti, jak \u017e\u00edt spolu. V okam\u017eiku, kdy \u0161kola nezm\u011bn\u00ed ten c\u00edl, ta situace ve \u0161kol\u00e1ch pravd\u011bpodobn\u011b bude jenom hor\u0161\u00ed. <\/p>\n\n\n\n<p><strong>Andrej Drbohlav, etoped, psychoterapeut<\/strong> Pokud nedojde k syst\u00e9mov\u00e9mu z\u00e1sahu, v\u011bt\u0161\u00ed podpo\u0159e rodin, v\u011bt\u0161\u00ed podpo\u0159e tvorby r\u016fzn\u00fdch center du\u0161evn\u00ed podpory, pokud se nezm\u011bn\u00ed n\u00e1stroje toho, co m\u016f\u017ee samotn\u00e1 \u0161kola d\u011blat, tak ta situace se dle m\u00e9ho soudu bude dlouhodob\u011b zhor\u0161ovat.<\/p>\n","protected":false},"excerpt":{"rendered":"<div class=\"mh-excerpt\"><p>\u010cT 1 Lenka Brad\u00e1\u010dov\u00e1, nejvy\u0161\u0161\u00ed st\u00e1tn\u00ed z\u00e1stupkyn\u011b V roce 2024 vzrostla kriminalita d\u011bt\u00ed cirka o 8 %. Galina Jerol\u00edmkov\u00e1, \u0159editelka Pedagogicko-psychologick\u00e9 poradny v Praze, psycholo\u017eka <a class=\"mh-excerpt-more\" href=\"https:\/\/www.invarena.cz\/?p=60608\" title=\"Fenom\u00e9n doby \u2013 V\u011bk agrese\">[&#8230;]<\/a><\/p>\n<\/div>","protected":false},"author":1,"featured_media":18187,"comment_status":"open","ping_status":"closed","sticky":false,"template":"","format":"standard","meta":{"footnotes":""},"categories":[7],"tags":[],"class_list":["post-60608","post","type-post","status-publish","format-standard","has-post-thumbnail","hentry","category-spolecnost"],"_links":{"self":[{"href":"https:\/\/www.invarena.cz\/index.php?rest_route=\/wp\/v2\/posts\/60608","targetHints":{"allow":["GET"]}}],"collection":[{"href":"https:\/\/www.invarena.cz\/index.php?rest_route=\/wp\/v2\/posts"}],"about":[{"href":"https:\/\/www.invarena.cz\/index.php?rest_route=\/wp\/v2\/types\/post"}],"author":[{"embeddable":true,"href":"https:\/\/www.invarena.cz\/index.php?rest_route=\/wp\/v2\/users\/1"}],"replies":[{"embeddable":true,"href":"https:\/\/www.invarena.cz\/index.php?rest_route=%2Fwp%2Fv2%2Fcomments&post=60608"}],"version-history":[{"count":0,"href":"https:\/\/www.invarena.cz\/index.php?rest_route=\/wp\/v2\/posts\/60608\/revisions"}],"wp:featuredmedia":[{"embeddable":true,"href":"https:\/\/www.invarena.cz\/index.php?rest_route=\/wp\/v2\/media\/18187"}],"wp:attachment":[{"href":"https:\/\/www.invarena.cz\/index.php?rest_route=%2Fwp%2Fv2%2Fmedia&parent=60608"}],"wp:term":[{"taxonomy":"category","embeddable":true,"href":"https:\/\/www.invarena.cz\/index.php?rest_route=%2Fwp%2Fv2%2Fcategories&post=60608"},{"taxonomy":"post_tag","embeddable":true,"href":"https:\/\/www.invarena.cz\/index.php?rest_route=%2Fwp%2Fv2%2Ftags&post=60608"}],"curies":[{"name":"wp","href":"https:\/\/api.w.org\/{rel}","templated":true}]}}