{"id":60617,"date":"2025-09-10T00:13:21","date_gmt":"2025-09-09T22:13:21","guid":{"rendered":"https:\/\/www.invarena.cz\/?p=60617"},"modified":"2025-09-10T00:13:22","modified_gmt":"2025-09-09T22:13:22","slug":"svadlenky-z-boruvky-praha-dilna-pomaha-lidem-s-postizenim-uz-10-let","status":"publish","type":"post","link":"https:\/\/www.invarena.cz\/?p=60617","title":{"rendered":"\u0160vadlenky z Bor\u016fvky Praha: d\u00edlna pom\u00e1h\u00e1 lidem s posti\u017een\u00edm u\u017e 10 let"},"content":{"rendered":"\n<p>Neziskov\u00e1 organizace Bor\u016fvka Praha pom\u00e1h\u00e1 lidem s t\u011blesn\u00fdm posti\u017een\u00edm v pr\u016fb\u011bhu cel\u00e9ho \u017eivota. V d\u011btstv\u00ed dopravou za vzd\u011bl\u00e1n\u00edm, d\u00e1le fyzioterapi\u00ed, tr\u00e9ninkov\u00fdm pracovn\u00edm programem a zavr\u0161en\u00edm v\u0161eho je pomoc s hled\u00e1n\u00edm pracovn\u00edho m\u00edsta a samotn\u00e9 zam\u011bstn\u00e1v\u00e1n\u00ed. Nab\u00edz\u00ed nap\u0159\u00edklad uplatn\u011bn\u00ed pro absolventy u\u010debn\u00edho oboru \u0161it\u00ed od\u011bv\u016f v d\u00edln\u011b \u0161vadlen, kter\u00e1 pr\u00e1v\u011b slav\u00ed 10 let sv\u00e9 existence.<\/p>\n\n\n\n<p>D\u00edlna vznikla s jasn\u00fdm c\u00edlem \u2013 d\u00e1t pr\u00e1ci a smysl lidem s posti\u017een\u00edm, kte\u0159\u00ed maj\u00ed obrovsk\u00fd talent, \u0161ikovn\u00e9 ruce a chu\u0165 tvo\u0159it. Za\u010d\u00e1tky byly skromn\u00e9, s n\u011bkolika \u0161ic\u00edmi stroji a velk\u00fdm snem. Vznikl ale skv\u011bl\u00fd t\u00fdm, tis\u00edce kr\u00e1sn\u00fdch v\u00fdrobk\u016f a to nejd\u016fle\u017eit\u011bj\u0161\u00ed \u2013 st\u00e1le v\u00edce spokojen\u00fdch z\u00e1kazn\u00edk\u016f.<\/p>\n\n\n\n<p>Zapojen\u00ed do pracovn\u00edho procesu<\/p>\n\n\n\n<p>Pro osoby s t\u011blesn\u00fdm posti\u017een\u00edm nen\u00ed v dne\u0161n\u00ed dob\u011b jednoduch\u00e9 naj\u00edt si zam\u011bstn\u00e1n\u00ed. D\u00edlna \u0161vadlen se to sna\u017e\u00ed zm\u011bnit. Umo\u017e\u0148uje jim naj\u00edt uplatn\u011bn\u00ed a z\u00e1rove\u0148 t\u00edm zvy\u0161uje jejich pocit pot\u0159ebnosti a sebed\u016fv\u011bry. Po skon\u010den\u00ed studia maj\u00ed \u0161vadleny z\u00e1kladn\u00ed dovednosti z oboru, ale uplatnit se na trhu mezi zdrav\u00fdmi lidmi je bez pracovn\u00ed praxe velmi slo\u017eit\u00e9.<\/p>\n\n\n\n<p>Bor\u016fvka Praha vytvo\u0159ila chr\u00e1n\u011bn\u00e1 pracovn\u00ed m\u00edsta, aby mohli z\u00edskat pr\u00e1ci i ti, kte\u0159\u00ed maj\u00ed obor vystudovan\u00fd, ale d\u00edky jejich t\u011blesn\u00e9mu znev\u00fdhodn\u011bn\u00ed h\u016f\u0159e hledaj\u00ed uplatn\u011bn\u00ed. \u201eVystudovala jsem soci\u00e1ln\u00ed pr\u00e1ci, ale d\u00edky sv\u00e9mu posti\u017een\u00ed jsem nena\u0161la ve sv\u00e9m oboru uplatn\u011bn\u00ed. V\u017edy m\u011b bavila m\u00f3da a ru\u010dn\u00ed pr\u00e1ce, proto jsem se rozhodla vyu\u017e\u00edt svou kreativitu v D\u00edln\u011b \u0161vadlen Bor\u016fvka Praha,\u201c popsala \u0161vadlenka Katka sv\u016fj p\u0159\u00edb\u011bh.<\/p>\n\n\n\n<p>Sni\u017eov\u00e1n\u00ed nezam\u011bstnanosti a izolovanosti<\/p>\n\n\n\n<p>\u0160vadlenky zde z\u00edskaj\u00ed dal\u0161\u00ed adekv\u00e1tn\u00ed pracovn\u00ed praxi v oboru pod veden\u00edm zku\u0161en\u00e9 mistrov\u00e9 s dlouholetou prax\u00ed. \u201eZku\u0161enosti mohou p\u0159\u00edpadn\u011b uplatnit v dal\u0161\u00edm zam\u011bstn\u00e1n\u00ed, ale jeliko\u017e jsou v na\u0161\u00ed d\u00edln\u011b spokojen\u00e9 a \u0161\u0165astn\u00e9, n\u011bkter\u00e9 z nich u n\u00e1s zam\u011bstn\u00e1v\u00e1me ji\u017e mnoho let. Samoz\u0159ejmost\u00ed je i p\u0159\u00edjemn\u00e9, bezpe\u010dn\u00e9 prost\u0159ed\u00ed a z\u00e1zem\u00ed. Sna\u017e\u00edme se o vyu\u017eit\u00ed jejich dovednost\u00ed z v\u00fdu\u010dn\u00edho oboru a zvy\u0161ov\u00e1n\u00ed samostatnosti jejich pr\u00e1ce. Z\u00e1rove\u0148 t\u00edm sni\u017eujeme nezam\u011bstnanost a izolovanost lid\u00ed s posti\u017een\u00edm,\u201c uvedla mistrov\u00e1 \u0161vadlen Ilona Stachov\u00e1, kter\u00e1 je pro n\u011b pravou rukou, lektorkou i kou\u010dkou.<\/p>\n\n\n\n<p>\u201eDost\u00e1v\u00e1me zak\u00e1zky od firem a jednotlivc\u016f na v\u00fdrobu textiln\u00edch ta\u0161ek, batoh\u016f, povlak\u016f na pol\u0161t\u00e1\u0159e, prost\u00edr\u00e1n\u00ed, ubrus\u016f, ale \u0161ijeme tak\u00e9 i ut\u011brky, ch\u0148apky, podsed\u00e1ky nebo i adventn\u00ed kalend\u00e1\u0159e. Spolupracujeme nap\u0159\u00edklad s Kr\u00e1lovskou kapitulou sv. Petra a Pavla na Vy\u0161ehrad\u011b, se spole\u010dnost\u00ed IKEA, Czech design \u010di RETAIL MONKEYS,\u201c dodala Ilona Stachov\u00e1.<\/p>\n\n\n\n<p>D\u00edlna, kter\u00e1 nyn\u00ed slav\u00ed 10 let existence, se nach\u00e1z\u00ed v ulici V Pevnosti 4 na Praze 2. V\u00fdrobky jsou k vid\u011bn\u00ed tak\u00e9 na e-shopu \u010di p\u0159\u00edmo v Obch\u016fdku Bor\u016fvka na Vy\u0161ehrad\u011b.<\/p>\n\n\n\n<p>Eli\u0161ka Stodolov\u00e1<\/p>\n\n\n\n<p>Pra\u017esk\u00fd den\u00edk<\/p>\n\n\n\n<p><a href=\"https:\/\/prazsky.denik.cz\" target=\"_blank\" rel=\"noreferrer noopener\">https:\/\/prazsky.denik.cz<\/a><\/p>\n","protected":false},"excerpt":{"rendered":"<div class=\"mh-excerpt\"><p>Neziskov\u00e1 organizace Bor\u016fvka Praha pom\u00e1h\u00e1 lidem s t\u011blesn\u00fdm posti\u017een\u00edm v pr\u016fb\u011bhu cel\u00e9ho \u017eivota. V d\u011btstv\u00ed dopravou za vzd\u011bl\u00e1n\u00edm, d\u00e1le fyzioterapi\u00ed, tr\u00e9ninkov\u00fdm pracovn\u00edm programem a zavr\u0161en\u00edm <a class=\"mh-excerpt-more\" href=\"https:\/\/www.invarena.cz\/?p=60617\" title=\"\u0160vadlenky z Bor\u016fvky Praha: d\u00edlna pom\u00e1h\u00e1 lidem s posti\u017een\u00edm u\u017e 10 let\">[&#8230;]<\/a><\/p>\n<\/div>","protected":false},"author":1,"featured_media":17403,"comment_status":"open","ping_status":"closed","sticky":false,"template":"","format":"standard","meta":{"footnotes":""},"categories":[9],"tags":[],"class_list":["post-60617","post","type-post","status-publish","format-standard","has-post-thumbnail","hentry","category-zpravy"],"_links":{"self":[{"href":"https:\/\/www.invarena.cz\/index.php?rest_route=\/wp\/v2\/posts\/60617","targetHints":{"allow":["GET"]}}],"collection":[{"href":"https:\/\/www.invarena.cz\/index.php?rest_route=\/wp\/v2\/posts"}],"about":[{"href":"https:\/\/www.invarena.cz\/index.php?rest_route=\/wp\/v2\/types\/post"}],"author":[{"embeddable":true,"href":"https:\/\/www.invarena.cz\/index.php?rest_route=\/wp\/v2\/users\/1"}],"replies":[{"embeddable":true,"href":"https:\/\/www.invarena.cz\/index.php?rest_route=%2Fwp%2Fv2%2Fcomments&post=60617"}],"version-history":[{"count":0,"href":"https:\/\/www.invarena.cz\/index.php?rest_route=\/wp\/v2\/posts\/60617\/revisions"}],"wp:featuredmedia":[{"embeddable":true,"href":"https:\/\/www.invarena.cz\/index.php?rest_route=\/wp\/v2\/media\/17403"}],"wp:attachment":[{"href":"https:\/\/www.invarena.cz\/index.php?rest_route=%2Fwp%2Fv2%2Fmedia&parent=60617"}],"wp:term":[{"taxonomy":"category","embeddable":true,"href":"https:\/\/www.invarena.cz\/index.php?rest_route=%2Fwp%2Fv2%2Fcategories&post=60617"},{"taxonomy":"post_tag","embeddable":true,"href":"https:\/\/www.invarena.cz\/index.php?rest_route=%2Fwp%2Fv2%2Ftags&post=60617"}],"curies":[{"name":"wp","href":"https:\/\/api.w.org\/{rel}","templated":true}]}}