{"id":60623,"date":"2025-09-10T00:21:12","date_gmt":"2025-09-09T22:21:12","guid":{"rendered":"https:\/\/www.invarena.cz\/?p=60623"},"modified":"2025-09-10T00:21:12","modified_gmt":"2025-09-09T22:21:12","slug":"syndrom-karpalniho-tunelu-lze-resit-i-spravnym-postavenim-a-sezenim","status":"publish","type":"post","link":"https:\/\/www.invarena.cz\/?p=60623","title":{"rendered":"Syndrom karp\u00e1ln\u00edho tunelu lze \u0159e\u0161it i spr\u00e1vn\u00fdm postaven\u00edm a sezen\u00edm"},"content":{"rendered":"\n<p>V \u010cesku trp\u00ed syndromem karp\u00e1ln\u00edho tunelu p\u0159ibli\u017en\u011b \u010dty\u0159i procenta populace, co\u017e odpov\u00edd\u00e1 b\u011b\u017en\u00fdm mezin\u00e1rodn\u00edm statistik\u00e1m. K m\u00edrn\u00e9mu poklesu do\u0161lo v d\u016fsledku pandemie a roz\u0161\u00ed\u0159en\u00ed pr\u00e1ce z domova. Jak ruk\u00e1m ulevit, nadm\u00edru je nezat\u011b\u017eovat a co podniknout, abychom nemuseli takzvan\u011b pod kudlu, porad\u00ed pohybov\u00fd terapeut V\u00e1clav R\u00e1zl.<\/p>\n\n\n\n<p>Cel\u00fd \u010dl\u00e1nek naleznete na novinky.cz: <a href=\"https:\/\/www.novinky.cz\/clanek\/zdravi-syndrom-karpalniho-tunelu-lze-resit-i-spravnym-postavenim-a-sezenim-40537134\" target=\"_blank\" rel=\"noreferrer noopener\">https:\/\/www.novinky.cz\/clanek\/zdravi-syndrom-karpalniho-tunelu-lze-resit-i-spravnym-postavenim-a-sezenim-40537134<\/a><\/p>\n","protected":false},"excerpt":{"rendered":"<div class=\"mh-excerpt\"><p>V \u010cesku trp\u00ed syndromem karp\u00e1ln\u00edho tunelu p\u0159ibli\u017en\u011b \u010dty\u0159i procenta populace, co\u017e odpov\u00edd\u00e1 b\u011b\u017en\u00fdm mezin\u00e1rodn\u00edm statistik\u00e1m. K m\u00edrn\u00e9mu poklesu do\u0161lo v d\u016fsledku pandemie a roz\u0161\u00ed\u0159en\u00ed pr\u00e1ce <a class=\"mh-excerpt-more\" href=\"https:\/\/www.invarena.cz\/?p=60623\" title=\"Syndrom karp\u00e1ln\u00edho tunelu lze \u0159e\u0161it i spr\u00e1vn\u00fdm postaven\u00edm a sezen\u00edm\">[&#8230;]<\/a><\/p>\n<\/div>","protected":false},"author":1,"featured_media":21763,"comment_status":"open","ping_status":"closed","sticky":false,"template":"","format":"standard","meta":{"footnotes":""},"categories":[9],"tags":[],"class_list":["post-60623","post","type-post","status-publish","format-standard","has-post-thumbnail","hentry","category-zpravy"],"_links":{"self":[{"href":"https:\/\/www.invarena.cz\/index.php?rest_route=\/wp\/v2\/posts\/60623","targetHints":{"allow":["GET"]}}],"collection":[{"href":"https:\/\/www.invarena.cz\/index.php?rest_route=\/wp\/v2\/posts"}],"about":[{"href":"https:\/\/www.invarena.cz\/index.php?rest_route=\/wp\/v2\/types\/post"}],"author":[{"embeddable":true,"href":"https:\/\/www.invarena.cz\/index.php?rest_route=\/wp\/v2\/users\/1"}],"replies":[{"embeddable":true,"href":"https:\/\/www.invarena.cz\/index.php?rest_route=%2Fwp%2Fv2%2Fcomments&post=60623"}],"version-history":[{"count":0,"href":"https:\/\/www.invarena.cz\/index.php?rest_route=\/wp\/v2\/posts\/60623\/revisions"}],"wp:featuredmedia":[{"embeddable":true,"href":"https:\/\/www.invarena.cz\/index.php?rest_route=\/wp\/v2\/media\/21763"}],"wp:attachment":[{"href":"https:\/\/www.invarena.cz\/index.php?rest_route=%2Fwp%2Fv2%2Fmedia&parent=60623"}],"wp:term":[{"taxonomy":"category","embeddable":true,"href":"https:\/\/www.invarena.cz\/index.php?rest_route=%2Fwp%2Fv2%2Fcategories&post=60623"},{"taxonomy":"post_tag","embeddable":true,"href":"https:\/\/www.invarena.cz\/index.php?rest_route=%2Fwp%2Fv2%2Ftags&post=60623"}],"curies":[{"name":"wp","href":"https:\/\/api.w.org\/{rel}","templated":true}]}}