{"id":60663,"date":"2025-09-12T10:40:21","date_gmt":"2025-09-12T08:40:21","guid":{"rendered":"https:\/\/www.invarena.cz\/?p=60663"},"modified":"2025-09-12T10:43:46","modified_gmt":"2025-09-12T08:43:46","slug":"olomoucka-pout-ozivi-trznici-bude-se-vybirat-na-vozickare","status":"publish","type":"post","link":"https:\/\/www.invarena.cz\/?p=60663","title":{"rendered":"Olomouck\u00e1 pou\u0165 o\u017eiv\u00ed tr\u017enici,\u00a0bude se vyb\u00edrat na voz\u00ed\u010dk\u00e1\u0159e"},"content":{"rendered":"\n<p>\u010cesk\u00fd rozhlas Olomouc<\/p>\n\n\n\n<p>m\u00e1me dny evropsk\u00e9ho d\u011bdictv\u00ed a jednou z akc\u00ed, kter\u00e1 je pravideln\u00e1 a d\u00edky n\u00ed\u017e m\u016f\u017eeme pomoct mnoha lidem, jsou Zasukovan\u00e9 tkani\u010dky, je to charitativn\u00ed sb\u00edrka, zakoupen\u00edm toti\u017e p\u0159edm\u011bt\u016f, p\u0159\u00edpadn\u011b podporou pom\u016f\u017eete olomouck\u00e9mu spolku Trend voz\u00ed\u010dk\u00e1\u0159\u016f. Nav\u00edc si k tomu m\u016f\u017eete vychutnat skv\u011bl\u00e1 hudebn\u00ed nebo cirkusov\u00e1 vystoupen\u00ed. <\/p>\n\n\n\n<p> Olomouck\u00fd trend voz\u00ed\u010dk\u00e1\u0159\u016f je organizac\u00ed, kter\u00e1 pom\u00e1h\u00e1 r\u016fzn\u00fdm zp\u016fsobem, ale pomoci m\u016f\u017eeme hlavn\u011b my, a to se t\u00fdk\u00e1 i poslucha\u010d\u016f \u010cesk\u00e9ho rozhlasu Olomouc. A pr\u00e1v\u011b o tom te\u010f budeme mluvit s Milanem Pape\u017e\u00edkem pr\u00e1v\u011b z olomouck\u00e9ho spolku Trend voz\u00ed\u010dk\u00e1\u0159\u016f, je to n\u00e1\u0161 pravideln\u00fd host. Milane, v\u00edtejte, dobr\u00e9 dopoledne. Tak jak\u00fdm zp\u016fsobem m\u016f\u017eou na\u0161i poslucha\u010di pomoci? P\u0159ede\u0161lu, \u017ee se jedn\u00e1 o sb\u00edrku pro voz\u00ed\u010dk\u00e1\u0159e, kter\u00e1 se opakuje ka\u017ed\u00fd rok, mo\u017en\u00e1 i n\u011bkolikr\u00e1t. My se te\u010f budeme bavit o velk\u00e9 podpo\u0159e, kterou je mo\u017en\u00e9 ud\u011blat dnes a z\u00edtra, tak\u017ee jak\u00fdm zp\u016fsobem m\u016f\u017eou na\u0161i poslucha\u010di pomoci pr\u00e1v\u011b voz\u00ed\u010dk\u00e1\u0159\u016fm?<\/p>\n\n\n\n<p> <strong>mluv\u010d\u00ed 9,<\/strong> Poslucha\u010di mohou pomoci tak, \u017ee vlastn\u011b po m\u011bst\u011b chod\u00ed dvojice s kasi\u010dkami se zasukovan\u00fdmi tkani\u010dkami v r\u00e1mci t\u00e9to sb\u00edrky. Pozn\u00e1te je pr\u00e1v\u011b podle t\u011bchto propriet a m\u016f\u017eete p\u0159isp\u011bt do kasi\u010dek dobrovoln\u00fdm p\u0159\u00edsp\u011bvkem a podpo\u0159it tak voz\u00ed\u010dk\u00e1\u0159e. <\/p>\n\n\n\n<p><strong>mluv\u010d\u00ed 8,<\/strong> Ka\u017ed\u00fd rok se pt\u00e1m, kolik to m\u00e1 b\u00fdt. <\/p>\n\n\n\n<p><strong>mluv\u010d\u00ed 9,<\/strong> J\u00e1 pr\u00e1v\u011b \u0159\u00edk\u00e1m, \u017ee na rozd\u00edl od t\u011bch jin\u00fdch sb\u00edrek m\u00e1me velice dobrovoln\u00fd ten p\u0159\u00edsp\u011bvek, ale je to tak v\u011bt\u0161inou pades\u00e1tka, stovka, kolem t\u011bchto \u010d\u00e1stek. <\/p>\n\n\n\n<p><strong>mluv\u010d\u00ed 8,<\/strong> Se to pohybuje takov\u00e9 zdrav\u00e9 minimum, je kolik? Nebo na tom nez\u00e1le\u017e\u00ed. <\/p>\n\n\n\n<p><strong>mluv\u010d\u00ed 9,<\/strong> J\u00e1 \u0159\u00edk\u00e1m i koruna, je to minimum. Ano. <\/p>\n\n\n\n<p><strong>mluv\u010d\u00ed 8,<\/strong> Dob\u0159e, kde v\u0161ude naraz\u00edme na ty dvojice. P\u0159edpokl\u00e1d\u00e1m, \u017ee tedy v Olomouci pravd\u011bpodobn\u011b v\u00edce v centru m\u011bsta. <\/p>\n\n\n\n<p><strong>mluv\u010d\u00ed 9,<\/strong> Ano, je to tak prakticky v\u0161ude, kde se pohybuj\u00ed lid\u00e9, tak\u017ee p\u0159ed obchodn\u00edmi centry na r\u016fzn\u00fdch zast\u00e1vk\u00e1ch na n\u00e1m\u011bst\u00ed potk\u00e1te skoro v\u0161ude. <\/p>\n\n\n\n<p><strong>mluv\u010d\u00ed 8,<\/strong> Jako ka\u017ed\u00fd rok jsou poznat a opravdu m\u016f\u017eete p\u0159isp\u011bt, ale nen\u00ed to jedin\u00fd zp\u016fsob. Vypo\u0159\u00e1d\u00e1te tak\u00e9 dal\u0161\u00ed akce, dal\u0161\u00ed mo\u017enosti, jak na\u0161i poslucha\u010di nebo obecn\u011b n\u00e1v\u0161t\u011bvn\u00edci \u010di lid\u00e9 v Olomouci mohou voz\u00ed\u010dk\u00e1\u0159\u016fm p\u0159isp\u011bt. Tak co je to hlavn\u00ed?<\/p>\n\n\n\n<p> <strong>mluv\u010d\u00ed 9,<\/strong> To hlavn\u00ed? J\u00e1 bych \u0159ekl, \u017ee to hlavn\u00ed jsou ty kasi\u010dky, ale takov\u00e1 ta odm\u011bna pro vlastn\u011b p\u0159isp\u011bvatele jsou benefi\u010dn\u00ed koncerty, kter\u00e9 po\u0159\u00e1d\u00e1me poka\u017ed\u00e9 v r\u00e1mci t\u00e9to sb\u00edrky a letos op\u011bt narostla ta benefice a kon\u00e1 se v r\u00e1mci tradi\u010dn\u00ed olomouck\u00e9 pouti na tr\u017enici a setk\u00e1me se \u010dty\u0159i v\u00edkendov\u00e9 dny, p\u00e1tek, sobota, p\u00e1tek, sobota. Je to tak, tak\u017ee u\u017e dnes startuje ta benefice v 15 hodin. Setk\u00e1me se pak z\u00edtra, a to stejn\u00e9 zopakujeme p\u0159\u00ed\u0161t\u00ed t\u00fdden. <\/p>\n\n\n\n<p><strong>mluv\u010d\u00ed 8,<\/strong> v ka\u017ed\u00e9m tom dni tedy m\u016f\u017eeme pomoct t\u0159eba i t\u00edm, \u017ee zaplat\u00edme za ten koncert nebo jak to ud\u011blat. <\/p>\n\n\n\n<p><strong>mluv\u010d\u00ed 9,<\/strong> Je to tak. P\u0159\u00edsp\u011bvkem do kasi\u010dek, jsou tam rozm\u00edst\u011bny t\u0159i kasi\u010dky, tak\u017ee je to takov\u00fd dobrovoln\u00fd vstup na ty koncerty a budou se tam i pohybovat n\u011bkte\u0159\u00ed voz\u00ed\u010dk\u00e1\u0159i a \u017e\u00e1ci \u0161kol, t\u0159eba dobrovoln\u00edci, kte\u0159\u00ed budou i oslovovat. <\/p>\n\n\n\n<p><strong>mluv\u010d\u00ed 8,<\/strong> Tak a \u0159\u00edk\u00e1te koncerty, tak\u017ee mus\u00edme p\u0159edstavit ty um\u011blce, p\u0159edpokl\u00e1d\u00e1m, \u017ee to budou velk\u00e1 zn\u00e1m\u00e1 jm\u00e9na, aby p\u0159it\u00e1hli div\u00e1ky, je to tak&#8230;. <\/p>\n\n\n\n<p><strong>mluv\u010d\u00ed 9,<\/strong> Je to tak, jsou to nejen velk\u00e1 zn\u00e1m\u00e1 jm\u00e9na, ale i tady t\u0159eba hudebn\u00edci z Olomouce a ten program je letos opravdu tak rozmanit\u00fd, \u017ee to jsme je\u0161t\u011b nikdy p\u0159edt\u00edm nem\u011bli. Tak\u017ee t\u0159eba dnes celou benefici startuje Ilona Cs\u00e1kov\u00e1, popul\u00e1rn\u00ed zp\u011bva\u010dka, bude tam i rappersk\u00e9 vystoupen\u00ed rappersk\u00e9ho objevu Das Ady. Z\u00edtra se m\u016f\u017eeme t\u0159eba t\u011b\u0161it na poh\u00e1dku T\u0159i o\u0159\u00ed\u0161ky od Divadla na cucky vystoupen\u00ed pro d\u011bti a pak vystoup\u00ed t\u0159eba kapela Trocha klidu a Honza Bend\u00edk. To je ta hlavn\u00ed hv\u011bzda tohoto v\u00edkendu nebo toho z\u00edt\u0159ej\u0161\u00edho dne. <\/p>\n\n\n\n<p><strong>mluv\u010d\u00ed 8,<\/strong> Rozum\u00edme, jste \u0159ekl, prostor olomouck\u00e9 tr\u017enice, ten je tro\u0161ku rozs\u00e1hl\u00fd, tak\u017ee kde v\u00e1s na\u0161i poslucha\u010di najdou, kde to je p\u0159esn\u011b? <\/p>\n\n\n\n<p><strong>mluv\u010d\u00ed 9,<\/strong> Najdou n\u00e1s na t\u00e9 plo\u0161e vlastn\u011b, kter\u00e1 je vedle, vedle stolu, vedle tr\u017ei\u0161t\u011b, ur\u010dit\u011b to uvid\u00edte, blik\u00e1 tam mnoho sv\u011btel, je tam ruch koloto\u010de a p\u00f3dium. <\/p>\n\n\n\n<p><strong>mluv\u010d\u00ed 8,<\/strong> P\u0159edpokl\u00e1d\u00e1m. <\/p>\n\n\n\n<p><strong>mluv\u010d\u00ed 9,<\/strong> P\u0159esn\u011b tak, je tam p\u00f3dium a ty sv\u011btla z p\u00f3dia ur\u010dit\u011b uvid\u00edte a\u017e do tramvaje. <\/p>\n\n\n\n<p><strong>mluv\u010d\u00ed 8,<\/strong> Tak \u0159ekla jste dnes a z\u00edtra mimo jin\u00e9 Ilona Cs\u00e1kov\u00e1, Jan Bendik, potom olomou\u010dt\u00ed um\u011blci. Co bude ten p\u0159\u00ed\u0161t\u00ed p\u00e1tek a v sobotu? \u0158\u00edkala jste, \u017ee to je ve dvou t\u00fddnech. <\/p>\n\n\n\n<p><strong>mluv\u010d\u00ed 9,<\/strong> Je to tak. P\u0159\u00ed\u0161t\u00ed p\u00e1tek se m\u016f\u017eeme t\u011b\u0161it t\u0159eba na Juliana Z\u00e1horovsk\u00e9ho ze SuperStar skv\u011blou bubenickou show a pak ten den zakon\u010d\u00ed Al\u017eb\u011bta Kole\u010dk\u00e1\u0159ov\u00e1 a kapela Reflexy a j\u00e1 u\u017e m\u016f\u017eu prozradit, \u017ee Al\u017eb\u011bta s reflexama daj\u00ed spole\u010dn\u011b po asi \u010dty\u0159ech letech velk\u00fd r\u00e1diov\u00fd megahit proud mezi n\u00e1mi, tak\u017ee reflexi p\u0159izvou Al\u017eb\u011btu. <\/p>\n\n\n\n<p><strong>mluv\u010d\u00ed 8,<\/strong> No, t\u011b\u0161\u00edme se na to, t\u011b\u0161\u00edme se na to, samoz\u0159ejm\u011b v\u011b\u0159\u00edme, \u017ee se i letos vybere maxim\u00e1ln\u00ed mno\u017estv\u00ed pen\u011bz. Poslucha\u010di ur\u010dit\u011b maj\u00ed tu ot\u00e1zku, na co to p\u0159esn\u011b pou\u017eijete? <\/p>\n\n\n\n<p><strong>mluv\u010d\u00ed 9,<\/strong> Pou\u017e\u00edv\u00e1me to nap\u0159\u00edklad na n\u00e1kup kompenza\u010dn\u00edch pom\u016fcek k dofinancov\u00e1n\u00ed t\u011bch soci\u00e1ln\u00edch slu\u017eeb, osobn\u00ed asistence, soci\u00e1ln\u00ed rehabilitace a d\u00edky na\u0161im podporovatel\u016fm jsme mohli t\u0159eba v minul\u00fdch letech po\u0159\u00eddit automobil pro p\u0159evoz osob s handicapem a jeden bychom je\u0161t\u011b pot\u0159ebovali, tak\u017ee nejsp\u00ed\u0161 ty pen\u00edze nebo asi ur\u010dit\u011b ty pen\u00edze p\u016fjdou na po\u0159\u00edzen\u00ed, nov\u00e9ho automobilu. <\/p>\n\n\n\n<p><strong>mluv\u010d\u00ed 8,<\/strong> No, to jsou ale stovky tis\u00edc, mysl\u00edte, \u017ee tohle se vybere? <\/p>\n\n\n\n<p><strong>mluv\u010d\u00ed 9,<\/strong> Je to tak stovky tis\u00edc, ale u Natomy\u0161i pom\u00e1h\u00e1 n\u011bjak\u00e1 dotace, tak\u017ee je to sp\u00ed\u0161 dofinancov\u00e1n\u00ed. <\/p>\n\n\n\n<p><strong>mluv\u010d\u00ed 8,<\/strong> Dob\u0159e. D\u00e1 se odhadnout, kolik pen\u011bz t\u0159eba b\u00fdv\u00e1 ka\u017ed\u00fd rok nebo jak\u00e9 jsou ty trendy. Je to v\u00edcem\u00e9n\u011b, nebo m\u011bn\u00ed se to n\u011bjak. <\/p>\n\n\n\n<p><strong>mluv\u010d\u00ed 10,<\/strong> Po\u0159\u00e1d v\u00edce. J\u00e1 si mysl\u00edm. <\/p>\n\n\n\n<p><strong>mluv\u010d\u00ed 9,<\/strong> Te\u010f posledn\u00ed dobou po pandemii koronaviru je to tak\u0159ka stejn\u00e9, kolem 100 000 poka\u017ed\u00e9 v t\u00e9 etap\u011b, tak\u017ee m\u00e1me dv\u011b etapy vlastn\u011b b\u011bhem roku a v\u017edycky to je takov\u00fdch 200 000 b\u011bhem cel\u00e9ho roku, tak\u017ee n\u011bjak\u00fdch 100 za jednu. <\/p>\n\n\n\n<p><strong>mluv\u010d\u00ed 8,<\/strong> Te\u010f to p\u016fjde na auto, jste \u0159\u00edkal, ale takov\u00e9 kompenza\u010dn\u00ed pom\u016fcky m\u00e1me v\u016fbec p\u0159edstavu, jak\u00e9 to jsou a kolik to stoj\u00ed? To mo\u017en\u00e1 poslucha\u010di ani nev\u011bd\u00ed. <\/p>\n\n\n\n<p><strong>mluv\u010d\u00ed 9,<\/strong> Ano, jsou to, jsou to pov\u011bt\u0161inou invalidn\u00ed voz\u00edky, ten norm\u00e1ln\u00ed, oby\u010dejn\u00fd stoj\u00ed kolem 30 000 K\u010d a ten opravdu upraven\u00fd odleh\u010den\u00fd stoj\u00ed a\u017e 100, 120 000, tak\u017ee je to velice, velice n\u00e1kladn\u00e9, ale nejsou to jen voz\u00edky, jsou to nap\u0159\u00edklad r\u016fzn\u00e1 chod\u00edtka, podava\u010de a tak d\u00e1l, a tak d\u00e1l, v\u0161echno, co vlastn\u011b pom\u00e1h\u00e1 t\u011bm voz\u00ed\u010dk\u00e1\u0159\u016fm.<\/p>\n\n\n\n<p> <strong>mluv\u010d\u00ed 8,<\/strong> Milan Pape\u017e\u00edk z olomouck\u00e9ho Trendu voz\u00ed\u010dk\u00e1\u0159\u016f byl na\u0161\u00edm hostem. Zval tak tedy je\u0161t\u011b jednou, od kolika, do kolika hlavn\u011b tedy dnes a z\u00edtra a kde. <\/p>\n\n\n\n<p><strong>mluv\u010d\u00ed 9,<\/strong> Tak cel\u00e1 pou\u0165 prob\u00edh\u00e1 od dvan\u00e1ct\u00e9ho a\u017e 21. 9. ale ty benefi\u010dn\u00ed koncerty jsou v\u017edy od 15 hodin do 10 do ve\u010dera p\u0159\u00ed\u0161t\u00ed t\u00fdden od 16. <\/p>\n\n\n\n<p><strong>mluv\u010d\u00ed 8,<\/strong> A\u017e Ilona Cs\u00e1kov\u00e1, tedy tah\u00e1k, v kolik to bude dneska? <\/p>\n\n\n\n<p><strong>mluv\u010d\u00ed 9,<\/strong> Dneska? To startuje Ilona Cs\u00e1kov\u00e1 v t\u011bch 15. <\/p>\n\n\n\n<p><strong>mluv\u010d\u00ed 8,<\/strong> Hodin. T\u011b\u0161\u00edme se. Tak\u017ee p\u0159eje, a\u0165 si vybere hodn\u011b, minim\u00e1ln\u011b 100 000 a t\u011b\u0161\u00edme se na to. Zve\u0159ejn\u011bnou celkovou \u010d\u00e1stku. <\/p>\n\n\n\n<h2 class=\"wp-block-heading\">SPECI\u00c1LN\u00cd BENEFI\u010cN\u00cd PROGRAM pro Spolek Trend voz\u00ed\u010dk\u00e1\u0159\u016f Olomouc:&nbsp;<\/h2>\n\n\n\n<h3 class=\"wp-block-heading\">P\u00e1tek 12. 9. 2025:&nbsp;<\/h3>\n\n\n\n<p>15:00 Oz\u00f3nov\u00e1 d\u00edra<\/p>\n\n\n\n<p>16:00 CIRKUS LEVITARE&nbsp;<\/p>\n\n\n\n<p>17:00 LIBOR ELVIS KONE\u010cN\u00dd&nbsp;<\/p>\n\n\n\n<p>18:30 ISBINA&nbsp;<\/p>\n\n\n\n<p>20:30 DAS ADY&nbsp;<\/p>\n\n\n\n<h3 class=\"wp-block-heading\">Sobota 13. 9. 2025:&nbsp;<\/h3>\n\n\n\n<p>15:00 DIVADLO NA CUCKY: T\u0158I O\u0158\u00cd\u0160KY&nbsp;<\/p>\n\n\n\n<p>16:30 ZP\u00cdV\u00c1NKY STR\u00dd\u010cKA L\u00cd\u010cKA&nbsp;<\/p>\n\n\n\n<p>18:00 BALLISTIC&nbsp;<\/p>\n\n\n\n<p>19:30 TROCHA KLIDU&nbsp;<\/p>\n\n\n\n<p>21:00 JAN BENDIG&nbsp;<\/p>\n\n\n\n<h3 class=\"wp-block-heading\">P\u00e1tek 19. 9. 2025:&nbsp;<\/h3>\n\n\n\n<p>16:00 JULIAN Z\u00c1HOROVSK\u00dd \u00a8<\/p>\n\n\n\n<p>17:30 BUBENICK\u00c1 SHOW DRUMMING SOUL&nbsp;<\/p>\n\n\n\n<p>19:00 AL\u017dB\u011aTA KOLE\u010cK\u00c1\u0158OV\u00c1 &amp; BAND&nbsp;<\/p>\n\n\n\n<p>20:30 REFLEXY&nbsp;<\/p>\n\n\n\n<p>Sobota 20. 9. 2025:&nbsp;<\/p>\n\n\n\n<p>16:00 DOGS CAN WEAR HATS&nbsp;<\/p>\n\n\n\n<p>17:30 HARLEJ REVIVAL OLOMOUC&nbsp;<\/p>\n\n\n\n<p>19:00 ABRAXAS&nbsp;<\/p>\n\n\n\n<p>20:30 TRAVESTI SHOW SWEET LADIES&nbsp;<\/p>\n","protected":false},"excerpt":{"rendered":"<div class=\"mh-excerpt\"><p>\u010cesk\u00fd rozhlas Olomouc m\u00e1me dny evropsk\u00e9ho d\u011bdictv\u00ed a jednou z akc\u00ed, kter\u00e1 je pravideln\u00e1 a d\u00edky n\u00ed\u017e m\u016f\u017eeme pomoct mnoha lidem, jsou Zasukovan\u00e9 tkani\u010dky, je <a class=\"mh-excerpt-more\" href=\"https:\/\/www.invarena.cz\/?p=60663\" title=\"Olomouck\u00e1 pou\u0165 o\u017eiv\u00ed tr\u017enici,\u00a0bude se vyb\u00edrat na voz\u00ed\u010dk\u00e1\u0159e\">[&#8230;]<\/a><\/p>\n<\/div>","protected":false},"author":1,"featured_media":60664,"comment_status":"open","ping_status":"closed","sticky":false,"template":"","format":"standard","meta":{"footnotes":""},"categories":[17],"tags":[],"class_list":["post-60663","post","type-post","status-publish","format-standard","has-post-thumbnail","hentry","category-kultura"],"_links":{"self":[{"href":"https:\/\/www.invarena.cz\/index.php?rest_route=\/wp\/v2\/posts\/60663","targetHints":{"allow":["GET"]}}],"collection":[{"href":"https:\/\/www.invarena.cz\/index.php?rest_route=\/wp\/v2\/posts"}],"about":[{"href":"https:\/\/www.invarena.cz\/index.php?rest_route=\/wp\/v2\/types\/post"}],"author":[{"embeddable":true,"href":"https:\/\/www.invarena.cz\/index.php?rest_route=\/wp\/v2\/users\/1"}],"replies":[{"embeddable":true,"href":"https:\/\/www.invarena.cz\/index.php?rest_route=%2Fwp%2Fv2%2Fcomments&post=60663"}],"version-history":[{"count":0,"href":"https:\/\/www.invarena.cz\/index.php?rest_route=\/wp\/v2\/posts\/60663\/revisions"}],"wp:featuredmedia":[{"embeddable":true,"href":"https:\/\/www.invarena.cz\/index.php?rest_route=\/wp\/v2\/media\/60664"}],"wp:attachment":[{"href":"https:\/\/www.invarena.cz\/index.php?rest_route=%2Fwp%2Fv2%2Fmedia&parent=60663"}],"wp:term":[{"taxonomy":"category","embeddable":true,"href":"https:\/\/www.invarena.cz\/index.php?rest_route=%2Fwp%2Fv2%2Fcategories&post=60663"},{"taxonomy":"post_tag","embeddable":true,"href":"https:\/\/www.invarena.cz\/index.php?rest_route=%2Fwp%2Fv2%2Ftags&post=60663"}],"curies":[{"name":"wp","href":"https:\/\/api.w.org\/{rel}","templated":true}]}}