{"id":60669,"date":"2025-09-12T10:55:32","date_gmt":"2025-09-12T08:55:32","guid":{"rendered":"https:\/\/www.invarena.cz\/?p=60669"},"modified":"2025-09-12T10:55:33","modified_gmt":"2025-09-12T08:55:33","slug":"jiz-pristi-rok-budeme-mit-elektronickou-digitalni-penezenku","status":"publish","type":"post","link":"https:\/\/www.invarena.cz\/?p=60669","title":{"rendered":"Ji\u017e p\u0159\u00ed\u0161t\u00ed rok budeme m\u00edt elektronickou digit\u00e1ln\u00ed pen\u011b\u017eenku"},"content":{"rendered":"\n<p>\u010cesk\u00fd rozhlas \u010cesk\u00e9 Bud\u011bjovice<\/p>\n\n\n\n<p> V \u010cesku ji\u017e funguj\u00ed edoklady. V cel\u00e9 Evropsk\u00e9 unii by m\u011bla u\u017e v p\u0159\u00ed\u0161t\u00edm roce b\u00fdt jednotn\u00e1 digit\u00e1ln\u00ed pen\u011b\u017eenka. Lid\u00e9 v n\u00ed najdou v\u0161echny pot\u0159ebn\u00e9 pr\u016fkazy, anebo taky p\u0159\u00edstup k online bankovnictv\u00ed a dal\u0161\u00edm slu\u017eb\u00e1m. D\u00edky n\u00ed se pak dok\u00e1\u017eou snadno prok\u00e1zat a v budoucnu i p\u0159ihl\u00e1sit do online slu\u017eeb v jak\u00e9koliv \u010dlensk\u00e9 zemi. <\/p>\n\n\n\n<p> Ve chv\u00edli, kdy n\u011bkam p\u0159ijdete, budete cht\u00edt identifikovat, tak vyt\u00e1hnete mobiln\u00ed telefon, p\u0159e\u010dtete QR k\u00f3d, z toho se v\u00e1\u0161 telefon dozv\u00ed, jak\u00e9 \u00fadaje ta protistrana po\u017eaduje. <\/p>\n\n\n\n<p>Jak bude jednotn\u00e1 elektronick\u00e1 identifikace fungovat. P\u0159ibli\u017euje Petr Kucha\u0159 z Digit\u00e1ln\u00ed a informa\u010dn\u00ed agentury. V p\u0159\u00edpad\u011b, \u017ee t\u0159eba chceme nav\u0161t\u00edvit diskot\u00e9ku. <\/p>\n\n\n\n<p><strong>mluv\u010d\u00ed 8,<\/strong> Rozhodnete se, jestli t\u0159eba pro vstup na tu diskot\u00e9ku opravdu chcete vydat svoje jm\u00e9no, p\u0159\u00edjmen\u00ed, datum narozen\u00ed a bydli\u0161t\u011b vy pravd\u011bpodobn\u011b nechcete, vy chcete prok\u00e1zat, jenom\u017ee v\u00e1m je nad 18 let, tak\u017ee vyd\u00e1te datum narozen\u00ed. Je tam samoz\u0159ejm\u011b fotografie, aby ten \u010dlov\u011bk mohl posoudit, jestli si nevyd\u00e1v\u00e1te za n\u011bkoho jin\u00e9ho, ale jm\u00e9no ani p\u0159\u00edjmen\u00ed, ani bydli\u0161t\u011b nemus\u00edte p\u0159edat, proto\u017ee ta osoba u toho vchodu toho podniku ho na nic nepot\u0159ebuje. <\/p>\n\n\n\n<p><strong> redaktor<\/strong> Pr\u00e1v\u011b svobodn\u00e1 volba, kter\u00e9 \u00fadaje sd\u00edl\u00edme a kter\u00e9 u\u017e ne m\u00e1 b\u00fdt velkou v\u00fdhodou digit\u00e1ln\u00ed pen\u011b\u017eenky. Sama ale bude o lidech v\u011bd\u011bt t\u00e9m\u011b\u0159 v\u0161e, jak\u00e9 maj\u00ed vzd\u011bl\u00e1n\u00ed, jestli vlastn\u00ed vozidlo, anebo jestli jsou bez dluh\u016f nebo maj\u00ed platn\u00fd pr\u016fkaz ZTP pro zdravotn\u011b posti\u017een\u00e9. Podle \u0159editele N\u00e1rodn\u00ed agentury pro komunika\u010dn\u00ed a informa\u010dn\u00ed technologie Jana \u010eoubala p\u016fjde o p\u0159elomov\u00fd projekt.<\/p>\n\n\n\n<p><strong>mluv\u010d\u00ed 9,<\/strong> Budeme m\u00edt p\u0159\u00edstup ke v\u0161em identit\u00e1m, ke v\u0161em doklad\u016fm prost\u011b online a budeme moct pou\u017e\u00edvat, budeme m\u00edt na jednom m\u00edst\u011b&#8230;.. to beru jako velk\u00fd zlomov\u00fd projekt. <\/p>\n\n\n\n<p><strong>Dominik Hron, redaktor<\/strong> Evropsk\u00e1 unie uji\u0161\u0165uje, \u017ee syst\u00e9m bude bezpe\u010dn\u00fd, data se nebudou ukl\u00e1dat na internetov\u00e9 \u00falo\u017ei\u0161t\u011b, ale z\u016fstanou jen v mobilu, z\u00e1rove\u0148 budou \u0161ifrovan\u00e1 a chr\u00e1n\u011bn\u00e1 v\u00edce faktorov\u00fdm ov\u011b\u0159en\u00edm. V\u0161echny st\u00e1ty, kter\u00fdch se to t\u00fdk\u00e1, budou muset nab\u00eddnout lidem i firm\u00e1m alespo\u0148 jednu evropskou pen\u011b\u017eenku Digit\u00e1ln\u00ed identity u\u017e ke konci p\u0159\u00ed\u0161t\u00edho roku, dod\u00e1v\u00e1 Petr Kucha\u0159 z Digit\u00e1ln\u00ed a informa\u010dn\u00ed agentury. <\/p>\n\n\n\n<p><strong>mluv\u010d\u00ed 8,<\/strong> Tohle m\u00e1 ten term\u00edn leden 27, ta aplikace, to bude postupn\u011bj\u0161\u00ed, to nem\u016f\u017eeme si p\u0159edstavit, \u017ee 1. ledna 27 vybouchne bomba a v\u0161ichni to budou prost\u011b p\u0159es noc um\u011bt podporovat. <\/p>\n\n\n\n<p><strong>Dominik Hron, redaktor<\/strong> Evropsk\u00e1 pen\u011b\u017eenka digit\u00e1ln\u00ed identity bude m\u00edt v\u00edc funkc\u00ed, nap\u0159\u00edklad umo\u017en\u00ed ov\u011b\u0159en\u00ed identity online a bude zdarma poskytovat elektronick\u00fd podpis pro osobn\u00ed pou\u017eit\u00ed, i p\u0159esto ale d\u00e1l bude mo\u017en\u00e9 uplatnit st\u00e1vaj\u00edc\u00ed dokumenty ve fyzick\u00e9 podob\u011b. Vyu\u017e\u00edv\u00e1n\u00ed digit\u00e1ln\u00ed pen\u011b\u017eenky bude dobrovoln\u00e9.<\/p>\n\n\n\n<p>Dominik Hron, \u010cesk\u00fd rozhlas.<\/p>\n","protected":false},"excerpt":{"rendered":"<div class=\"mh-excerpt\"><p>\u010cesk\u00fd rozhlas \u010cesk\u00e9 Bud\u011bjovice V \u010cesku ji\u017e funguj\u00ed edoklady. V cel\u00e9 Evropsk\u00e9 unii by m\u011bla u\u017e v p\u0159\u00ed\u0161t\u00edm roce b\u00fdt jednotn\u00e1 digit\u00e1ln\u00ed pen\u011b\u017eenka. Lid\u00e9 v <a class=\"mh-excerpt-more\" href=\"https:\/\/www.invarena.cz\/?p=60669\" title=\"Ji\u017e p\u0159\u00ed\u0161t\u00ed rok budeme m\u00edt elektronickou digit\u00e1ln\u00ed pen\u011b\u017eenku\">[&#8230;]<\/a><\/p>\n<\/div>","protected":false},"author":1,"featured_media":39592,"comment_status":"open","ping_status":"closed","sticky":false,"template":"","format":"standard","meta":{"footnotes":""},"categories":[9],"tags":[],"class_list":["post-60669","post","type-post","status-publish","format-standard","has-post-thumbnail","hentry","category-zpravy"],"_links":{"self":[{"href":"https:\/\/www.invarena.cz\/index.php?rest_route=\/wp\/v2\/posts\/60669","targetHints":{"allow":["GET"]}}],"collection":[{"href":"https:\/\/www.invarena.cz\/index.php?rest_route=\/wp\/v2\/posts"}],"about":[{"href":"https:\/\/www.invarena.cz\/index.php?rest_route=\/wp\/v2\/types\/post"}],"author":[{"embeddable":true,"href":"https:\/\/www.invarena.cz\/index.php?rest_route=\/wp\/v2\/users\/1"}],"replies":[{"embeddable":true,"href":"https:\/\/www.invarena.cz\/index.php?rest_route=%2Fwp%2Fv2%2Fcomments&post=60669"}],"version-history":[{"count":0,"href":"https:\/\/www.invarena.cz\/index.php?rest_route=\/wp\/v2\/posts\/60669\/revisions"}],"wp:featuredmedia":[{"embeddable":true,"href":"https:\/\/www.invarena.cz\/index.php?rest_route=\/wp\/v2\/media\/39592"}],"wp:attachment":[{"href":"https:\/\/www.invarena.cz\/index.php?rest_route=%2Fwp%2Fv2%2Fmedia&parent=60669"}],"wp:term":[{"taxonomy":"category","embeddable":true,"href":"https:\/\/www.invarena.cz\/index.php?rest_route=%2Fwp%2Fv2%2Fcategories&post=60669"},{"taxonomy":"post_tag","embeddable":true,"href":"https:\/\/www.invarena.cz\/index.php?rest_route=%2Fwp%2Fv2%2Ftags&post=60669"}],"curies":[{"name":"wp","href":"https:\/\/api.w.org\/{rel}","templated":true}]}}