{"id":60682,"date":"2025-09-13T06:22:11","date_gmt":"2025-09-13T04:22:11","guid":{"rendered":"https:\/\/www.invarena.cz\/?p=60682"},"modified":"2025-09-13T06:22:12","modified_gmt":"2025-09-13T04:22:12","slug":"nadace-leontinka-zve-na-oslavy-dvacatych-narozenin","status":"publish","type":"post","link":"https:\/\/www.invarena.cz\/?p=60682","title":{"rendered":"Nadace Leontinka zve na oslavy dvac\u00e1t\u00fdch narozenin"},"content":{"rendered":"\n<p>Frekvence 1<\/p>\n\n\n\n<p>dne\u0161n\u00edm hostem je Barbara Huckov\u00e1, \u0159editelka Nadace Leontinka. V\u00edtejte. <\/p>\n\n\n\n<p>D\u011bkuju za pozv\u00e1n\u00ed. Jsem velmi r\u00e1da, proto\u017ee Nadace Leontinka u\u017e od roku 2005 pom\u00e1h\u00e1 d\u011btem i dosp\u011bl\u00fdm se zrakov\u00fdm handicapem. <\/p>\n\n\n\n<p>Tak\u017ee na \u00favod \u00fapln\u011b jasn\u00e1 ot\u00e1zka, jak byste shrnula vlastn\u011b hlavn\u00ed posl\u00e1n\u00ed a smysl? <\/p>\n\n\n\n<p>No, Leontinka pom\u00e1h\u00e1 zrakov\u011b handicapovan\u00fdm, p\u0159edev\u0161\u00edm d\u011btem a mlad\u00fdm lidem. A moje shrnut\u00ed. Mysl\u00edm si, \u017ee m\u00e1m to \u0161t\u011bst\u00ed, \u017ee jsem byla u projektu, kter\u00fd v sou\u010dasn\u00e9 dob\u011b, kdy\u017e slav\u00edme 20 let, m\u016f\u017eeme vid\u011bt v\u00fdsledky na\u0161\u00ed pr\u00e1ce, to znamen\u00e1, \u017ee u\u017e je generace t\u011bch d\u011bt\u00ed a mlad\u00fdch lid\u00ed, kte\u0159\u00ed jsou dosp\u011bl\u00ed, stoj\u00ed pevn\u011b na zemi, jsou samostatn\u00ed, zodpov\u011bdn\u00ed, maj\u00ed t\u0159eba r\u00e1di svoji pr\u00e1ci, d\u011blaj\u00ed tu pr\u00e1ci a jsou spokojeni v \u017eivot\u011b, to je pro m\u011b hrozn\u011b d\u016fle\u017eit\u00e9, ale samoz\u0159ejm\u011b nejsou to v\u0161ichni, co je vlastn\u011b va\u0161\u00edm p\u016fvodn\u00edm povol\u00e1n\u00edm, proto\u017ee m\u011b napad\u00e1, co v\u00e1s osobn\u011b motivovalo st\u00e1t se sou\u010d\u00e1st\u00ed t\u00e9hle nadace, tohohle projektu?To je, mysl\u00edm, na takov\u00e9 jako pov\u00edd\u00e1n\u00ed, jak b\u00fdvaj\u00ed za\u0161pondrchan\u00e9 \u017eivoty, j\u00e1 jsem p\u016fvodn\u011b vystudovala FAMU, obor fotografie a pak jsem pracovala na r\u016fzn\u00fdch projektech kulturn\u00edch a tak n\u011bjak se ke mn\u011b dostala tahle ta v\u00fdzva. J\u00e1 jsem v t\u00e9 dob\u011b m\u011bla dv\u011b mal\u00e9 d\u011bti. P\u0159ipadalo mi, \u017ee pracovat t\u0159eba v oboru reklamy je pom\u011brn\u011b zvl\u00e1\u0161tn\u00ed \u017eivot, velmi prom\u011bnn\u00fd a rychl\u00fd. A tak n\u011bjak jsem podv\u011bdom\u011b asi se cht\u011bla z\u00fa\u010dastnit n\u011b\u010deho, co bude m\u00edt, \u0159ekn\u011bme, smysl v tom nejlep\u0161\u00edm slova smyslu, kdy\u017e se ohl\u00e9dnete zp\u00e1tky, proto\u017ee to u\u017e vlastn\u011b m\u016f\u017eete 20 let, to u\u017e je \u00factyhodn\u00fd, kr\u00e1sn\u00fd v\u011bk u nadace. <\/p>\n\n\n\n<p>Tak co \u0159eknete, \u017ee byste pova\u017eovala asi za ten nejv\u011bt\u0161\u00ed \u00fasp\u011bch? Co se v\u00e1m povedlo.<\/p>\n\n\n\n<p> Ur\u010dit\u011b nen\u00ed na m\u011b, abych to hodnotila. Mysl\u00edm si, \u017ee sp\u00ed\u0161 byste se m\u011bla pt\u00e1t klient\u016f nebo lid\u00ed, kter\u00fdm nebo organizac\u00ed, kter\u00fdm jsme pomohli. Pro m\u011b je obrovsk\u00fd \u00fasp\u011bch, \u017ee st\u00e1le budujeme a jsme d\u016fv\u011bryhodn\u00ed pro na\u0161e d\u00e1rce a pro na\u0161e klienty, mysl\u00edm t\u00edm, jak drobn\u00e9 d\u00e1rce, kdo n\u00e1m t\u0159eba pos\u00edl\u00e1 50, 100 K\u010d 200 K\u010d m\u011bs\u00ed\u010dn\u011b, stejn\u011b tak jako obrovsk\u00e9 partnery, kte\u0159\u00ed n\u00e1s podporuj\u00ed, bych \u0159ekla, velmi velkoryse a z\u00e1rove\u0148 jsme takov\u00e1 st\u0159edn\u011b mal\u00e1 nadace, kdy si mysl\u00edm, \u017ee nejsme zas tak moc vid\u011bt, moc lid\u00ed n\u00e1s nezn\u00e1&#8230;<\/p>\n\n\n\n<p> proto jste dneska tady. <\/p>\n\n\n\n<p>D\u011bkuji a ano, d\u011bkuji. Ale z\u00e1rove\u0148 jsou prost\u011b projekty, kter\u00e9 tak hezky buduj\u00ed dobr\u00e9 jm\u00e9no a jsem na to hrd\u00e1 a z\u00e1rove\u0148 drahno \u0159\u00edct, co je moc pro m\u011b fajn, \u017ee v\u0161ichni, kdo se n\u011bjak\u00fdm zp\u016fsobem, bych \u0159ekla, kdo spolupracovali s nadac\u00ed, jak si mysl\u00edm, \u017ee na n\u00e1s mysl\u00ed v dobr\u00e9m, za to jsem r\u00e1da<\/p>\n\n\n\n<p>to je stra\u0161n\u011b d\u016fle\u017eit\u00e9 udr\u017eet pr\u00e1v\u011b tedy to dobr\u00e9 jm\u00e9no a vy jste mo\u017en\u00e1 zbyte\u010dn\u011b skromn\u00e1. Tak j\u00e1 to \u0159eknu za v\u00e1s. Jen loni se poda\u0159ilo nadaci Leontinka rozd\u011blit rekordn\u00edch 8 300 000 K\u010d. \u0158ekn\u011bte v\u016fbec, jak\u00fdm zp\u016fsobem se m\u016f\u017ee n\u011bkdo p\u0159ihl\u00e1sit nebo jak vyb\u00edr\u00e1te ty, jim\u017e tedy pak tato pomoc, ty \u010d\u00e1stky jsou ur\u010deny? Kdo m\u016f\u017ee poprosit a po\u017e\u00e1dat o va\u0161i pomoc? <\/p>\n\n\n\n<p>Tak mysl\u00edm si, \u017ee je to stejn\u00e9 jako u jin\u00fdch organizac\u00ed podobn\u00e9ho typu, to znamen\u00e1, \u017ee my jako nadace se sna\u017e\u00edme shrom\u00e1\u017edit co nejv\u00edce finan\u010dn\u00edch a nefinan\u010dn\u00edch prost\u0159edk\u016f, potom k n\u00e1m p\u0159ich\u00e1zej\u00ed \u017e\u00e1dosti, kdy bu\u010f organizace, kter\u00e9 pom\u00e1haj\u00ed zrakov\u011b handicapovan\u00fdm nebo jednotlivci, vypln\u00ed formul\u00e1\u0159e, p\u0159elo\u017e\u00ed dal\u0161\u00ed nutn\u00e9 doklady typu zdravotn\u00ed stav a podobn\u011b a po\u017e\u00e1daj\u00ed o to, co je t\u0159eba nebo to, co pot\u0159ebuj\u00ed.Potom se sejde spr\u00e1vn\u00ed rada a n\u011bjak\u00fdm zp\u016fsobem na z\u00e1klad\u011b i doporu\u010den\u00ed jin\u00fdch organizac\u00ed nebo lid\u00ed, kte\u0159\u00ed se navz\u00e1jem n\u011bjak\u00fdm zp\u016fsobem podporuj\u00ed, se sna\u017e\u00edme ov\u011b\u0159it to, \u017ee opravdu ta \u017e\u00e1dost je, bych \u0159ekla, nutn\u00e1 a na z\u00e1klad\u011b toho se rozhodujeme a taky na z\u00e1klad\u011b toho, kolik m\u016f\u017eeme rozd\u011blit financ\u00ed, je tam n\u011bjak omezen\u00e1, ale \u010d\u00e1stka, na kterou m\u016f\u017ee klient a\u017e dos\u00e1hnout sv\u00fdm zp\u016fsobem, nen\u00ed omezen\u00e1, ale samoz\u0159ejm\u011b nejsme tak velic\u00ed, abychom um\u011bli koupit p\u0159\u00edstroj za n\u011bkolik milion\u016f korun. To ur\u010dit\u011b ne. I kdy\u017e zpo\u010d\u00e1tku existence se poda\u0159ilo zakoupit diodov\u00fd laser pro neonatologii v Brn\u011b, co\u017e byl jako velk\u00fd dar, ale pak n\u00e1sledn\u011b ty n\u00e1sledn\u00e9 roky jsme se sna\u017eili rozd\u011blovat prost\u0159edky sp\u00ed\u0161e jednotlivc\u016fm nebo organizac\u00edm, proto\u017ee ta s\u00edla t\u011bch financ\u00ed nen\u00ed prost\u011b tak velik\u00e1. <\/p>\n\n\n\n<p>Ur\u010dit\u011b ale e jsou za v\u00e1mi p\u0159\u00edb\u011bhy, kter\u00fdm jste p\u0159epsali \u0161\u0165astn\u011bj\u0161\u00ed pr\u016fb\u011bh, konec, a tak m\u016f\u017eete zm\u00ednit n\u011bjak\u00fd konkr\u00e9tn\u00ed p\u0159\u00edb\u011bh d\u00edt\u011bte, studenta, kter\u00e9mu nadace pomohla.<\/p>\n\n\n\n<p> Ur\u010dit\u011b mi hlavou pob\u011b\u017e\u00ed v\u00edce p\u0159\u00edb\u011bh\u016f. A jak jsem \u0159\u00edkala na za\u010d\u00e1tku, jsem r\u00e1da za ty p\u0159\u00edb\u011bhy, kdy vid\u00edm, \u017ee prost\u011b na\u0161i odb\u011bratel\u00e9 pomoci dorostli do dosp\u011blosti a jsou stra\u0161n\u011b fajn pro m\u011b, te\u010f bych to \u0159ekla, skoro se na n\u011b d\u00edv\u00e1m jako maminka. Tak, jak se d\u00edv\u00e1te t\u0159eba na svoji zahradu, \u017ee v\u00e1m rostou kr\u00e1sn\u011b stromy a urod\u00ed se jablka, tak je to n\u011bco podobn\u00e9ho z t\u011bch, jako opravdu, bych \u0159ekla, takov\u00fdch v\u00fdjime\u010dn\u00fdch p\u0159\u00edb\u011bh\u016f je nap\u0159\u00edklad David Kratochv\u00edl, paralympijsk\u00fd plavec, kter\u00e9ho ur\u010dit\u011b zn\u00e1te. Tak kdy\u017e byl mal\u00fd a p\u0159i\u0161el o zrak, tak jeho maminka n\u00e1s po\u017e\u00e1dala o p\u0159\u00edsp\u011bvek na kolo, aby byl David motivovan\u00fd, aby prost\u011b m\u011bl chu\u0165 do \u017eivota, a tak jsme ho vlastn\u011b, v\u00edcem\u00e9n\u011b, bych \u0159ekla, drobn\u011bj\u0161\u00edmi \u010d\u00e1stkami podporovali, aby mohl chodit do baz\u00e9nu, aby mohl plavat, aby prost\u011b n\u011bco &#8230;.. samoz\u0159ejm\u011b bez sv\u00fdch rodi\u010d\u016f a sv\u00e9ho okol\u00ed by to v\u016fbec ne\u0161lo. To nechci \u0159\u00edct, \u017ee by ale Leontinka na tom m\u011bla n\u011bjakou ob\u0159\u00ed z\u00e1sluhu, ale je hezk\u00e9, kdy\u017e pak vlastn\u011b jsme prov\u00e1zeli ho \u010d\u00e1st\u00ed jeho \u017eivota nebo velkou v\u011bt\u0161inu jeho \u017eivota a pak ho najednou vid\u00edte a \u0159\u00edk\u00e1te si&#8230;. Mohou na sv\u00e9m kont\u011b m\u00edt i olympijsk\u00fd \u00fasp\u011bch. Blahop\u0159eju. My ne, to m\u00e1 David, to je takov\u00fd jeden z t\u011bch hodn\u011b siln\u00fdch p\u0159\u00edb\u011bh\u016f, ale opravdu nikdy nesm\u00edme zapomenout na to, \u017ee kdokoliv, kdo nese n\u011bjak\u00e9 v\u011bt\u0161\u00ed b\u0159\u00edm\u011b ve sv\u00e9m \u017eivot\u011b, \u017ee pro n\u011bj je nesm\u00edrn\u011b d\u016fle\u017eit\u00e9 jeho bl\u00edzk\u00e9 okol\u00ed, a to bych \u0159ekla, nejenom pro zrakov\u00fd handicap, pro v\u0161echny z n\u00e1s, kdy se ocitneme v t\u011b\u017ek\u00e9 situaci, tak pokud n\u00e1s podpo\u0159\u00ed na\u0161e okol\u00ed a my budeme v\u011bd\u011bt, \u017ee n\u00e1m n\u011bkdo chce pomoci a je na tom prav\u00e9m m\u00edst\u011b a my o n\u011bm v\u00edme, tak to je nejd\u016fle\u017eit\u011bj\u0161\u00ed. <\/p>\n\n\n\n<p>Tak j\u00e1 douf\u00e1m, \u017ee i d\u00edky dne\u0161n\u00edmu Press klubu na Frekvenci1, j\u00edm\u017e, jim\u017e hostem i nad\u00e1le z\u016fst\u00e1v\u00e1 \u0159editelka nadace Leont\u00fdnka Barbara Houdkov\u00e1, se to mnoz\u00ed dal\u0161\u00ed dozv\u011bd\u00ed. Pokra\u010dujeme d\u00e1l. \u0158ekn\u011bte mi, vy u\u017e jste To tak trochu zm\u00ednila. Tady bude ur\u010dit\u011b velmi d\u016fle\u017eit\u00e9 vlastn\u011b ta ran\u00e1 p\u00e9\u010de, kter\u00e1 je ur\u010dit\u011b t\u00edm d\u016fle\u017eit\u00fdm pil\u00ed\u0159em pomoci, tak v \u010dem je pro rodiny se zrakov\u011b handicapovan\u00fdm d\u00edt\u011btem nejd\u016fle\u017eit\u011bj\u0161\u00ed ta pomoc? <\/p>\n\n\n\n<p>Tak pr\u00e1v\u011b, jak jste zm\u00ednila, ran\u00e1 p\u00e9\u010de je nejv\u011bt\u0161\u00edm projektem, kter\u00fd podporuje nadace Leont\u00fdnka a ranou p\u00e9\u010di pova\u017eujeme za, bych \u0159ekla, takov\u00fd jeden z nejd\u016fle\u017eit\u011bj\u0161\u00edch kam\u00ednk\u016f pomoci jak d\u00edt\u011bti, tak cel\u00e9 rodin\u011b. Jsem velmi r\u00e1da, \u017ee se n\u00e1m poda\u0159ilo nastartovat a podporovat pr\u00e1v\u011b p\u0159\u00edtomnost ran\u00e9 p\u00e9\u010de na neonatologi\u00edch, kde d\u011bti mohou b\u00fdt v\u00edce ohro\u017een\u00e9. Pr\u00e1v\u011b ten rozvoj zraku nebo m\u016f\u017ee b\u00fdt po\u0161kozen zrak, pak samoz\u0159ejm\u011b je dal\u0161\u00ed v\u011bc, \u017ee pokud se poda\u0159\u00ed n\u011bjak\u00fdm zp\u016fsobem pomoci t\u00e9 rodin\u011b a \u010d\u00edm d\u0159\u00edv, t\u00edm l\u00e9pe &#8230;. m\u00e1me projekt, kter\u00fd se jmenuje &#8222;Prvn\u00edch 1000 dn\u00ed rozhoduje&#8220;, co\u017e je pravda. Ve v\u00fdvoji d\u00edt\u011bte to nesm\u00edrn\u011b d\u016fle\u017eit\u00e9 a zrak je sval, tak\u017ee je d\u016fle\u017eit\u00e9 ho podporovat. Te\u010f u\u017e mnoh\u00e9 maminky v\u011bd\u00ed, \u017ee je skv\u011bl\u00e9, kdy\u017e d\u011bti maj\u00ed \u010dernob\u00edl\u00e9 obr\u00e1zky, nemaj\u00ed mnoho hra\u010dek, aby se zrak, aby se zrak mohl upnout k tomu, co je pot\u0159eba. A ran\u00e1 p\u00e9\u010de jako takov\u00e1 m\u00e1 obrovskou v\u00fdhodu v tom, \u017ee konzultantky, kter\u00e9 jsou vy\u0161kolen\u00e9, chod\u00ed p\u0159\u00edmo do rodin, tak\u017ee d\u00edt\u011b je ve sv\u00e9m prost\u0159ed\u00ed, c\u00edt\u00ed se samoz\u0159ejm\u011b l\u00e9pe a konzultantky pracuj\u00ed s celou rodinou, to znamen\u00e1 s pe\u010duj\u00edc\u00edmi osobami, co\u017e mohou b\u00fdt maminky, tat\u00ednkov\u00e9, babi\u010dky vysv\u011btluj\u00ed, co d\u00edt\u011bti m\u016f\u017ee pomoci, vlastn\u011b i za sourozenci, co\u017e si n\u011bkdy, mo\u017en\u00e1 te\u010fko d\u00edky n\u011bkter\u00fdm film\u016fm si to uv\u011bdom\u00edme, jak je to d\u016fle\u017eit\u00e9, ale aby d\u00edt\u011b, kter\u00e9 m\u00e1, \u0159ekn\u011bme, t\u0159eba t\u011b\u017ek\u00fd handicap zrakov\u00fd, aby na to se n\u011bjak tak lid\u00e9 p\u0159ipravovali v t\u00e9 bl\u00edzkosti, aby v\u011bd\u011bli, jak to uchopit, jak v\u011bci vysv\u011btlovat, jak pracovat s d\u00edt\u011btem, kter\u00e9 pot\u0159ebuje t\u0159eba v\u00edce zvukov\u00fdch n\u011bjak\u00fdch impuls\u016f, aby se dob\u0159e orientovalo v prostoru. A mysl\u00edm si, \u017ee celkov\u011b ran\u00e1 p\u00e9\u010de je prost\u011b pr\u00e1ce s celou rodinou. <\/p>\n\n\n\n<p>i v\u00e1s se mus\u00edm zeptat, co st\u00e1t, jak\u00fdm zp\u016fsobem je tady pr\u00e1v\u011b v tomto oboru tedy zrakov\u011b handicapovan\u00fdch nastavena n\u011bjak\u00e1 podpora od st\u00e1tu? Nebo vid\u00edte tady opravdu st\u00e1le velk\u00fd prostor pro n\u011bjak\u00e9 zlep\u0161en\u00ed.<\/p>\n\n\n\n<p>Mysl\u00edm si, \u017ee to nen\u00ed \u00fapln\u011b ot\u00e1zka na m\u011b, mysl\u00edm si, \u017ee by v\u00e1m l\u00e9pe odpov\u011bd\u011bli lid\u00e9, kte\u0159\u00ed se touhle ot\u00e1zkou opravdu zab\u00fdvaj\u00ed, proto\u017ee pot\u0159eby zrakov\u011b handicapovan\u00fdch mohou b\u00fdt velmi r\u016fznorod\u00e9. Ur\u010dit\u011b je n\u011bco jin\u00e9ho, kdy\u017e n\u011bkdo m\u00e1 t\u011b\u017ek\u00fd zrakov\u00fd handicap a n\u011bkdo je zcela nevidom\u00fd, ale je to stejn\u00e9 jako s n\u00e1mi vid\u00edc\u00edmi. To tak \u0159eknu, prost\u011b n\u011bkdo se k tomu \u017eivotu postav\u00ed velmi rozhodn\u011b a sna\u017e\u00ed se prosadit to, co chce a n\u011bkdo n\u011bjak\u00fdm zp\u016fsobem sp\u00ed\u0161e tak vy\u010dk\u00e1v\u00e1. Tak\u017ee m\u00e1m zku\u0161enost s lidmi, kte\u0159\u00ed by \u0159ekli, \u017ee pomoc st\u00e1tu je nedostate\u010dn\u00e1, a n\u011bkdo \u0159ekne, mysl\u00edm si, \u017ee se o n\u00e1s star\u00e1 st\u00e1t hodn\u011b, tak\u017ee v\u00e1m na to nedok\u00e1\u017eu odpov\u011bd\u011bt zcela racion\u00e1ln\u011b a spr\u00e1vn\u011b. Je to tak. A oproti t\u0159eba zahrani\u010d\u00ed bych \u0159ekla, \u017ee v ur\u010dit\u00fdch ot\u00e1zk\u00e1ch je st\u00e1t velkorys\u00fd a pom\u00e1h\u00e1, ale je d\u016fle\u017eit\u00e9, aby si lid\u00e9, kte\u0159\u00ed mohou, bych \u0159ekla, ment\u00e1ln\u011b, aby se postavili rozhodn\u011b za sv\u016fj \u017eivot a hledali r\u016fzn\u00e9 cesty, proto\u017ee si mysl\u00edm, \u017ee je hodn\u011b organizac\u00ed, kter\u00e9 pom\u00e1haj\u00ed&#8230;.<\/p>\n\n\n\n<p>pokud n\u00e1s te\u010f n\u011bkdo sly\u0161\u00ed, cht\u011bl by se zapojit i jako jednotlivec nebo firma, kam sa m\u00f4\u017ee obr\u00e1ti\u0165. Predpoklad\u00e1m na webov\u00e9 str\u00e1nky&#8230;.?<\/p>\n\n\n\n<p> ur\u010dite na webov\u00e9 str\u00e1nky www.nadaceleontinka.cz, anebo m\u016f\u017ee p\u0159ij\u00edt u\u017e tuhle ned\u011bli 14. z\u00e1\u0159\u00ed od 14 hodin oslavit dvac\u00e1t\u00e9 narozeniny nadace Leontinka , vlastn\u011b na vlastn\u00ed o\u010di se p\u0159esv\u011bd\u010dit, jak ta pomoc m\u016f\u017ee fungovat. <\/p>\n\n\n\n<p>Pozv\u011bte n\u00e1s, kdy, kde co tam bude a tak. <\/p>\n\n\n\n<p>Letos my v\u011bt\u0161inou ned\u011bl\u00e1me velk\u00e9 oslavy, ale jsme si \u0159ekli, \u017ee 20 let je kr\u00e1sn\u00fdch 20 let, \u017ee m\u016f\u017eeme b\u00fdt hrd\u00ed na to, co za n\u00e1mi stoj\u00ed, tak\u017ee r\u00e1da bych v\u00e1s pozvala na oslavu dvac\u00e1t\u00e9ho v\u00fdro\u010d\u00ed existence Nadace Leont\u00fdnka, kter\u00e9 se kon\u00e1 tuto ned\u011bli 14. z\u00e1\u0159\u00ed od 14 hodin ve stanici \u0161est, co\u017e je na Praze 6 budova b\u00fdval\u00e9ho n\u00e1dra\u017e\u00ed. M\u00e1 to kouzlo pro d\u011bti, proto\u017ee tam proj\u00ed\u017ed\u011bj\u00ed jenom vlaky, tak\u017ee tam budou houkat vlaky p\u0159esn\u011b. A budeme tam p\u0159edstavovat organizace, kter\u00fdm jsme pomohli, kter\u00e9 pracuj\u00ed se zrakov\u011b handicapovan\u00fdmi a zahraj\u00ed n\u00e1m tam zrakov\u011b handicapovan\u00ed hudebn\u00edci.A jako t\u0159e\u0161ni\u010dka na dortu, doufejme, pokr\u00e1jen\u00ed narozeninov\u00e9ho dortu, v 19 hodin n\u00e1m zahraje kapela ChrisCross. A koho, kdy\u017e jsme tady, zaj\u00edm\u00e1 \u017eivot s handicapem, tak p\u0159ijde za n\u00e1mi Xena, co\u017e je blogerka, kter\u00e1 pov\u00edd\u00e1 o \u017eivot\u011b s hol\u00ed a mimo jin\u00e9 n\u00e1m p\u0159edstav\u00ed takovou zaj\u00edmavost, a to je mluv\u00edc\u00ed b\u00edl\u00e1 h\u016fl. Je\u0161t\u011b dopln\u00edm, \u017ee to vstupn\u00e9 je dobrovoln\u00e9 a \u017ee opravdu ve\u0161ker\u00fd v\u00fdt\u011b\u017eek pom\u016f\u017ee d\u011btem a dosp\u011bl\u00fdm se zrakov\u00fdm handicapem, tak\u017ee se ur\u010dit\u011b p\u0159ij\u010fte pobavit.<\/p>\n\n\n\n<p>ot\u00e1zky z\u00e1v\u011brem, kde vid\u00edte Leont\u00fdnku za dal\u0161\u00edch 10 let? Jak\u00e9 jsou ty va\u0161e sny, vize, c\u00edle, kam se posunout?<\/p>\n\n\n\n<p> Mo\u017en\u00e1 to je nepopul\u00e1rn\u00ed, ale j\u00e1 bych si moc p\u0159\u00e1la udr\u017eitelnost projekt\u016f, kter\u00e9 existuj\u00ed, to znamen\u00e1, aby zrakov\u011b handicapovan\u00ed nap\u0159\u00edklad st\u00e1le b\u011bhali Jizerskou pades\u00e1tku, st\u00e1le b\u011bhali Vltavaranz, st\u00e1le b\u011bhali na renttur\u00e1ch. Aby studenti dostudovali, aby na\u0161li pr\u00e1ci, co\u017e je samoz\u0159ejm\u011b velk\u00fd o\u0159\u00ed\u0161ek. N\u011bkdy bych \u0159ekla, \u017ee asi nejv\u011bt\u0161\u00ed je naj\u00edt spr\u00e1vnou pr\u00e1ci a b\u00fdt zam\u011bstn\u00e1n,&#8230; a aby na\u0161i klienti pro\u017e\u00edvali hezk\u00fd \u017eivot a aby jim Leont\u00fdnka byla p\u0159\u00edtelkyn\u00ed. <\/p>\n\n\n\n<p>Co byste vzk\u00e1zala poslucha\u010d\u016fm Press klubu na Frekvenci1, kte\u0159\u00ed t\u0159eba v\u00e1haj\u00ed, jestli se zapojit \u010di nezapojit, <\/p>\n\n\n\n<p>p\u0159ij\u00edt v ned\u011bli na va\u0161e oslavy na stanici \u0161est v Praze Buben\u010di, kde Nadace Leont\u00fdnka bude slavit dvac\u00e1t\u00e9 narozeniny. Jestli chcete pom\u00e1hat, tak zkoumejte, komu chcete pom\u00e1hat a pro\u010d, a potom se d\u00edvejte na tu pomoc, jak funguje. Bude to pro v\u00e1s asi ten nejlep\u0161\u00ed pocit, kter\u00fd mus\u00ed b\u00fdt sou\u010d\u00e1st\u00ed na\u0161ich \u017eivot\u016f.<\/p>\n\n\n\n<p> Tak j\u00e1 v\u00e1m chci tak\u00e9 pop\u0159\u00e1t, a\u0165 se v\u00e1m da\u0159\u00ed v\u0161e dobr\u00e9. Pevn\u00e9 zdrav\u00ed, hodn\u011b sil \u0161t\u011bdr\u00fdch d\u00e1rc\u016f. D\u011bkuji, \u017ee jste si ud\u011blala \u010das pro Pressklub na Frekvenci1. <\/p>\n\n\n\n<p>D\u011bkuju za kr\u00e1sn\u00e9 p\u0159\u00e1n\u00ed, p\u0159eji i v\u00e1m a v\u0161em poslucha\u010d\u016fm a p\u0159eji jen to dobr\u00e9 a zachovejme dobrou mysl. <\/p>\n\n\n\n<p>\u0158\u00edk\u00e1 host dne\u0161n\u00edho Press klubu, \u0159editelka nadace Leontinka Barbara Huckov\u00e1.<\/p>\n","protected":false},"excerpt":{"rendered":"<div class=\"mh-excerpt\"><p>Frekvence 1 dne\u0161n\u00edm hostem je Barbara Huckov\u00e1, \u0159editelka Nadace Leontinka. V\u00edtejte. D\u011bkuju za pozv\u00e1n\u00ed. Jsem velmi r\u00e1da, proto\u017ee Nadace Leontinka u\u017e od roku 2005 pom\u00e1h\u00e1 <a class=\"mh-excerpt-more\" href=\"https:\/\/www.invarena.cz\/?p=60682\" title=\"Nadace Leontinka zve na oslavy dvac\u00e1t\u00fdch narozenin\">[&#8230;]<\/a><\/p>\n<\/div>","protected":false},"author":1,"featured_media":31381,"comment_status":"open","ping_status":"closed","sticky":false,"template":"","format":"standard","meta":{"footnotes":""},"categories":[9],"tags":[],"class_list":["post-60682","post","type-post","status-publish","format-standard","has-post-thumbnail","hentry","category-zpravy"],"_links":{"self":[{"href":"https:\/\/www.invarena.cz\/index.php?rest_route=\/wp\/v2\/posts\/60682","targetHints":{"allow":["GET"]}}],"collection":[{"href":"https:\/\/www.invarena.cz\/index.php?rest_route=\/wp\/v2\/posts"}],"about":[{"href":"https:\/\/www.invarena.cz\/index.php?rest_route=\/wp\/v2\/types\/post"}],"author":[{"embeddable":true,"href":"https:\/\/www.invarena.cz\/index.php?rest_route=\/wp\/v2\/users\/1"}],"replies":[{"embeddable":true,"href":"https:\/\/www.invarena.cz\/index.php?rest_route=%2Fwp%2Fv2%2Fcomments&post=60682"}],"version-history":[{"count":0,"href":"https:\/\/www.invarena.cz\/index.php?rest_route=\/wp\/v2\/posts\/60682\/revisions"}],"wp:featuredmedia":[{"embeddable":true,"href":"https:\/\/www.invarena.cz\/index.php?rest_route=\/wp\/v2\/media\/31381"}],"wp:attachment":[{"href":"https:\/\/www.invarena.cz\/index.php?rest_route=%2Fwp%2Fv2%2Fmedia&parent=60682"}],"wp:term":[{"taxonomy":"category","embeddable":true,"href":"https:\/\/www.invarena.cz\/index.php?rest_route=%2Fwp%2Fv2%2Fcategories&post=60682"},{"taxonomy":"post_tag","embeddable":true,"href":"https:\/\/www.invarena.cz\/index.php?rest_route=%2Fwp%2Fv2%2Ftags&post=60682"}],"curies":[{"name":"wp","href":"https:\/\/api.w.org\/{rel}","templated":true}]}}