{"id":60704,"date":"2025-09-15T07:29:12","date_gmt":"2025-09-15T05:29:12","guid":{"rendered":"https:\/\/www.invarena.cz\/?p=60704"},"modified":"2025-09-15T07:29:12","modified_gmt":"2025-09-15T05:29:12","slug":"v-mnohych-francouzskych-rodinach-ziji-dnes-dve-generace-duchodcu","status":"publish","type":"post","link":"https:\/\/www.invarena.cz\/?p=60704","title":{"rendered":"V mnoh\u00fdch francouzsk\u00fdch rodin\u00e1ch \u017eij\u00ed dnes dv\u011b generace d\u016fchodc\u016f"},"content":{"rendered":"\n<p>\u010cRo Plus<\/p>\n\n\n\n<p>Co v\u0161echno o sv\u00e9 zemi \u0159\u00edkaj\u00ed sami Francouzi, vysv\u011btluje spisovatelka Kl\u00e1ra Notaro, kter\u00e1 \u017eije v Pa\u0159\u00ed\u017ei. <\/p>\n\n\n\n<p><strong>Kl\u00e1ra Notaro<\/strong> \u010cty\u0159iasedmdes\u00e1tilet\u00fd centrista Bayrou poslanc\u016fm p\u0159edlo\u017eil \u00fasporn\u00fd pl\u00e1n, kter\u00fd m\u011bl vyv\u00e9st Francii z vysok\u00e9ho zadlu\u017een\u00ed. Jeho odv\u00e1\u017en\u00fd n\u00e1pad u\u010dinit ze dvou sv\u00e1tk\u016f oby\u010dejn\u00e9 pracovn\u00ed dny, jednalo se o pond\u011bl\u00ed velikono\u010dn\u00ed a o 8. kv\u011bten, vzbudily odpor ve\u0159ejnosti. I kdy\u017e na ja\u0159e je tolik voln\u00fdch dn\u016f, \u017ee n\u011bkter\u00e9 podniky a instituce pracuj\u00ed v uvoln\u011bn\u00e9m rytmu.<\/p>\n\n\n\n<p> Ve Francii se ji\u017e od p\u0159elomu stolet\u00ed pracuje m\u00e9n\u011b ne\u017e v jin\u00fdch zem\u00edch. Jospinova socialistick\u00e1 vl\u00e1da tehdy zavedla p\u011btat\u0159icetihodinov\u00fd pracovn\u00ed t\u00fdden a po\u0161kodila tak nap\u0159\u00edklad fungov\u00e1n\u00ed nemocnic, kter\u00e9 trp\u00ed chronick\u00fdm nedostatkem zam\u011bstnanc\u016f, socialist\u00e9 tak\u00e9 sn\u00ed\u017eili d\u016fchodov\u00fd v\u011bk na 60 let, a tak v mnoh\u00fdch rodin\u00e1ch \u017eij\u00ed dnes dv\u011b generace d\u016fchodc\u016f.<\/p>\n\n\n\n<p>D\u016fchodov\u00fd v\u011bk se dal\u0161\u00edm vl\u00e1d\u00e1m jen zvy\u0161uje a ka\u017ed\u00e9 jedn\u00e1n\u00ed o zvy\u0161ov\u00e1n\u00ed v\u011bku odchodu do d\u016fchodu vyh\u00e1n\u00ed davy lid\u00ed do ulic. Velkou z\u00e1t\u011b\u017e pro st\u00e1tn\u00ed rozpo\u010det znamenala covidov\u00e1 opat\u0159en\u00ed, d\u00e1le energetick\u00e1 krize spojen\u00e1 s ruskou agres\u00ed na Ukrajin\u011b. V rozpo\u010dtu se nyn\u00ed mus\u00ed tak\u00e9 po\u010d\u00edtat s vysok\u00fdmi v\u00fddaji na obranu. <\/p>\n\n\n\n<p>Fran\u00e7ois Bayrou, jeho pl\u00e1ny na ozdrav\u011bn\u00ed financ\u00ed a uhrazen\u00ed dluhu nyn\u00ed ztroskotaly. Bayerou ve sv\u00e9 z\u00e1v\u011bre\u010dn\u00e9 \u0159e\u010di v parlamentu p\u0159irovnal Francii k pot\u00e1p\u011bj\u00edc\u00ed se lodi, na kter\u00e9 se st\u00e1le tan\u010d\u00ed a hoduje. Nicm\u00e9n\u011b jeho snaha p\u0159iv\u00e9st poslance k rozumu a ke skromnosti byla marn\u00e1, p\u0159i hlasov\u00e1n\u00ed o d\u016fv\u011b\u0159e Bayrouovi ka\u017ed\u00fd hled\u011bl v\u00edce na osobn\u00ed \u010di stranick\u00e9 z\u00e1jmy, ne\u017e na z\u00e1jmy st\u00e1tu. <\/p>\n","protected":false},"excerpt":{"rendered":"<div class=\"mh-excerpt\"><p>\u010cRo Plus Co v\u0161echno o sv\u00e9 zemi \u0159\u00edkaj\u00ed sami Francouzi, vysv\u011btluje spisovatelka Kl\u00e1ra Notaro, kter\u00e1 \u017eije v Pa\u0159\u00ed\u017ei. Kl\u00e1ra Notaro \u010cty\u0159iasedmdes\u00e1tilet\u00fd centrista Bayrou poslanc\u016fm p\u0159edlo\u017eil <a class=\"mh-excerpt-more\" href=\"https:\/\/www.invarena.cz\/?p=60704\" title=\"V mnoh\u00fdch francouzsk\u00fdch rodin\u00e1ch \u017eij\u00ed dnes dv\u011b generace d\u016fchodc\u016f\">[&#8230;]<\/a><\/p>\n<\/div>","protected":false},"author":1,"featured_media":14571,"comment_status":"open","ping_status":"closed","sticky":false,"template":"","format":"standard","meta":{"footnotes":""},"categories":[9],"tags":[],"class_list":["post-60704","post","type-post","status-publish","format-standard","has-post-thumbnail","hentry","category-zpravy"],"_links":{"self":[{"href":"https:\/\/www.invarena.cz\/index.php?rest_route=\/wp\/v2\/posts\/60704","targetHints":{"allow":["GET"]}}],"collection":[{"href":"https:\/\/www.invarena.cz\/index.php?rest_route=\/wp\/v2\/posts"}],"about":[{"href":"https:\/\/www.invarena.cz\/index.php?rest_route=\/wp\/v2\/types\/post"}],"author":[{"embeddable":true,"href":"https:\/\/www.invarena.cz\/index.php?rest_route=\/wp\/v2\/users\/1"}],"replies":[{"embeddable":true,"href":"https:\/\/www.invarena.cz\/index.php?rest_route=%2Fwp%2Fv2%2Fcomments&post=60704"}],"version-history":[{"count":0,"href":"https:\/\/www.invarena.cz\/index.php?rest_route=\/wp\/v2\/posts\/60704\/revisions"}],"wp:featuredmedia":[{"embeddable":true,"href":"https:\/\/www.invarena.cz\/index.php?rest_route=\/wp\/v2\/media\/14571"}],"wp:attachment":[{"href":"https:\/\/www.invarena.cz\/index.php?rest_route=%2Fwp%2Fv2%2Fmedia&parent=60704"}],"wp:term":[{"taxonomy":"category","embeddable":true,"href":"https:\/\/www.invarena.cz\/index.php?rest_route=%2Fwp%2Fv2%2Fcategories&post=60704"},{"taxonomy":"post_tag","embeddable":true,"href":"https:\/\/www.invarena.cz\/index.php?rest_route=%2Fwp%2Fv2%2Ftags&post=60704"}],"curies":[{"name":"wp","href":"https:\/\/api.w.org\/{rel}","templated":true}]}}