{"id":60709,"date":"2025-09-15T07:52:49","date_gmt":"2025-09-15T05:52:49","guid":{"rendered":"https:\/\/www.invarena.cz\/?p=60709"},"modified":"2025-09-15T07:52:49","modified_gmt":"2025-09-15T05:52:49","slug":"zajem-o-podzimni-dovolene-u-senioru-roste","status":"publish","type":"post","link":"https:\/\/www.invarena.cz\/?p=60709","title":{"rendered":"Z\u00e1jem o podzimn\u00ed dovolen\u00e9 u senior\u016f roste"},"content":{"rendered":"\n<p><strong> \u010cT<\/strong><\/p>\n\n\n\n<p> V\u011bt\u0161\u00ed z\u00e1jem o podzimn\u00ed a zimn\u00ed dovolenou v zahrani\u010d\u00ed. Cestovn\u00ed kancel\u00e1\u0159e zat\u00edm na toto obdob\u00ed prodaly zhruba o 8 % v\u00edce z\u00e1jezd\u016f ne\u017e loni. <\/p>\n\n\n\n<p>Navazuj\u00ed tak na \u00fasp\u011b\u0161nou letn\u00ed sezonu. \u010ce\u0161i maj\u00ed podle nich chu\u0165 utr\u00e1cet, vol\u00ed luxusn\u011bj\u0161\u00ed resorty a dopl\u0148kov\u00e9 aktivity. V z\u00e1\u0159\u00ed na dovolenou vyj\u00ed\u017ed\u00ed hlavn\u011b bezd\u011btn\u00e9 p\u00e1ry nebo star\u0161\u00ed lid\u00e9 a d\u016fchodci. <\/p>\n\n\n\n<p>Slune\u010dno a teploty kolem 25 stup\u0148\u016f. Mo\u0159e vyh\u0159\u00e1t\u00e9 z l\u00e9ta. Chorvatsko je pro turisty atraktivn\u00ed i v z\u00e1\u0159\u00ed. Po pr\u00e1zdnin\u00e1ch tam \u010dast\u011bji m\u00ed\u0159\u00ed hlavn\u011b ti, co u\u017e nemaj\u00ed d\u011bti \u0161kolou povinn\u00e9.<\/p>\n\n\n\n<p><strong>Lenka Laus, produktov\u00e1 mana\u017eerka, Travel Family<\/strong> Jsou to star\u0161\u00ed man\u017eelsk\u00e9 p\u00e1ry, kte\u0159\u00ed cht\u011bj\u00ed vyjet hlavn\u011b z d\u016fvodu toho, \u017ee ji\u017e nejsou tak vysok\u00e9 teploty. Ceny moment\u00e1ln\u011b posezonn\u00ed b\u00fdvaj\u00ed 20\u201330 % ni\u017e\u0161\u00ed. I co se t\u00fdk\u00e1 vstupu do pam\u00e1tek i co se t\u00fdk\u00e1 t\u0159eba p\u0159evozu, to znamen\u00e1 transportu. <\/p>\n\n\n\n<p><strong>Iveta Dvo\u0159\u00e1kov\u00e1, redaktorka \u010cT<\/strong> Krom\u011b koup\u00e1n\u00ed a n\u00e1v\u0161t\u011bvy pam\u00e1tek m\u016f\u017eou taky pracovat, t\u0159eba sb\u00edrat plody, kter\u00e9 dozr\u00e1vaj\u00ed. <\/p>\n\n\n\n<p><strong>Lenka Laus, produktov\u00e1 mana\u017eerka, Travel Family<\/strong> Na vinobran\u00ed, kter\u00e9 tady prob\u00edh\u00e1 u\u017e od konce srpna, tak\u017ee mohou se do toho norm\u00e1ln\u011b turist\u00e9 t\u0159eba zapojit pomoc t\u011bm m\u00edstn\u00edm se sb\u011brem vlastn\u011b hrozn\u016f. N\u00e1sledovan\u00e9 je to sb\u011brem soli. <\/p>\n\n\n\n<p><strong>Iveta Dvo\u0159\u00e1kov\u00e1, redaktorka \u010cT<\/strong> Aktivn\u00ed dovolen\u00e1 je st\u00e1le \u017e\u00e1dan\u011bj\u0161\u00ed. Tohle jsou z\u00e1b\u011bry ze Spojen\u00fdch arabsk\u00fdch emir\u00e1t\u016f. Za m\u011bs\u00edc tam let\u00ed Lucie Mi\u0161kovi\u010dov\u00e1. Na starost bude m\u00edt \u010desk\u00e9 turisty.<\/p>\n\n\n\n<p> <strong>Lucie Mi\u0161kovi\u010dov\u00e1, deleg\u00e1tka, CK Alexandria<\/strong> Klienti se m\u016f\u017eou t\u011b\u0161it na spoustu zaj\u00edmav\u00fdch v\u00fdlet\u016f na kr\u00e1sn\u00e9 pl\u00e1\u017ee, \u0161norchlov\u00e1n\u00ed, anebo taky \u010desk\u00fd anima\u010dn\u00ed t\u00fdm.<\/p>\n\n\n\n<p> <strong>Iveta Dvo\u0159\u00e1kov\u00e1, redaktorka \u010cT<\/strong> To Renata Soukolov\u00e1 u\u017e je na m\u00edst\u011b. Prvn\u00ed turisty \u010dek\u00e1 v emir\u00e1tech za p\u00e1r t\u00fddn\u016f.<\/p>\n\n\n\n<p><strong>Renata Soukalov\u00e1, deleg\u00e1tka, CK Fischer a EXIM Tours<\/strong> M\u00e1me pro n\u011b program, ve kter\u00e9m mohou sportovat s profesion\u00e1ln\u00edmi tren\u00e9ry a instruktory, a sport tak\u00e9 dopln\u00edme speci\u00e1ln\u00edmi nov\u00fdmi v\u00fdlety. <\/p>\n\n\n\n<p><strong>Iveta Dvo\u0159\u00e1kov\u00e1, redaktorka \u010cT<\/strong> A\u0165 u\u017e sportovn\u00ed, nebo gastronomick\u00e9 z\u00e1\u017eitky, popt\u00e1v\u00e1 st\u00e1le v\u00edce klient\u016f. O pobyty ve vzd\u00e1len\u00fdch destinac\u00edch je letos velk\u00fd z\u00e1jem.<\/p>\n\n\n\n<p> <strong>Jan Bezdek, mluv\u010d\u00ed, CK Fischer<\/strong> Registrujeme p\u0159ibli\u017en\u011b desetiprocentn\u00ed n\u00e1r\u016fst ve srovn\u00e1n\u00ed s lo\u0148skou zimn\u00ed sezonou, pokud jde o ty exotick\u00e9 z\u00e1jezdy. Nej\u010dast\u011bji klienti m\u00ed\u0159\u00ed z t\u00e9 bli\u017e\u0161\u00ed exotiky do zem\u00ed kolem Persk\u00e9ho z\u00e1livu.<\/p>\n\n\n\n<p> <strong>Petr \u0160atn\u00fd, mluv\u010d\u00ed, CK Alexandria<\/strong> \u010ce\u0161i se nau\u010dili vn\u00edmat exotick\u00e9 z\u00e1jezdy jako v podstat\u011b druhou letn\u00ed dovolenou, kterou po\u0159\u00e1daj\u00ed mimo hlavn\u00ed term\u00edny, a\u0165 u\u017e v \u0159\u00edjnu, v listopadu, nebo potom p\u0159es zimu. <\/p>\n\n\n\n<p><strong>Iveta Dvo\u0159\u00e1kov\u00e1, redaktorka \u010cT<\/strong> Stoupaj\u00ed i po\u017eadavky na komfort. B\u011b\u017en\u00e9 jsou v\u00edcehv\u011bzdi\u010dkov\u00e9 hotely. <\/p>\n\n\n\n<p><strong>Kate\u0159ina Chaloupkov\u00e1, v\u00fdkonn\u00e1 \u0159editelka Asociace \u010desk\u00fdch cestovn\u00edch kancel\u00e1\u0159\u00ed a agentur<\/strong> \u010ce\u0161t\u00ed turist\u00e9 si dop\u0159\u00e1vaj\u00ed i v segmentu t\u011bch dra\u017e\u0161\u00edch exotick\u00fdch destinac\u00ed p\u0159\u00edplatkov\u00e9 dopl\u0148kov\u00e9 slu\u017eby, zejm\u00e9na se jedn\u00e1 o priv\u00e1tn\u00ed transfery z leti\u0161t\u011b nebo se jedn\u00e1 o lep\u0161\u00ed pokoje, v\u011bt\u0161\u00ed pokoje s v\u00fdhledem na mo\u0159e.<\/p>\n\n\n\n<p><strong>redaktorka \u010cT<\/strong> To plat\u00ed i pro seniory, ti jsou \u010dasto ochotn\u00ed d\u00e1t v\u00edc pen\u011bz taky za klidn\u011bj\u0161\u00ed ubytov\u00e1n\u00ed. <\/p>\n\n\n\n<p><strong>Ji\u0159ina Ekrt Jirou\u0161kov\u00e1, mluv\u010d\u00ed, Invia<\/strong> Vol\u00ed hotely, kter\u00e9 jsou bez nutnosti zdol\u00e1vat n\u011bjak\u00e9 schody nebo v\u011bt\u0161\u00ed vzd\u00e1lenosti t\u0159eba do restaurace, p\u0159\u00edpadn\u011b k baz\u00e9nu nebo na pl\u00e1\u017e.<\/p>\n\n\n\n<p> <strong>Iveta Dvo\u0159\u00e1kov\u00e1, redaktorka \u010cT<\/strong> Z\u00e1rove\u0148 se vyh\u00fdbaj\u00ed rezort\u016fm, kde jsou d\u011btsk\u00e9 atrakce nebo diskot\u00e9ky. <\/p>\n\n\n\n<p><strong>moder\u00e1torka \u010cT<\/strong> Na dovolenou za hranice \u010ceska se vyd\u00e1 ka\u017edoro\u010dn\u011b p\u0159es 5,5 milionu \u010cech\u016f. Mimo Evropu vyj\u00ed\u017ed\u00ed p\u0159ibli\u017en\u011b 16 % z nich. <\/p>\n\n\n\n<p><strong>Josef Kvasni\u010dka, moder\u00e1tor \u010cT<\/strong> Na podzim a v zim\u011b cestuj\u00ed \u010ce\u0161i hlavn\u011b o pr\u00e1zdnin\u00e1ch nebo o prodlou\u017een\u00fdch v\u00edkendech, nejvyt\u00ed\u017een\u011bj\u0161\u00ed jsou ale v\u00e1no\u010dn\u00ed sv\u00e1tky a silvestr. To se odr\u00e1\u017e\u00ed i v cen\u00e1ch. Podle asociace mohou b\u00fdt na p\u0159elomu roku o 30 % vy\u0161\u0161\u00ed ne\u017e v jin\u00fdch m\u011bs\u00edc\u00edch. <\/p>\n\n\n\n<p>V\u00fddaje na del\u0161\u00ed cestu vyjdou v pr\u016fm\u011bru na necel\u00fdch 13 000 K\u010d na osobu. Pokud je to dovolen\u00e1 v tuzemsku, je to zhruba 6400, mimo \u010cesko skoro 22 000.<\/p>\n\n\n\n<p><strong>moder\u00e1tor \u010cT<\/strong> P\u0159ibli\u017en\u011b 50 % cestovatel\u016f vol\u00ed dovolenou s cestovn\u00ed kancel\u00e1\u0159\u00ed. Ti, kte\u0159\u00ed jedou sami, vyb\u00edraj\u00ed nej\u010dast\u011bji bl\u00edzk\u00e9 evropsk\u00e9 st\u00e1ty, Slovensko, Polsko, It\u00e1lii nebo Chorvatsko. Zhruba polovina z nich cestuje autem.<\/p>\n\n\n\n<p> <strong>Martin Don\u00e1t, redaktor \u010cT<\/strong> Mal\u00ed i dosp\u011bl\u00ed z komunitn\u00ed \u0161koly D\u011bti Berounky si prodlou\u017e\u00ed pr\u00e1zdniny, jedou v z\u00e1\u0159\u00ed do It\u00e1lie. <\/p>\n\n\n\n<p><strong>Petra Vemolov\u00e1, komunitn\u00ed \u0161kola D\u011bti Berounky<\/strong> P\u0159ijde mi \u0161koda vlastn\u011b celou Evropou st\u00e1t v kolon\u011b. M\u00fdm hlavn\u00edm d\u016fvodem je, \u017ee tam u\u017e je voln\u011bji. <\/p>\n\n\n\n<p><strong>Martin Don\u00e1t, redaktor \u010cT<\/strong> V\u011bt\u0161ina cestuje hromadn\u011b autobusem, n\u011bkte\u0159\u00ed ale jedou autem.<\/p>\n\n\n\n<p><strong>Lucie Goldin, turistka<\/strong> Dneska jsem za\u0159\u00eddila nov\u00e9 pneumatiky a aby nebyly letn\u00ed a zimn\u00ed m\u00edchan\u00e9, proto\u017ee v It\u00e1lii pr\u00fd nem\u016f\u017eou b\u00fdt m\u00edchan\u00e9. <strong>Martin Don\u00e1t, redaktor \u010cT<\/strong> Je to trochu slo\u017eit\u011bj\u0161\u00ed, v It\u00e1lii toti\u017e vydali nov\u00fd z\u00e1kon upravuj\u00edc\u00ed pou\u017e\u00edv\u00e1n\u00ed pneumatik. Vesta reflexn\u00ed, co? <strong>Lucie Goldin, turistka<\/strong> Jo. Tak tu m\u00e1m tamhle v kapse.<\/p>\n\n\n\n<p> <strong>Martin Don\u00e1t, redaktor \u010cT<\/strong> Ka\u017ed\u00fd by si m\u011bl ov\u011b\u0159it, jak\u00e1 plat\u00ed v\u00fdbava. V ostatn\u00edch st\u00e1tech za jej\u00ed nespln\u011bn\u00ed hroz\u00ed pokuty. <strong>Lucie Goldin, turistka<\/strong> Jedna, druh\u00e1. <strong>Martin Don\u00e1t, redaktor \u010cT<\/strong> Pro dva cestuj\u00edc\u00ed dv\u011b vesty. <strong>Lucie Goldin, turistka<\/strong> Pro dva cestuj\u00edc\u00ed, to jsme, jo? <strong>Martin Opatrn\u00fd, mluv\u010d\u00ed, Senior bez nehod<\/strong> Ur\u010dit\u011b. V ide\u00e1ln\u00edm p\u0159\u00edpad\u011b pro ka\u017ed\u00e9ho v aut\u011b, a nikoliv v kufru, ale p\u0159\u00edmo ve voze, nap\u0159\u00edklad ve dve\u0159\u00edch. <\/p>\n\n\n\n<p><strong>Martin Don\u00e1t, redaktor \u010cT<\/strong> Hasic\u00ed p\u0159\u00edstroj? <strong>Martin Opatrn\u00fd, mluv\u010d\u00ed, Senior bez nehod<\/strong> Ano, hasic\u00ed p\u0159\u00edstroj se hod\u00ed ur\u010dit\u011b, ale pokud pojedeme t\u0159eba do Polska, je to povinnost, jinak n\u00e1m hroz\u00ed pokuta. <strong>Martin Don\u00e1t, redaktor \u010cT<\/strong> St\u00e1le \u010dast\u011bji jezd\u00ed za hranice mimo hlavn\u00ed sezonu penzist\u00e9. Igor Sirota je nejen odborn\u00edk na dopravu, ale i aktivn\u00ed d\u016fchodce aktu\u00e1ln\u011b je na dovolen\u00e9 v Chorvatsku. <strong>Igor Sirota, dopravn\u00ed expert<\/strong> Nen\u00ed takov\u00e9 vedro, nen\u00ed tolik lid\u00ed, nen\u00ed tolik aut. <strong>Martin Don\u00e1t, redaktor \u010cT<\/strong> Na silnici u Brna a ve V\u00eddni se kv\u016fli kolon\u00e1m zdr\u017eeli v sou\u010dtu t\u00e9m\u011b\u0159 dv\u011b hodiny. Nav\u00edc si s \u017eenou ud\u011blali je\u0161t\u011b dv\u011b p\u0159est\u00e1vky.<\/p>\n\n\n\n<p><strong>Igor Sirota, dopravn\u00ed expert<\/strong> A tam jsem zase si dal z\u00e1kusek. Oni maj\u00ed takov\u00fd, kter\u00fd pravideln\u011b si s man\u017eelkou d\u00e1v\u00e1me, velk\u00fd z\u00e1kusek, a k tomu dv\u011b kaf\u00ed\u010dka. A spokojen\u011b jsme potom dorazili do c\u00edle. <strong>Martin Don\u00e1t, redaktor \u010cT<\/strong> Hlavn\u011b bez nehody. M\u016f\u017ee se ale st\u00e1t, \u017ee \u0159idi\u010d v provozu uv\u00edzne. <strong>Martin Opatrn\u00fd, mluv\u010d\u00ed, Senior bez nehod<\/strong> Nevyl\u00e9zat hned z auta, zjistit tu situaci kolem sebe. V prvn\u00edm kroku reflexn\u00ed vesta. <strong>\u0159idi\u010d autobusu<\/strong> Nepodce\u0148ovat \u00fanavu, no, prost\u011b zastavovat. <strong>Igor Sirota, dopravn\u00ed expert<\/strong> V\u0161ichni m\u00e1te pasy, poji\u0161t\u011bn\u00ed? <strong>cestuj\u00edc\u00ed<\/strong> M\u00e1\u0161 pas? <strong>cestuj\u00edc\u00ed<\/strong> No jist\u011b.<\/p>\n\n\n\n<p><strong>Martin Don\u00e1t, redaktor \u010cT<\/strong> Kdo pojede taky do It\u00e1lie, m\u011bl by v\u011bd\u011bt, \u017ee regiony na severu zem\u011b od \u0159\u00edjna zp\u0159\u00eds\u0148uj\u00ed vjezdy pro auta s dieselov\u00fdmi motory.<\/p>\n\n\n\n<p>\u010cesk\u00e1 televize<\/p>\n","protected":false},"excerpt":{"rendered":"<div class=\"mh-excerpt\"><p>\u010cT V\u011bt\u0161\u00ed z\u00e1jem o podzimn\u00ed a zimn\u00ed dovolenou v zahrani\u010d\u00ed. Cestovn\u00ed kancel\u00e1\u0159e zat\u00edm na toto obdob\u00ed prodaly zhruba o 8 % v\u00edce z\u00e1jezd\u016f ne\u017e loni. <a class=\"mh-excerpt-more\" href=\"https:\/\/www.invarena.cz\/?p=60709\" title=\"Z\u00e1jem o podzimn\u00ed dovolen\u00e9 u senior\u016f roste\">[&#8230;]<\/a><\/p>\n<\/div>","protected":false},"author":1,"featured_media":8626,"comment_status":"open","ping_status":"closed","sticky":false,"template":"","format":"standard","meta":{"footnotes":""},"categories":[9],"tags":[],"class_list":["post-60709","post","type-post","status-publish","format-standard","has-post-thumbnail","hentry","category-zpravy"],"_links":{"self":[{"href":"https:\/\/www.invarena.cz\/index.php?rest_route=\/wp\/v2\/posts\/60709","targetHints":{"allow":["GET"]}}],"collection":[{"href":"https:\/\/www.invarena.cz\/index.php?rest_route=\/wp\/v2\/posts"}],"about":[{"href":"https:\/\/www.invarena.cz\/index.php?rest_route=\/wp\/v2\/types\/post"}],"author":[{"embeddable":true,"href":"https:\/\/www.invarena.cz\/index.php?rest_route=\/wp\/v2\/users\/1"}],"replies":[{"embeddable":true,"href":"https:\/\/www.invarena.cz\/index.php?rest_route=%2Fwp%2Fv2%2Fcomments&post=60709"}],"version-history":[{"count":0,"href":"https:\/\/www.invarena.cz\/index.php?rest_route=\/wp\/v2\/posts\/60709\/revisions"}],"wp:featuredmedia":[{"embeddable":true,"href":"https:\/\/www.invarena.cz\/index.php?rest_route=\/wp\/v2\/media\/8626"}],"wp:attachment":[{"href":"https:\/\/www.invarena.cz\/index.php?rest_route=%2Fwp%2Fv2%2Fmedia&parent=60709"}],"wp:term":[{"taxonomy":"category","embeddable":true,"href":"https:\/\/www.invarena.cz\/index.php?rest_route=%2Fwp%2Fv2%2Fcategories&post=60709"},{"taxonomy":"post_tag","embeddable":true,"href":"https:\/\/www.invarena.cz\/index.php?rest_route=%2Fwp%2Fv2%2Ftags&post=60709"}],"curies":[{"name":"wp","href":"https:\/\/api.w.org\/{rel}","templated":true}]}}