{"id":60714,"date":"2025-09-15T18:47:33","date_gmt":"2025-09-15T16:47:33","guid":{"rendered":"https:\/\/www.invarena.cz\/?p=60714"},"modified":"2025-09-15T18:47:34","modified_gmt":"2025-09-15T16:47:34","slug":"liberecky-vesec-se-rozsviti-chysta-se-tu-prvni-nocni-beh-pro-svetlusku","status":"publish","type":"post","link":"https:\/\/www.invarena.cz\/?p=60714","title":{"rendered":"Libereck\u00fd Vesec se rozsv\u00edt\u00ed: Chyst\u00e1 se tu prvn\u00ed no\u010dn\u00ed b\u011bh pro Sv\u011btlu\u0161ku"},"content":{"rendered":"\n<p>Sv\u011btlu\u0161ka, projekt Nada\u010dn\u00edho fondu \u010cesk\u00e9ho rozhlasu, zve v\u0161echny b\u011b\u017ece i chodce na No\u010dn\u00ed b\u011bh pro Sv\u011btlu\u0161ku.<\/p>\n\n\n\n<p>V\u016fbec poprv\u00e9 rozsv\u00edt\u00ed b\u011bh na podporu t\u011b\u017ece zrakov\u011b posti\u017een\u00fdch a nevidom\u00fdch Liberec, a to 18. z\u00e1\u0159\u00ed od 20:00. Vyb\u00edhat se bude ze sportovn\u00edho are\u00e1lu Vesec. Sou\u010d\u00e1st\u00ed 500korunov\u00e9 vstupenky je pro ka\u017ed\u00e9ho \u00fa\u010dastn\u00edka sportovn\u00ed \u010delenka a speci\u00e1ln\u00ed magnetka nebo \u010delovka s magnetkou.<\/p>\n\n\n\n<p>Poprv\u00e9 v Liberci (a ur\u010dit\u011b ne naposledy)<\/p>\n\n\n\n<p>\u201eKa\u017ed\u00e9 nov\u00e9 m\u011bsto, kde se b\u011bh uskute\u010dn\u00ed, je pro m\u011b siln\u00fdm momentem. V\u011b\u0159\u00edm, \u017ee i Liberec si b\u011bh zamiluje a lid\u00e9 si s n\u00e1mi u\u017eij\u00ed neopakovatelnou atmosf\u00e9ru po boku dvounoh\u00fdch i \u010dty\u0159noh\u00fdch par\u0165\u00e1k\u016f. Ka\u017ed\u00fd krok, ka\u017ed\u00fd ub\u011bhnut\u00fd metr pom\u00e1h\u00e1 lidem se zrakov\u00fdm posti\u017een\u00edm na cest\u011b k samostatn\u011bj\u0161\u00edmu \u017eivotu,\u201c \u0159\u00edk\u00e1 Ji\u0159\u00ed V\u00e1\u0148a \u0159editel Nada\u010dn\u00edho fondu \u010cesk\u00e9ho rozhlasu.<\/p>\n\n\n\n<p>Registrace budou prob\u00edhat ve sportovn\u00edm are\u00e1lu Vesec u\u017e od 18:00, samotn\u00fd b\u011bh se uskute\u010dn\u00ed ve 20:00. Na v\u00fdb\u011br jsou dva okruhy: 3 km \u010di 6 km. Nen\u00ed p\u0159itom nutn\u00e9 b\u011bhat, trasu lze klidn\u011b jen proj\u00edt. V\u00edt\u00e1ni jsou z\u00e1jemci v\u0161ech v\u011bkov\u00fdch kategori\u00ed, kte\u0159\u00ed cht\u011bj\u00ed podpo\u0159it dobrou v\u011bc. Registrovat se mohou tak\u00e9 firmy, kter\u00e9 podpo\u0159\u00ed sv\u00e9 zam\u011bstnance ve sportovn\u00edch aktivit\u00e1ch, a nav\u00edc ud\u011blaj\u00ed dvojn\u00e1sobnou radost.<\/p>\n\n\n\n<p>P\u0159ed samotn\u00fdm b\u011bhem si budou moci \u00fa\u010dastn\u00edci u\u017e\u00edt bohat\u00fd doprovodn\u00fd program \u2013 hudebn\u00ed vystoupen\u00ed, mas\u00e1\u017ee od nevidom\u00fdch mas\u00e9r\u016f, m\u011b\u0159en\u00ed zraku, s pomoc\u00ed konzultant\u016f z Centra APA si vyzkou\u0161\u00ed pom\u016fcky a aktivity pro zrakov\u011b hendikepovan\u00e9 a mnoho dal\u0161\u00edho. V Liberci se budou moci b\u011b\u017eci ob\u010derstvit mo\u0161ty a proteinov\u00fdmi produkty u st\u00e1nku gener\u00e1ln\u00edho partnera Kaufland \u010cesk\u00e1 republika.<\/p>\n\n\n\n<p>Libereck\u00fd den\u00edk<\/p>\n\n\n\n<p><a href=\"https:\/\/liberecky.denik.cz\" target=\"_blank\" rel=\"noreferrer noopener\">https:\/\/liberecky.denik.cz<\/a><\/p>\n","protected":false},"excerpt":{"rendered":"<div class=\"mh-excerpt\"><p>Sv\u011btlu\u0161ka, projekt Nada\u010dn\u00edho fondu \u010cesk\u00e9ho rozhlasu, zve v\u0161echny b\u011b\u017ece i chodce na No\u010dn\u00ed b\u011bh pro Sv\u011btlu\u0161ku. V\u016fbec poprv\u00e9 rozsv\u00edt\u00ed b\u011bh na podporu t\u011b\u017ece zrakov\u011b posti\u017een\u00fdch <a class=\"mh-excerpt-more\" href=\"https:\/\/www.invarena.cz\/?p=60714\" title=\"Libereck\u00fd Vesec se rozsv\u00edt\u00ed: Chyst\u00e1 se tu prvn\u00ed no\u010dn\u00ed b\u011bh pro Sv\u011btlu\u0161ku\">[&#8230;]<\/a><\/p>\n<\/div>","protected":false},"author":1,"featured_media":3929,"comment_status":"open","ping_status":"closed","sticky":false,"template":"","format":"standard","meta":{"footnotes":""},"categories":[9],"tags":[],"class_list":["post-60714","post","type-post","status-publish","format-standard","has-post-thumbnail","hentry","category-zpravy"],"_links":{"self":[{"href":"https:\/\/www.invarena.cz\/index.php?rest_route=\/wp\/v2\/posts\/60714","targetHints":{"allow":["GET"]}}],"collection":[{"href":"https:\/\/www.invarena.cz\/index.php?rest_route=\/wp\/v2\/posts"}],"about":[{"href":"https:\/\/www.invarena.cz\/index.php?rest_route=\/wp\/v2\/types\/post"}],"author":[{"embeddable":true,"href":"https:\/\/www.invarena.cz\/index.php?rest_route=\/wp\/v2\/users\/1"}],"replies":[{"embeddable":true,"href":"https:\/\/www.invarena.cz\/index.php?rest_route=%2Fwp%2Fv2%2Fcomments&post=60714"}],"version-history":[{"count":0,"href":"https:\/\/www.invarena.cz\/index.php?rest_route=\/wp\/v2\/posts\/60714\/revisions"}],"wp:featuredmedia":[{"embeddable":true,"href":"https:\/\/www.invarena.cz\/index.php?rest_route=\/wp\/v2\/media\/3929"}],"wp:attachment":[{"href":"https:\/\/www.invarena.cz\/index.php?rest_route=%2Fwp%2Fv2%2Fmedia&parent=60714"}],"wp:term":[{"taxonomy":"category","embeddable":true,"href":"https:\/\/www.invarena.cz\/index.php?rest_route=%2Fwp%2Fv2%2Fcategories&post=60714"},{"taxonomy":"post_tag","embeddable":true,"href":"https:\/\/www.invarena.cz\/index.php?rest_route=%2Fwp%2Fv2%2Ftags&post=60714"}],"curies":[{"name":"wp","href":"https:\/\/api.w.org\/{rel}","templated":true}]}}