{"id":6072,"date":"2013-06-04T10:44:57","date_gmt":"2013-06-04T08:44:57","guid":{"rendered":"http:\/\/www.invarena.cz\/?p=6072"},"modified":"2014-10-20T20:11:45","modified_gmt":"2014-10-20T18:11:45","slug":"motorkari-i-sportovci-budou-vypravet-jak-prekonavaji-bariery","status":"publish","type":"post","link":"https:\/\/www.invarena.cz\/?p=6072","title":{"rendered":"Motork\u00e1\u0159i i sportovci budou vypr\u00e1v\u011bt, jak p\u0159ekon\u00e1vaj\u00ed bari\u00e9ry"},"content":{"rendered":"<p><strong>T\u00e9m\u011b\u0159 ka\u017ed\u00fd den prom\u011bn\u00ed v\u00fdstavu Moje cesta doprovodn\u00fd program \u2013 besedy, prom\u00edt\u00e1n\u00ed dokument\u016f, tane\u010dn\u00ed vystoupen\u00ed i tvo\u0159iv\u00e9 d\u00edlny a sout\u011b\u017ee pro rodiny s d\u011btmi V\u00fdstava, kter\u00e1 se dnes otev\u0159e na hole\u0161ovick\u00e9m V\u00fdstavi\u0161ti, je unik\u00e1tn\u00ed nejen v \u010cesku, ale z\u0159ejm\u011b i v Evrop\u011b.\u00a0 P\u0159itom je zadarmo.<\/strong><\/p>\n<p><!--more--><\/p>\n<p>Tak\u017ee minim\u00e1ln\u011b ze dvou d\u016fvod\u016f se sem vyplat\u00ed p\u0159ij\u00edt s d\u011btmi \u010di p\u0159\u00e1teli. Kdo v\u0161ak p\u0159ijde i podruh\u00e9 nebo pot\u0159et\u00ed, nebude chybovat. To nejd\u016fle\u017eit\u011bj\u0161\u00ed tu z\u016fstane samoz\u0159ejm\u011b po celou dobu trv\u00e1n\u00ed ve stejn\u00e9 podob\u011b, ka\u017ed\u00fd den se ov\u0161em bude m\u011bnit doprovodn\u00fd program.<\/p>\n<p>&#8222;Na\u0161e pozv\u00e1n\u00ed p\u0159ijali nap\u0159\u00edklad \u00fasp\u011b\u0161n\u00ed sportovci se zdravotn\u00edm posti\u017een\u00edm \u2013 nap\u0159\u00edklad sluchov\u011b posti\u017een\u00e1 atletka Ane\u017eka Vejra\u017ekov\u00e1 nebo nevidom\u00fd horolezec Honza \u0158\u00edha,&#8220; vyb\u00edr\u00e1 z rozs\u00e1hl\u00e9ho programu Jana Vo\u017eechov\u00e1 z po\u0159adatelsk\u00e9 Nadace Sirius dva mlad\u00e9 lidi, kte\u0159\u00ed hrav\u011b pot\u00edraj\u00ed stereotyp, \u017ee lid\u00e9 s handicapem jsou politov\u00e1n\u00edhodn\u00ed chud\u00e1ci.<\/p>\n<p>Sprinterka Ad\u00e9la Vejra\u017ekov\u00e1 se um\u00edstila v paralympijsk\u00e9m fin\u00e1le b\u011bhu na 100 a 200 metr\u016f v Pekingu na \u0161est\u00e9m a sedm\u00e9m m\u00edst\u011b.<br \/>\nJanu \u0158\u00edhovi se zase poda\u0159ilo v roce 2009 vy\u0161plhat na nejvy\u0161\u0161\u00ed horu Afriky Kilimand\u017e\u00e1ro, ale zdolal tak\u00e9 proslul\u00fd \u017eulov\u00fd \u00fates El Capitan v Yosemitsk\u00e9m n\u00e1rodn\u00edm parku v Kalifornii nebo moravskou propast Macochu. S chut\u00ed si \u010das od \u010dasu zab\u011bhne i p\u016flmaraton.<\/p>\n<p>Proto\u017ee cht\u011bj\u00ed po\u0159adatel\u00e9 p\u0159iv\u00e1bit do K\u0159i\u017e\u00edkov\u00fdch pavilon\u016f na V\u00fdstavi\u0161ti co nejv\u00edc rodin s d\u011btmi, jsou tu pr\u00e1v\u011b pro n\u011b p\u0159ipraveny z\u00e1bavn\u00e9 programy na sobotu.<\/p>\n<p>Prvn\u00ed v po\u0159ad\u00ed jsou 8. \u010dervna tvo\u0159iv\u00e9 d\u00edlny a sout\u011b\u017ee, t\u00fdden pot\u00e9 p\u0159ijdou na \u0159adu vod\u00edc\u00ed a asisten\u010dn\u00ed psi a 22. \u010dervna bude cel\u00fd den pat\u0159it sportovn\u00edm turnaj\u016fm pro d\u011bti. Hr\u00e1t se bude t\u0159eba boccia \u010di showdown, tedy speci\u00e1ln\u00ed stoln\u00ed tenis pro zrakov\u011b posti\u017een\u00e9.<\/p>\n<p>&#8222;Zaj\u00edmav\u00e1 bude ur\u010dit\u011b i beseda s t\u011blesn\u011b posti\u017een\u00fdmi motork\u00e1\u0159i z rehabilita\u010dn\u00edho \u00fastavu v Kladrubech,&#8220; dod\u00e1v\u00e1 Vo\u017eechov\u00e1.<\/p>\n<p>&#8212;<\/p>\n<p><strong>Doprovodn\u00fd program v\u00fdstavy Moje cesta na V\u00fdstavi\u0161ti <\/strong><\/p>\n<p>Dnes, 16.00 dokumenty Nadace Sirius Z\u00edtra, 16.00 Jitka Lebedov\u00e1, nevidom\u00e1 cvi\u010ditelka vod\u00edc\u00edch ps\u016f (Pes Pro Tebe, o. s.) \u010ctvrtek 6. \u010dervna, 16.00 Tom\u00e1\u0161 Kvoch, t\u011blesn\u011b posti\u017een\u00fd horolezec a hr\u00e1\u010d sledge hokeje P\u00e1tek 7. \u010dervna, 16.00 Radek Proch\u00e1zka, t\u011blesn\u011b posti\u017een\u00fd paralympik, mistr Evropy v boccie Sobota 8. \u010dervna, 9.00\u201318.00 Hrajeme si spolu aneb sout\u011b\u017ee a tvo\u0159iv\u00e9 d\u00edlni\u010dky pro d\u011bti Pond\u011bl\u00ed 10. \u010dervna, 16.00 Ane\u017eka Vejra\u017ekov\u00e1, sluchov\u011b posti\u017een\u00e1 paralympi\u010dka, atletka \u00dater\u00fd 11. \u010dervna, 16.00 Michal Prager, t\u011blesn\u011b posti\u017een\u00fd zakladatel cestovn\u00ed agentury Bezbatour = cestov\u00e1n\u00ed bez bari\u00e9r St\u0159eda 12. \u010dervna, 16.00 Jitka Lebedov\u00e1, nevidom\u00e1 cvi\u010ditelka vod\u00edc\u00edch ps\u016f (Pes Pro Tebe, o. s.) \u010ctvrtek 13. \u010dervna, 16.00 Honza \u0158\u00edha, beseda s nevidom\u00fdm sportovcem &#8222;Pro\u010d chci poko\u0159it nejvy\u0161\u0161\u00ed vrcholy sedmi kontinent\u016f?&#8220; P\u00e1tek 14. \u010dervna, 16.00 dokumenty Nadace Sirius Sobota 15. \u010dervna, 9.00\u201318.00 Den s vod\u00edc\u00edmi a asisten\u010dn\u00edmi psy Pond\u011bl\u00ed 17. \u010dervna, 16.00 Jitka Lebedov\u00e1, beseda s nevidomou cvi\u010ditelkou vod\u00edc\u00edch ps\u016f &#8222;Jak se cvi\u010d\u00ed vod\u00edc\u00ed pes?&#8220; \u00dater\u00fd 18. \u010dervna, 16.00 Ad\u00e9la Han\u00e1kov\u00e1, beseda se \u010dlenkou odborn\u00e9 rady chodicilide.cz &#8222;Jak se \u017eije se svalovou dystrofi\u00ed&#8220; St\u0159eda 19. \u010dervna, 16.00 dokumenty Nadace Sirius \u010ctvrtek 20. \u010dervna, 17.00 VerTeDance, p\u0159edstaven\u00ed t\u011blesn\u011b posti\u017een\u00fdch tane\u010dn\u00edk\u016f P\u00e1tek 21. \u010dervna, 16.00 Kate\u0159ina Stejskalov\u00e1, beseda se \u010dlenkou odborn\u00e9 rady chodicilide.cz &#8222;J\u00e1 a moje \u010dty\u0159noh\u00e1 h\u016fl&#8220; Sobota 22. \u010dervna, 9.00\u201318.00 Showdown, Boccia a dal\u0161\u00ed sportovn\u00ed turnaje nejen pro d\u011bti \u00dater\u00fd 25. \u010dervna, 16.00 Honza \u0158\u00edha, beseda s nevidom\u00fdm sportovcem &#8222;Pro\u010d chci poko\u0159it nejvy\u0161\u0161\u00ed vrcholy sedmi kontinent\u016f?&#8220; \u010ctvrtek 27. \u010dervna, 16.00 Keep Respect, beseda s t\u011blesn\u011b posti\u017een\u00fdmi motork\u00e1\u0159i z R\u00da v Kladrubech &#8222;Motocykl se stal sou\u010d\u00e1st\u00ed \u017eivota, l\u00e1skou i osudem&#8220; P\u00e1tek 28. \u010dervna, 16.00 dokumenty Nadace Sirius<\/p>\n<p>Mlad\u00e1 fronta DNES<\/p>\n","protected":false},"excerpt":{"rendered":"<div class=\"mh-excerpt\"><p>T\u00e9m\u011b\u0159 ka\u017ed\u00fd den prom\u011bn\u00ed v\u00fdstavu Moje cesta doprovodn\u00fd program \u2013 besedy, prom\u00edt\u00e1n\u00ed dokument\u016f, tane\u010dn\u00ed vystoupen\u00ed i tvo\u0159iv\u00e9 d\u00edlny a sout\u011b\u017ee pro rodiny s d\u011btmi V\u00fdstava, <a class=\"mh-excerpt-more\" href=\"https:\/\/www.invarena.cz\/?p=6072\" title=\"Motork\u00e1\u0159i i sportovci budou vypr\u00e1v\u011bt, jak p\u0159ekon\u00e1vaj\u00ed bari\u00e9ry\">[&#8230;]<\/a><\/p>\n<\/div>","protected":false},"author":1,"featured_media":259,"comment_status":"open","ping_status":"open","sticky":false,"template":"","format":"standard","meta":{"footnotes":""},"categories":[9],"tags":[],"class_list":["post-6072","post","type-post","status-publish","format-standard","has-post-thumbnail","hentry","category-zpravy"],"_links":{"self":[{"href":"https:\/\/www.invarena.cz\/index.php?rest_route=\/wp\/v2\/posts\/6072","targetHints":{"allow":["GET"]}}],"collection":[{"href":"https:\/\/www.invarena.cz\/index.php?rest_route=\/wp\/v2\/posts"}],"about":[{"href":"https:\/\/www.invarena.cz\/index.php?rest_route=\/wp\/v2\/types\/post"}],"author":[{"embeddable":true,"href":"https:\/\/www.invarena.cz\/index.php?rest_route=\/wp\/v2\/users\/1"}],"replies":[{"embeddable":true,"href":"https:\/\/www.invarena.cz\/index.php?rest_route=%2Fwp%2Fv2%2Fcomments&post=6072"}],"version-history":[{"count":0,"href":"https:\/\/www.invarena.cz\/index.php?rest_route=\/wp\/v2\/posts\/6072\/revisions"}],"wp:featuredmedia":[{"embeddable":true,"href":"https:\/\/www.invarena.cz\/index.php?rest_route=\/wp\/v2\/media\/259"}],"wp:attachment":[{"href":"https:\/\/www.invarena.cz\/index.php?rest_route=%2Fwp%2Fv2%2Fmedia&parent=6072"}],"wp:term":[{"taxonomy":"category","embeddable":true,"href":"https:\/\/www.invarena.cz\/index.php?rest_route=%2Fwp%2Fv2%2Fcategories&post=6072"},{"taxonomy":"post_tag","embeddable":true,"href":"https:\/\/www.invarena.cz\/index.php?rest_route=%2Fwp%2Fv2%2Ftags&post=6072"}],"curies":[{"name":"wp","href":"https:\/\/api.w.org\/{rel}","templated":true}]}}