{"id":60723,"date":"2025-09-15T21:48:56","date_gmt":"2025-09-15T19:48:56","guid":{"rendered":"https:\/\/www.invarena.cz\/?p=60723"},"modified":"2025-09-15T21:48:57","modified_gmt":"2025-09-15T19:48:57","slug":"charitak-v-klatovech-prilakal-stovky-lidi-podporily-rodiny-s-postizenymi-detmi","status":"publish","type":"post","link":"https:\/\/www.invarena.cz\/?p=60723","title":{"rendered":"Chari\u0165\u00e1k v Klatovech p\u0159il\u00e1kal stovky lid\u00ed, podpo\u0159ily rodiny s posti\u017een\u00fdmi d\u011btmi"},"content":{"rendered":"\n<p>T\u0159em rodin\u00e1m s posti\u017een\u00fdmi d\u011btmi se rozhodl pomoci Spolek klatovsk\u00fdch vina\u0159\u016f v r\u00e1mci akce Chari\u0165\u00e1k, kterou po\u0159\u00e1dal u\u017e po\u0161est\u00e9. A \u00fa\u010dast byla tradi\u010dn\u011b velk\u00e1.<\/p>\n\n\n\n<p>Na Kolon\u00e1d\u011b v Klatovech se v sobotu konal ji\u017e \u0161est\u00fd ro\u010dn\u00edk Chari\u0165\u00e1ku a \u00fa\u010del z\u016fst\u00e1v\u00e1 st\u00e1le stejn\u00fd \u2013 pomoci a podpo\u0159it rodiny s posti\u017een\u00fdmi d\u011btmi, kter\u00e9 to v\u016fbec nemaj\u00ed jednoduch\u00e9 a poji\u0161\u0165ovny jim mnoh\u00e9 nehrad\u00ed. \u201eChari\u0165\u00e1k je charitativn\u00ed hudebn\u00ed akce. Letos je zam\u011b\u0159en\u00e1 na t\u0159i rodiny s t\u0159emi d\u011btmi, kter\u00e9 chceme podpo\u0159it. Jde o Mart\u00ednka, Sofinku a Am\u00e1lku, kter\u00fdm chceme pomoct v jejich probl\u00e9mech a p\u0159ilep\u0161it jim, vybrat jim n\u011bjak\u00e9 pen\u00edze na rehabilita\u010dn\u00ed pobyty, rehabilita\u010dn\u00ed p\u0159edm\u011bty a l\u00e1ze\u0148sk\u00e9 pobyty a podobn\u011b,\u201c \u0159ekl za po\u0159adatelsk\u00fd spolek Ji\u0159\u00ed Zav\u0159el.<\/p>\n\n\n\n<p>Vyps\u00e1ny tak byly t\u0159i ve\u0159ejn\u00e9 sb\u00edrky, kter\u00e9 se rozb\u011bhly u\u017e dva m\u011bs\u00edce p\u0159ed akc\u00ed a Chari\u0165\u00e1kem v\u0161e vrchol\u00ed. \u201eLid\u00e9 mohli individu\u00e1ln\u011b p\u0159isp\u00edvat online na ty t\u0159i vypsan\u00e9 sb\u00edrky, co\u017e se docela povedlo. Uvid\u00edme, a\u017e se to spo\u010dte celkov\u011b v\u0161e dohromady je\u0161t\u011b s dne\u0161n\u00edm v\u00fdt\u011b\u017ekem, kter\u00fd se zde vyb\u00edr\u00e1 do zape\u010det\u011bn\u00fdch kasi\u010dek, kter\u00e9 budou rozpe\u010det\u011bny a spo\u010dteny na m\u011bstsk\u00e9m \u00fa\u0159ad\u011b,\u201c poznamenal Zav\u0159el.<\/p>\n\n\n\n<p>Akce se vyda\u0159ila, jeliko\u017e p\u0159\u00e1lo po\u010das\u00ed a Kolon\u00e1da se zaplnila nejen b\u011b\u017eci, ale i p\u0159\u00edznivci Chari\u0165\u00e1ku, kte\u0159\u00ed ho r\u00e1di podporuj\u00ed ka\u017edoro\u010dn\u011b. \u201e\u00da\u010dast hodnot\u00edm velmi dob\u0159e. Po\u010das\u00ed se n\u00e1m povedlo, letos op\u011bt p\u0159ibyly d\u011bti. D\u011btsk\u00e1 \u00fa\u010dast, d\u00e1 se \u0159\u00edct, byla enormn\u00ed. T\u00e9m\u011b\u0159 100 d\u011bt\u00ed prob\u011bhlo startem v r\u016fzn\u00fdch d\u011btsk\u00fdch kategori\u00ed a do hlavn\u00edho b\u011bhu V\u00e1clava And\u011bla bylo p\u0159ihl\u00e1\u0161eno kolem 80 lid\u00ed. Se\u0161li jsme se tady v\u0161ichni, abychom podpo\u0159ili dobrou v\u011bc. D\u00e1 se \u0159\u00edct, \u017ee spousta lid\u00ed to ani nebere jako b\u011bh, ale jako takovou symbolickou trasu na podporu t\u0159ech d\u011bt\u00ed,\u201c zhodnotil Zav\u0159el, kter\u00fd dodal pod\u011bkov\u00e1n\u00ed v\u0161em, kte\u0159\u00ed Chari\u0165\u00e1k podpo\u0159ili, v\u0161em sponzor\u016fm, ale i \u010dlen\u016fm spolku, kte\u0159\u00ed se starali o v\u0161e, co je sou\u010d\u00e1st\u00ed akce.<\/p>\n\n\n\n<p>Lid\u00e9 jsou r\u00e1di, \u017ee se tradice udr\u017euje. \u201eMysl\u00edm, \u017ee je to fajn. Pom\u00e1h\u00e1 se zde lidem z na\u0161eho regionu a je vid\u011bt, \u017ee st\u00e1le je spoustu lid\u00ed, kte\u0159\u00ed pomoc cht\u011bj\u00ed. Je to jist\u011b podpora nejen finan\u010dn\u00ed, ale i psychick\u00e1 pro ty rodiny, \u017ee vid\u00ed, \u017ee na to nejsou v tu chv\u00edli samy. Za m\u011b palec nahoru a jen tak d\u00e1l,\u201c \u0159ekla jedna z n\u00e1v\u0161t\u011bvnic Lenka Pet\u0159\u00edkov\u00e1.<\/p>\n\n\n\n<p>Sou\u010d\u00e1st\u00ed Chari\u0165\u00e1ku ale nebyly jen b\u011bhy, po jejich skon\u010den\u00ed odstartoval hudebn\u00ed program, o kter\u00fd se postaraly skupiny Fiasko, Chai a Maniac.<\/p>\n\n\n\n<p>Daniela Loudov\u00e1<\/p>\n\n\n\n<p>Klatovsk\u00fd den\u00edk<\/p>\n\n\n\n<p><a href=\"https:\/\/klatovsky.denik.cz\" target=\"_blank\" rel=\"noreferrer noopener\">https:\/\/klatovsky.denik.cz<\/a><\/p>\n","protected":false},"excerpt":{"rendered":"<div class=\"mh-excerpt\"><p>T\u0159em rodin\u00e1m s posti\u017een\u00fdmi d\u011btmi se rozhodl pomoci Spolek klatovsk\u00fdch vina\u0159\u016f v r\u00e1mci akce Chari\u0165\u00e1k, kterou po\u0159\u00e1dal u\u017e po\u0161est\u00e9. A \u00fa\u010dast byla tradi\u010dn\u011b velk\u00e1. Na <a class=\"mh-excerpt-more\" href=\"https:\/\/www.invarena.cz\/?p=60723\" title=\"Chari\u0165\u00e1k v Klatovech p\u0159il\u00e1kal stovky lid\u00ed, podpo\u0159ily rodiny s posti\u017een\u00fdmi d\u011btmi\">[&#8230;]<\/a><\/p>\n<\/div>","protected":false},"author":1,"featured_media":14145,"comment_status":"open","ping_status":"closed","sticky":false,"template":"","format":"standard","meta":{"footnotes":""},"categories":[9],"tags":[],"class_list":["post-60723","post","type-post","status-publish","format-standard","has-post-thumbnail","hentry","category-zpravy"],"_links":{"self":[{"href":"https:\/\/www.invarena.cz\/index.php?rest_route=\/wp\/v2\/posts\/60723","targetHints":{"allow":["GET"]}}],"collection":[{"href":"https:\/\/www.invarena.cz\/index.php?rest_route=\/wp\/v2\/posts"}],"about":[{"href":"https:\/\/www.invarena.cz\/index.php?rest_route=\/wp\/v2\/types\/post"}],"author":[{"embeddable":true,"href":"https:\/\/www.invarena.cz\/index.php?rest_route=\/wp\/v2\/users\/1"}],"replies":[{"embeddable":true,"href":"https:\/\/www.invarena.cz\/index.php?rest_route=%2Fwp%2Fv2%2Fcomments&post=60723"}],"version-history":[{"count":0,"href":"https:\/\/www.invarena.cz\/index.php?rest_route=\/wp\/v2\/posts\/60723\/revisions"}],"wp:featuredmedia":[{"embeddable":true,"href":"https:\/\/www.invarena.cz\/index.php?rest_route=\/wp\/v2\/media\/14145"}],"wp:attachment":[{"href":"https:\/\/www.invarena.cz\/index.php?rest_route=%2Fwp%2Fv2%2Fmedia&parent=60723"}],"wp:term":[{"taxonomy":"category","embeddable":true,"href":"https:\/\/www.invarena.cz\/index.php?rest_route=%2Fwp%2Fv2%2Fcategories&post=60723"},{"taxonomy":"post_tag","embeddable":true,"href":"https:\/\/www.invarena.cz\/index.php?rest_route=%2Fwp%2Fv2%2Ftags&post=60723"}],"curies":[{"name":"wp","href":"https:\/\/api.w.org\/{rel}","templated":true}]}}