{"id":60823,"date":"2025-09-21T19:00:47","date_gmt":"2025-09-21T17:00:47","guid":{"rendered":"https:\/\/www.invarena.cz\/?p=60823"},"modified":"2025-09-21T19:00:47","modified_gmt":"2025-09-21T17:00:47","slug":"koncert-pro-motylek-v-narodnim-technickem-muzeu","status":"publish","type":"post","link":"https:\/\/www.invarena.cz\/?p=60823","title":{"rendered":"Koncert pro Mot\u00fdlek v N\u00e1rodn\u00edm technick\u00e9m muzeu"},"content":{"rendered":"\n<p>Koncert pro Mot\u00fdlek se uskute\u010dn\u00ed 20. \u0159\u00edjna od 19 hodin v Dopravn\u00ed hale N\u00e1rodn\u00edho technick\u00e9ho muzea. Vystoup\u00ed houslista Pavel \u0160porcl, patron Mot\u00fdlka, v doprovodu klav\u00edristy Petra Ji\u0159\u00edkovsk\u00e9ho. Halu s expon\u00e1ty muzea rozezn\u00ed hudba \u010desk\u00fdch autor\u016f.<\/p>\n\n\n\n<p>Slavnostn\u00edm ve\u010derem provede moder\u00e1tor \u010cT Richard Samko.<\/p>\n\n\n\n<p>Cel\u00fd \u010dl\u00e1nek naleznete v Pra\u017esk\u00e9m Patriotu: <a href=\"https:\/\/www.prazskypatriot.cz\/koncert-pro-motylek-v-narodnim-technickem-muzeu\/\" target=\"_blank\" rel=\"noreferrer noopener\">https:\/\/www.prazskypatriot.cz\/koncert-pro-motylek-v-narodnim-technickem-muzeu\/<\/a><\/p>\n","protected":false},"excerpt":{"rendered":"<div class=\"mh-excerpt\"><p>Koncert pro Mot\u00fdlek se uskute\u010dn\u00ed 20. \u0159\u00edjna od 19 hodin v Dopravn\u00ed hale N\u00e1rodn\u00edho technick\u00e9ho muzea. Vystoup\u00ed houslista Pavel \u0160porcl, patron Mot\u00fdlka, v doprovodu klav\u00edristy <a class=\"mh-excerpt-more\" href=\"https:\/\/www.invarena.cz\/?p=60823\" title=\"Koncert pro Mot\u00fdlek v N\u00e1rodn\u00edm technick\u00e9m muzeu\">[&#8230;]<\/a><\/p>\n<\/div>","protected":false},"author":1,"featured_media":19919,"comment_status":"open","ping_status":"closed","sticky":false,"template":"","format":"standard","meta":{"footnotes":""},"categories":[9],"tags":[],"class_list":["post-60823","post","type-post","status-publish","format-standard","has-post-thumbnail","hentry","category-zpravy"],"_links":{"self":[{"href":"https:\/\/www.invarena.cz\/index.php?rest_route=\/wp\/v2\/posts\/60823","targetHints":{"allow":["GET"]}}],"collection":[{"href":"https:\/\/www.invarena.cz\/index.php?rest_route=\/wp\/v2\/posts"}],"about":[{"href":"https:\/\/www.invarena.cz\/index.php?rest_route=\/wp\/v2\/types\/post"}],"author":[{"embeddable":true,"href":"https:\/\/www.invarena.cz\/index.php?rest_route=\/wp\/v2\/users\/1"}],"replies":[{"embeddable":true,"href":"https:\/\/www.invarena.cz\/index.php?rest_route=%2Fwp%2Fv2%2Fcomments&post=60823"}],"version-history":[{"count":0,"href":"https:\/\/www.invarena.cz\/index.php?rest_route=\/wp\/v2\/posts\/60823\/revisions"}],"wp:featuredmedia":[{"embeddable":true,"href":"https:\/\/www.invarena.cz\/index.php?rest_route=\/wp\/v2\/media\/19919"}],"wp:attachment":[{"href":"https:\/\/www.invarena.cz\/index.php?rest_route=%2Fwp%2Fv2%2Fmedia&parent=60823"}],"wp:term":[{"taxonomy":"category","embeddable":true,"href":"https:\/\/www.invarena.cz\/index.php?rest_route=%2Fwp%2Fv2%2Fcategories&post=60823"},{"taxonomy":"post_tag","embeddable":true,"href":"https:\/\/www.invarena.cz\/index.php?rest_route=%2Fwp%2Fv2%2Ftags&post=60823"}],"curies":[{"name":"wp","href":"https:\/\/api.w.org\/{rel}","templated":true}]}}