{"id":60838,"date":"2025-09-23T05:30:29","date_gmt":"2025-09-23T03:30:29","guid":{"rendered":"https:\/\/www.invarena.cz\/?p=60838"},"modified":"2025-09-23T05:30:40","modified_gmt":"2025-09-23T03:30:40","slug":"paralympionik-jezek-radi-jak-motivovat-deti-k-pohybu-a-sportu","status":"publish","type":"post","link":"https:\/\/www.invarena.cz\/?p=60838","title":{"rendered":"Paralympionik Je\u017eek rad\u00ed, jak motivovat\u00a0d\u011bti\u00a0k pohybu a sportu"},"content":{"rendered":"\n<p><br \/>\u010cT 24<\/p>\n\n\n\n<p>P\u0159il\u00e1kat v\u00edce d\u011bt\u00ed k pohybu i p\u0159\u00edmo ke konkr\u00e9tn\u00edmu sportu. C\u00edl, na kter\u00fd m\u00ed\u0159\u00ed te\u010f aktu\u00e1ln\u011b kampan\u011b jako prob\u00edhaj\u00edc\u00ed aktivn\u00ed z\u00e1\u0159\u00ed. Odborn\u00edci se toti\u017e shoduj\u00ed, \u017ee u \u010desk\u00fdch d\u011bt\u00ed je \u010d\u00edm d\u00e1l v\u011bt\u0161\u00edm probl\u00e9mem nadv\u00e1ha a obezita. Podle dat St\u00e1tn\u00edho zdravotn\u00edho \u00fastavu se t\u00fdk\u00e1 a\u017e \u010dtvrtiny d\u011bt\u00ed a dosp\u00edvaj\u00edc\u00edch ve v\u011bku mezi 13 a 17 lety. P\u0159ed 30 lety p\u0159itom m\u011blo nadv\u00e1hu jen ka\u017ed\u00e9 des\u00e1t\u00e9 d\u00edt\u011b. Hlavn\u00ed p\u0159\u00ed\u010dinou nebo hlavn\u00edmi p\u0159\u00ed\u010dinami je pr\u00e1v\u011b nedostatek pohybu a nevhodn\u00e9 stravovac\u00ed n\u00e1vyky. Podle Sv\u011btov\u00e9 zdravotnick\u00e9 organizace by se d\u011bti m\u011bly h\u00fdbat alespo\u0148 hodinu denn\u011b. A jak je pro pohyb nadchnout i v r\u00e1mci \u0161koln\u00ed v\u00fduky t\u011blocviku? Tak o tom dnes pedagogov\u00e9, sportovci a dal\u0161\u00ed odborn\u00edci debatovali na konferenci Zdrav\u00e9 d\u011bti v pohybu. <strong>redaktor<\/strong> U\u010ditel\u00e9 t\u011blocviku jsou ve v\u00fdvoji mlad\u00fdch sportovc\u016f d\u016fle\u017eitou sou\u010d\u00e1st\u00ed. V\u00edce ne\u017e 230 se jich se\u0161lo na konferenci Zdrav\u00e9 d\u011bti v pohybu, kter\u00e1 chce prost\u0159ednictv\u00edm p\u0159edn\u00e1\u0161ek roz\u0161\u00ed\u0159it rozmanitost hodin t\u011blesn\u00e9 v\u00fdchovy. <strong>konference sportu<\/strong> Pro n\u00e1s jsou ty u\u010ditele jakoby takov\u00e9 poj\u00edtko na ty kluby, na svazy a jednou t\u0159eba na vrcholov\u00e9 sportovce. O tom, jak p\u0159iv\u00e9st d\u011bti k pohybu, hovo\u0159il i krasobrusla\u0159sk\u00fd olympionik Tom\u00e1\u0161 Verner.<\/p>\n\n\n\n<p> <strong>Tom\u00e1\u0161 Verner, krasobrusla\u0159, olympionik<\/strong> Chceme h\u00fdbat \u010ceskem, nejenom kopat do m\u00ed\u010de nejenom tenisovou raketou, ale t\u0159eba na brusl\u00edch na ly\u017e\u00edch a taky t\u0159eba o\u0161t\u011bpem.<\/p>\n\n\n\n<p><strong>moder\u00e1torka<\/strong> A dva \u00fa\u010dastn\u00edky t\u00e9to konference te\u010f u\u017e v\u00edt\u00e1m i ve vys\u00edl\u00e1n\u00ed Devades\u00e1tky. Tady ve studiu, je to Ond\u0159ej Zadrob\u00edlek, u\u010ditel t\u011blesn\u00e9 v\u00fdchovy na z\u00e1kladn\u00ed \u0161kole Angel. P\u0159eji p\u011bkn\u00fd ve\u010der. A na d\u00e1lku zdrav\u00edm tak\u00e9 Ji\u0159\u00edho Je\u017eka, sportovn\u00edho moder\u00e1tora, ale samoz\u0159ejm\u011b tak\u00e9 paralympijsk\u00e9ho v\u00edt\u011bze a tak\u00e9 mimochodem ambasadora projektu olympijsk\u00fd v\u00edceboj ve \u0161kol\u00e1ch. I v\u00e1m p\u011bkn\u00fd ve\u010der. J\u00e1 jsem zmi\u0148ovala to doporu\u010den\u00ed WHO 60 minut, j\u00e1 v\u00edm, \u017ee nejste \u00fapln\u011b v kategorii d\u011bti a dosp\u00edvaj\u00edc\u00ed, ale h\u00fdbali jste se dnes alespo\u0148 60 minut? Pane Je\u017eku.<\/p>\n\n\n\n<p><strong>Ji\u0159\u00ed Je\u017eek, paralympionik, moder\u00e1tor<\/strong> J\u00e1 jsem to dneska nestihl, proto\u017ee jsem cel\u00fd den moderoval tu konferenci. Ale mus\u00edm p\u0159iznat, \u017ee jinak je velice m\u00e1lo takov\u00fdch dn\u00ed, \u017ee v\u011bt\u0161inou se sna\u017e\u00edm ka\u017ed\u00fd den si naj\u00edt aspo\u0148 hodinu pohybu, a\u0165 je to b\u011bh\u00e1n\u00ed nebo j\u00edzda na kole, tak\u017ee v tomhle tom mysl\u00edm, \u017ee m\u016f\u017eu p\u016fsobit jako dobr\u00fd ambasador a hlavn\u011b v\u011b\u0159\u00edm, \u017ee to, co p\u0159ed\u00e1v\u00e1me t\u011bm d\u011btem, tak n\u011bjak\u00fdm zp\u016fsobem mus\u00edme my sami d\u011blat, tak\u017ee j\u00e1 \u010dastokr\u00e1t \u0159\u00edk\u00e1m rodi\u010d\u016fm, \u017ee oni jsou ti, kte\u0159\u00ed vlastn\u011b rozhoduj\u00ed o tom, jak d\u011bti maj\u00ed radost k tomu pohybu a \u0161kola je takovou prodlou\u017eenou rukou, proto\u017ee samoz\u0159ejm\u011b ve \u0161kole d\u011bti tr\u00e1v\u00ed spoustu \u010dasu, tak\u017ee to, co nezvl\u00e1dnou rodi\u010de, tak mohou je\u0161t\u011b dohnat kanto\u0159i a u\u010ditel\u00e9, a proto\u017ee m\u00e1 mezi u\u010diteli a kantory, zvl\u00e1\u0161\u0165 mezi t\u011blocvik\u00e1\u0159i spoustu p\u0159\u00e1tel. A dneska to bylo vid\u011bt na t\u00e9 konferenci, tak jsme v\u0161ichni zajedno, \u017ee prost\u011b d\u011bti se h\u00fdbat maj\u00ed a \u017ee jim k tomu m\u00e1me vytvo\u0159it podm\u00ednky. <\/p>\n\n\n\n<p><strong>Nikola Reindlov\u00e1, moder\u00e1torka<\/strong> A co pan Zadrob\u00edlek?<\/p>\n\n\n\n<p> <strong>Ond\u0159ej Zadrob\u00edlek, u\u010ditel t\u011blesn\u00e9 v\u00fdchovy, Z\u0160 a M\u0160 Angel v Praze 12<\/strong> Tak j\u00e1 jsem si odb\u011bhl 15 minut na rotopedu p\u0159ed touhle akc\u00ed, proto\u017ee jsem v\u011bd\u011bl, \u017ee budu sed\u011bt v kr\u00e1sn\u00fdch prostorech \u010cesk\u00e9 n\u00e1rodn\u00ed banky, ale by\u0165 sed\u011bt. Ale chci pochv\u00e1lit, \u017ee n\u011bkte\u0159\u00ed \u0159e\u010dn\u00edci n\u00e1s dokonce i postavili ze sedadel, co\u017e bylo co \u0159\u00edct, proto\u017ee tam bylo 250 t\u011blocvik\u00e1\u0159\u016f, jak \u0159\u00edkal u\u017e Jirka. A chci teda je\u0161t\u011b jednou pod\u011bkovat \u010desk\u00fdmu olympijsk\u00e9mu v\u00fdboru, \u017ee opravdu d\u011bl\u00e1 skv\u011blou pr\u00e1ci. U\u017e to byl druh\u00fd ro\u010dn\u00edk. A kdy\u017e si vezmete, \u017ee to je 250 t\u011blocvik\u00e1\u0159\u016f a ka\u017ed\u00fd t\u0159eba ovlivn\u00ed 100, 150 dal\u0161\u00edch d\u011bt\u00ed, tak\u017ee to u\u017e opravdu velk\u00fd z\u00e1sah. A kdy\u017e vezmu pak d\u00e1l dal\u0161\u00ed projekty, jako je olympijsk\u00fd v\u00edceboj a odznak v\u0161estrannosti, tak opravdu smek\u00e1m klobouk, \u017ee olympijsk\u00fd v\u00fdbor se takhle sna\u017e\u00ed a dost n\u00e1m to pom\u00e1h\u00e1, bych \u0159ekl.<\/p>\n\n\n\n<p><strong>moder\u00e1torka<\/strong> T\u011b\u017ek\u00e9 nadchnout d\u011bti pro pohyb? <\/p>\n\n\n\n<p><strong>Ond\u0159ej Zadrob\u00edlek, u\u010ditel t\u011blesn\u00e9 v\u00fdchovy, Z\u0160 a M\u0160 Angel v Praze 12<\/strong> Je to t\u011b\u017e\u0161\u00ed ne\u017e d\u0159\u00edv. Vemte si, \u017ee d\u0159\u00edv, kdy\u017e jsem cht\u011bl si s n\u011bk\u00fdm promluvit, tak jsem musel b\u011b\u017eet ven nebo, proto\u017ee te\u010fka sta\u010d\u00ed vyt\u00e1hnout mobil z kapsy a vid\u00edm k\u00e1mo\u0161e na obrazovce nebo nap\u00ed\u0161u zpr\u00e1vu a ve vte\u0159in\u011b to vid\u00ed stovky kamar\u00e1d\u016f, tak\u017ee rozhodn\u011b to m\u00e1me t\u011b\u017e\u0161\u00ed. My jako \u00fa\u010dastn\u00edci eduka\u010dn\u00edch proces\u016f a pedagog\u016f a tren\u00e9r\u016f atd. <\/p>\n\n\n\n<p><strong>Nikola Reindlov\u00e1, moder\u00e1torka<\/strong> Tak\u017ee je to vlastn\u011b \u010dist\u011b technologick\u00e1 v\u011bc, proto\u017ee p\u0159ece d\u011bti svoj\u00ed p\u0159irozenost\u00ed jsou prost\u011b pln\u00e9 energie, v\u011b\u010dn\u011b v pohybu. Ka\u017ed\u00fd, kdo m\u00e1 mal\u00fd d\u011bti, tak v\u00ed, \u017ee uhl\u00eddat je, by\u0165 na d\u011btsk\u00e9m h\u0159i\u0161ti nebo na p\u00edskovi\u0161ti, to je ob\u010das nadlidsk\u00fd \u00fakol, tak se to skute\u010dn\u011b l\u00e1me pr\u00e1v\u011b t\u011bmi technologiemi, \u017ee prost\u011b i na\u0161e d\u011bti se nau\u010dily u toho v\u00edce sed\u011bt? <\/p>\n\n\n\n<p><strong>Ond\u0159ej Zadrob\u00edlek, u\u010ditel t\u011blesn\u00e9 v\u00fdchovy, Z\u0160 a M\u0160 Angel v Praze 12<\/strong> Je to \u010dasto i t\u0159eba pohodl\u00ed rodi\u010d\u016f, v\u00fdchova je slo\u017eit\u00fd proces, co\u017e m\u016f\u017eu \u0159\u00edct jako rodi\u010di, jako u\u010ditel a opravdu str\u010dit t\u0159eba mobil je velk\u00e1 zkratka, ale pak velk\u00fd trest budoucnosti, proto\u017ee se to vr\u00e1t\u00ed jako bumerang a je pot\u0159eba proti tomu bojovat. <\/p>\n\n\n\n<p><strong>Nikola Reindlov\u00e1, moder\u00e1torka<\/strong> Ale j\u00e1 jsem sly\u0161ela, \u017ee vy s\u00e1m osobn\u011b jste docela \u00fasp\u011b\u0161n\u00fd v tom boji, proto\u017ee vy m\u00e1te n\u011bjak\u00fd krou\u017eek atletiky a tam je pr\u00fd velmi velk\u00fd n\u00e1val a kdo se nezap\u00ed\u0161e hned, tak u\u017e m\u00e1 potom sm\u016flu. Tak m\u011b by zaj\u00edmalo, jak to tedy d\u011bl\u00e1te. Je to tak, \u017ee prost\u011b motivovan\u00fd u\u010ditel, a\u0165 u\u017e je to t\u011blocvik\u00e1\u0159 nebo prost\u011b d\u011bjepis\u00e1\u0159, dok\u00e1\u017ee nadchnout, a\u0165 u\u017e je to t\u011blocvik, historie, biologie, cokoliv, i ty d\u011bti, \u017ee je to prost\u011b o tom motivovan\u00e9m u\u010diteli? <\/p>\n\n\n\n<p><strong>Ond\u0159ej Zadrob\u00edlek, u\u010ditel t\u011blesn\u00e9 v\u00fdchovy, Z\u0160 a M\u0160 Angel v Praze 12<\/strong> Je to o t\u00fd osobnosti u\u010ditele a je to vlastn\u011b nejlevn\u011bj\u0161\u00ed a nejjednodu\u0161\u0161\u00ed zp\u016fsob pobl\u00e1znit, nadchnout ty d\u011bti. V lo\u0148sk\u00fdm semin\u00e1\u0159i od \u010cesk\u00e9ho olympijsk\u00e9ho v\u00fdboru, tam o tom mluvil Marian Jel\u00ednek, \u017ee opravdu ne ani motivace, ale doslova je pobl\u00e1znit ty d\u011bti, tak to je vlastn\u011b nejlevn\u011bj\u0161\u00ed zp\u016fsob, ale mus\u00ed to vych\u00e1zet z t\u00e9 osobnosti \u010dlov\u011bka, to u\u017e si ka\u017ed\u00fd mus\u00ed s\u00e1hnout na sv\u011bdom\u00ed. Je opravdu i t\u0159eba ot\u00e1zka diskuze, jestli nedat na prvn\u00ed stupe\u0148 nebo dokonce do mate\u0159sk\u00fdch \u0161kolek opravdu profesion\u00e1ly nebo jak \u0159\u00edk\u00e1m, v tom prvn\u00edm stupni u\u017e n\u011bkter\u00e9 zem\u011b maj\u00ed aprobovan\u00e9 t\u011blocvik\u00e1\u0159e na prvn\u00edm stupni, nam\u00e1tkou n\u011bkter\u00e9 st\u00e1ty USA v Kanad\u011b, ve \u0160v\u00e9dsku, \u017ee opravdu za\u017eehnou tu v\u00e1\u0161e\u0148 k d\u011btem v tom senzitivn\u00edm obdob\u00ed, t\u011bch 6-7 let, kdy opravdu ty d\u011bti sajou jako houba a vytvo\u0159it tu v\u00e1\u0161e\u0148, proto\u017ee se \u0159\u00edk\u00e1 zvyk je \u017eelezn\u00e1 ko\u0161ile nebo co se v ml\u00e1d\u00ed nau\u010d\u00ed\u0161 a tak d\u00e1l. Tak\u017ee jsme mohli b\u00fdt donekone\u010dna. Te\u010fka pozdravuju \u010de\u0161tin\u00e1\u0159e, ale je to zkr\u00e1tka o tomto. <\/p>\n\n\n\n<p><strong>Nikola Reindlov\u00e1, moder\u00e1torka<\/strong> Pane Je\u017eku, tak jak pobl\u00e1znit d\u011bti do sportu, do pohybu?<\/p>\n\n\n\n<p><strong>Ji\u0159\u00ed Je\u017eek, paralympionik, moder\u00e1tor<\/strong> No, mluvil o tom dneska t\u0159eba hokejov\u00fd tren\u00e9r reprezenta\u010dn\u00edho t\u00fdmu Radim Rul\u00edk. \u017de pr\u00e1v\u011b ta radost, kter\u00e1 z t\u011bch d\u011bt\u00ed p\u0159irozen\u011b jde, tak je pot\u0159eba ji zachytit, vyu\u017e\u00edt pro ten pohyb a nekazit j\u00ed t\u011bm d\u011btem. To znamen\u00e1, jak hodiny t\u011blocviku ve \u0161kole, tak i t\u0159eba tr\u00e9ninky mus\u00ed b\u00fdt opravdu p\u0159ipraven\u00e9 u\u017e na tu pot\u0159eby t\u011bch nejmlad\u0161\u00edch, proto\u017ee ty d\u011bti maj\u00ed dneska jin\u00e9 pot\u0159eby, jin\u00e9 z\u00e1jmy, bav\u00ed je jin\u00e9 v\u011bci, v\u00edc bych t\u0159eba akcentoval \u00fapln\u011b nov\u00e9 sporty, kter\u00e9 jsou modern\u00ed t\u0159eba na soci\u00e1ln\u00edch s\u00edt\u00edch. Pou\u017e\u00edvat i t\u0159eba ty v\u00fdzvy na TikToku, kter\u00fdm se jako rodi\u010de \u010dasto sm\u011bjeme nebo br\u00e1n\u00edme, ale m\u016f\u017eeme je vyu\u017e\u00edt k tomu, aby d\u011bti t\u0159eba str\u00e1vily p\u016flku, hodinu t\u011blocviku n\u011bjak\u00fdm n\u00e1cvikem n\u011bjak\u00e9ho tance nebo n\u011b\u010deho takov\u00e9ho, tak\u017ee aby ty d\u011bti cvi\u010dily nebo h\u00fdbaly se s radost\u00ed, z\u00e1rove\u0148, aby se zapojili ale v\u0161ichni. Byla o tom hrozn\u011b hezk\u00e1 p\u0159edn\u00e1\u0161ka pan\u00ed Dr. Marie Skalsk\u00e9, kter\u00e1 mluvila o tom, \u017ee t\u0159eba d\u00edvky v tom pubert\u00e1ln\u00edm v\u011bku \u010dastokr\u00e1t necht\u011bj\u00ed se \u00fa\u010dastnit t\u011bch hodin t\u011blocviku, t\u0159eba kv\u016fli tomu, \u017ee by musely n\u011bjak\u00fdm zp\u016fsobem odhalovat svoje t\u011blo nebo \u017ee jim je to nep\u0159\u00edjemn\u00e9 t\u0159eba z hlediska studu a tohle to v\u0161ecko se d\u00e1 upravit t\u00edm, \u017ee se bude cvi\u010dit t\u0159eba ve voln\u011bj\u0161\u00edch mikin\u00e1ch, aby se zapojovaly d\u011bti t\u0159eba, kter\u00e9 jsou i ob\u00e9zn\u011bj\u0161\u00ed, p\u0159ipravit pro n\u011b t\u011blesnou aktivitu tak, aby se jim d\u011bti ostatn\u00ed neposm\u00edvaly, ale aby byly za\u010dlen\u011bn\u00e9, aby nesed\u011bly vedle t\u00e9 postrann\u00ed \u010d\u00e1ry a jenom se ned\u00edvaly na to, jak ty d\u011bti, kter\u00e9 u\u017e samy sportovat cht\u011bj\u00ed, jak cvi\u010d\u00ed, proto\u017ee n\u00e1\u0161 c\u00edl nen\u00ed vytv\u00e1\u0159et olympijsk\u00e9 v\u00edt\u011bze, ale n\u00e1\u0161 c\u00edl je, aby se h\u00fdbaly \u00fapln\u011b v\u0161ichni, v\u0161ichni, kte\u0159\u00ed m\u016f\u017eou a j\u00e1 si mysl\u00edm, \u017ee m\u016f\u017ee opravdu 99 % generace. A j\u00e1 jsem toho p\u0159\u00edkladem, \u017ee i p\u0159es ten zdravotn\u00ed handicap j\u00e1 jsem si na\u0161el cestu a\u017e k profesion\u00e1ln\u00edmu sportu, tak\u017ee m\u011b t\u011b\u017eko m\u016f\u017ee n\u011bkdo \u0159\u00edkat, \u017ee nem\u016f\u017ee cvi\u010dit, proto\u017ee si z toho v\u017edycky d\u011bl\u00e1m srandu, \u017ee jeho t\u011blesn\u00fd stav je daleko lep\u0161\u00ed ne\u017e ten m\u016fj.<\/p>\n\n\n\n<p><strong>moder\u00e1torka<\/strong> Vy jste zm\u00ednil Radima Rul\u00edka a ten dnes hovo\u0159il tak\u00e9 o v\u0161estrannosti. Nen\u00ed to ale tak tro\u0161ku bolav\u00e9 m\u00edsto toho \u010desk\u00e9ho prost\u0159ed\u00ed, proto\u017ee j\u00e1 m\u00e1m pocit, \u017ee velmi \u010dasto vid\u00edm \u010dty\u0159let\u00e9ho hokejistu, \u010dty\u0159letou tenistku, velmi brzo specializovan\u00e9 sportovce. Nen\u00ed tam velk\u00e9 riziko, \u017ee z\u016fstanou v n\u011bjak\u00fdch nau\u010den\u00fdch pohybov\u00fdch vzorc\u00edch. Nen\u00ed pr\u00e1v\u011b ta v\u0161estrannost n\u011bco, na \u010dem bychom m\u011bli zapracovat i u t\u011bch d\u011bt\u00ed, co se prost\u011b h\u00fdbou?<\/p>\n\n\n\n<p> <strong>Ji\u0159\u00ed Je\u017eek, paralympionik, moder\u00e1tor<\/strong> Samoz\u0159ejm\u011b a je to trendem v t\u011bch \u00fasp\u011b\u0161n\u00fdch zem\u00edch, kter\u00e9 dneska skl\u00edz\u00ed v\u00fdsledky toho v\u00fdzkumu, kter\u00fd prob\u00edhal u\u017e t\u0159eba p\u0159ed 10 lety a \u017ee pr\u00e1v\u011b ty d\u011bti v tom, v tom mlad\u00e9m v\u011bku je pot\u0159eba rozv\u00edjet to t\u011blo nejenom kv\u016fli fyzick\u00e9mu tomu stavu, aby se rozv\u00edjelo opravdu komplexn\u011b, ale i ta psychika, proto\u017ee pokud jsou ty d\u011bti v \u00fazk\u00fdm, v n\u00edzk\u00fdm v\u011bku, n\u011bkde kolem t\u0159eba p\u00e1t\u00e9, \u0161est\u00e9 t\u0159\u00eddy, u\u017e zam\u011b\u0159en\u00fd pouze na ten jeden sport, tak se m\u016f\u017ee st\u00e1t, \u017ee v n\u011bjak\u00fdch 12 letech, 13 letech ten sport opust\u00ed, proto\u017ee u\u017e prost\u011b vyho\u0159\u00ed, \u017ee u\u017e jsou t\u00edm sportem p\u0159esycen\u00e9, i kdy\u017e t\u0159eba maj\u00ed talent a dosahuj\u00ed v t\u00e9 sv\u00e9 v\u011bkov\u00e9 kategorii skv\u011bl\u00fdch v\u00fdsledk\u016f. A j\u00e1 si mysl\u00edm, \u017ee to pr\u00e1v\u011b nen\u00ed c\u00edl. Na\u0161\u00edm c\u00edlem je, aby kdy\u017e u\u017e se n\u011bkdo chce tomu sportu v\u011bnovat profesion\u00e1ln\u011b a chce skl\u00edzet ty \u00fasp\u011bchy na mezin\u00e1rodn\u00edm poli, aby se tomu sportu v\u011bnoval opravdu od t\u011bch 18, 17 let potom d\u00e1l, aby m\u011bl tu nejv\u011bt\u0161\u00ed energii v dob\u011b, kdy co nejv\u00edce pot\u0159ebuje a aby pr\u00e1v\u011b v t\u011bch mlad\u00fdch generac\u00edch, to znamen\u00e1 ten v\u011bk kolem 9, 10, 11, 12 let, aby se prost\u011b bavil jak\u00fdmkoliv pohybem a aby i ty sporty, na kter\u00e9 chod\u00ed, ty krou\u017eky, na tohle to dbaly, aby nem\u011bly prost\u011b \u010dty\u0159i lekce t\u00fddn\u011b \u010dist\u011b hokeje na led\u011b s pukem a s hokejkou, ale aby t\u0159eba i ty hokejov\u00ed tren\u00e9\u0159i byli schopn\u00ed tu jednu lekci t\u0159eba ob\u011btovat nebo n\u011bjak\u00fdm zp\u016fsobem p\u016flku t\u00fd lekce ob\u011btovat a aby t\u0159eba s nimi, s t\u011bmi d\u011btmi n\u011bkdo zkou\u0161el parkur, gymnastiku, n\u011bco prost\u011b b\u011b\u017en\u011b rozvojov\u00e9ho, co t\u011bm d\u011btem mo\u017en\u00e1 na\u0159ed\u00ed tu, to soust\u0159ed\u011bn\u00ed na ten jeden sport.<\/p>\n\n\n\n<p><strong>moder\u00e1torka<\/strong> Pane Zadrob\u00edlku, m\u00e1te v r\u00e1mci osnov prostor pro t\u0159eba parkur nebo dnes to bruslen\u00ed. Sly\u0161eli jsme Tom\u00e1\u0161e Vernera. M\u00e1te mo\u017enost tohle zapojit do v\u00fduky? <\/p>\n\n\n\n<p><strong>Ond\u0159ej Zadrob\u00edlek, u\u010ditel t\u011blesn\u00e9 v\u00fdchovy, Z\u0160 a M\u0160 Angel v Praze 12<\/strong> Tak jako pevn\u00e9 osnovy u\u017e nejsou, jsou tzv. r\u00e1mcov\u00e9 vzd\u011bl\u00e1vac\u00ed programy, podle kter\u00fdch si na m\u00edru \u0161koly d\u011blaj\u00ed \u0160VP, \u0161koln\u00ed vzd\u011bl\u00e1vac\u00ed program podle infrastruktury, kter\u00e1 \u0161kola m\u00e1, tak\u017ee nap\u0159\u00edklad, kdy\u017e m\u00e1 \u0161kola atletickou dr\u00e1hu, tak v\u00edc profiluje na atletiku atp. My t\u0159eba i to bruslen\u00ed zvl\u00e1dneme, kdy na\u0161e z\u00e1kladn\u00ed \u0161kola je v Mod\u0159anech, tak\u017ee je tam n\u011bjak\u00e9 kluzi\u0161t\u011b v zim\u011b, kter\u00fd teda hodn\u011b vyu\u017e\u00edv\u00e1me, tak\u017ee sna\u017e\u00edme se hlavn\u011b j\u00edt cestou v\u0161etrnosti, neustrnout, jak \u0159\u00edkal Jirka, aby to nevedlo k tomu, \u017ee hod\u00edm m\u00ed\u010d d\u011btem a schov\u00e1m se n\u011bkam do kabinetu a opravdu, aby si d\u011bti zkusily od ka\u017ed\u00fdho n\u011bco, aby t\u0159eba p\u0159i\u0161ly i na novou sportovn\u00ed aktivitu, kter\u00e1 je nadchne a hlavn\u011b to mus\u00ed b\u00fdt z\u00e1bava, netla\u010dit na v\u00fdkon, ale opravdu to mus\u00ed b\u00fdt z\u00e1bava, proto\u017ee mus\u00edme vytvo\u0159it konkurenci t\u011bm mobil\u016fm, tady t\u011bm digit\u00e1ln\u00edm technologi\u00edm a zkusit opravdu od ka\u017ed\u00e9ho n\u011bco. <\/p>\n\n\n\n<p><strong>Nikola Reindlov\u00e1, moder\u00e1torka<\/strong> M\u00e1me posledn\u00ed minutu. Tak poj\u010fme to zakon\u010dit zcela prakticky. Jako \u00fasp\u011b\u0161n\u00fd t\u011blocvik\u00e1\u0159, kter\u00fd dok\u00e1\u017ee nal\u00e1kat d\u011bti, tak, \u017ee je p\u0159etlak na atletice, jak vypad\u00e1 ten v\u00e1\u0161 krou\u017eek, na co l\u00e1k\u00e1te d\u011bti? Jak jste je pobl\u00e1znil, \u017ee s v\u00e1mi cht\u011bj\u00ed sportovat?<\/p>\n\n\n\n<p><strong>Ond\u0159ej Zadrob\u00edlek, u\u010ditel t\u011blesn\u00e9 v\u00fdchovy, Z\u0160 a M\u0160 Angel v Praze 12<\/strong> Tak dneska bohu\u017eel jsem nestihl toho Radima Rul\u00edka, co\u017e m\u011b mrz\u00ed kv\u016fli krou\u017eku atletiky, snad si to budu muset. To je oddanost n\u011bkde ze z\u00e1znamu, ale tak na t\u00e9 atletice dneska jsem \u0159ekl vytvo\u0159te dvojice, vemte si do dvojice jeden tenis\u00e1k a budete jeden druh\u00fdho trefovat minutu, to je skv\u011bl\u00fd sejmout n\u011bjak\u00fdho kamar\u00e1da tenis\u00e1kem a pak se to po minut\u011b vyst\u0159\u00eddali, tak\u017ee to byla, tohle byla aktivita a d\u011bti po tomhle byly, byli jsme venku, tak\u017ee byly zah\u0159\u00e1t\u00ed, nat\u011b\u0161en\u00ed a pak jsme jeli d\u00e1l. <\/p>\n\n\n\n<p><strong>Nikola Reindlov\u00e1, moder\u00e1torka<\/strong> \u0158\u00edk\u00e1 Ond\u0159ej Zadrob\u00edlek, kter\u00fd byl spole\u010dn\u011b s Ji\u0159\u00edm Je\u017ekem hosty Devades\u00e1tky. P\u00e1nov\u00e9, moc d\u011bkuji za rozhovor a vlastn\u011b i za praktick\u00e9 tipy a hezk\u00fd ve\u010der. <\/p>\n","protected":false},"excerpt":{"rendered":"<div class=\"mh-excerpt\"><p>\u010cT 24 P\u0159il\u00e1kat v\u00edce d\u011bt\u00ed k pohybu i p\u0159\u00edmo ke konkr\u00e9tn\u00edmu sportu. C\u00edl, na kter\u00fd m\u00ed\u0159\u00ed te\u010f aktu\u00e1ln\u011b kampan\u011b jako prob\u00edhaj\u00edc\u00ed aktivn\u00ed z\u00e1\u0159\u00ed. Odborn\u00edci se <a class=\"mh-excerpt-more\" href=\"https:\/\/www.invarena.cz\/?p=60838\" title=\"Paralympionik Je\u017eek rad\u00ed, jak motivovat\u00a0d\u011bti\u00a0k pohybu a sportu\">[&#8230;]<\/a><\/p>\n<\/div>","protected":false},"author":1,"featured_media":2987,"comment_status":"open","ping_status":"closed","sticky":false,"template":"","format":"standard","meta":{"footnotes":""},"categories":[18,7],"tags":[],"class_list":["post-60838","post","type-post","status-publish","format-standard","has-post-thumbnail","hentry","category-poradna","category-spolecnost"],"_links":{"self":[{"href":"https:\/\/www.invarena.cz\/index.php?rest_route=\/wp\/v2\/posts\/60838","targetHints":{"allow":["GET"]}}],"collection":[{"href":"https:\/\/www.invarena.cz\/index.php?rest_route=\/wp\/v2\/posts"}],"about":[{"href":"https:\/\/www.invarena.cz\/index.php?rest_route=\/wp\/v2\/types\/post"}],"author":[{"embeddable":true,"href":"https:\/\/www.invarena.cz\/index.php?rest_route=\/wp\/v2\/users\/1"}],"replies":[{"embeddable":true,"href":"https:\/\/www.invarena.cz\/index.php?rest_route=%2Fwp%2Fv2%2Fcomments&post=60838"}],"version-history":[{"count":0,"href":"https:\/\/www.invarena.cz\/index.php?rest_route=\/wp\/v2\/posts\/60838\/revisions"}],"wp:featuredmedia":[{"embeddable":true,"href":"https:\/\/www.invarena.cz\/index.php?rest_route=\/wp\/v2\/media\/2987"}],"wp:attachment":[{"href":"https:\/\/www.invarena.cz\/index.php?rest_route=%2Fwp%2Fv2%2Fmedia&parent=60838"}],"wp:term":[{"taxonomy":"category","embeddable":true,"href":"https:\/\/www.invarena.cz\/index.php?rest_route=%2Fwp%2Fv2%2Fcategories&post=60838"},{"taxonomy":"post_tag","embeddable":true,"href":"https:\/\/www.invarena.cz\/index.php?rest_route=%2Fwp%2Fv2%2Ftags&post=60838"}],"curies":[{"name":"wp","href":"https:\/\/api.w.org\/{rel}","templated":true}]}}