{"id":60842,"date":"2025-09-23T05:39:53","date_gmt":"2025-09-23T03:39:53","guid":{"rendered":"https:\/\/www.invarena.cz\/?p=60842"},"modified":"2025-09-23T05:39:55","modified_gmt":"2025-09-23T03:39:55","slug":"podporuji-socialni-podniky","status":"publish","type":"post","link":"https:\/\/www.invarena.cz\/?p=60842","title":{"rendered":"Podporuj\u00ed soci\u00e1ln\u00ed podniky"},"content":{"rendered":"\n<p>\u010cesk\u00fd rozhlas Sever<\/p>\n\n\n\n<p>\u00dasteck\u00fd kraj chce d\u00e1t p\u0159\u00ed\u0161t\u00ed rok na podporu tzv. soci\u00e1ln\u00edho podnik\u00e1n\u00ed 2 miliony K\u010d. Podle n\u00e1m\u011bstka hejtmana Ji\u0159\u00edho Kulh\u00e1nka z ODS jde o mo\u017enost d\u00e1t \u0161anci znev\u00fdhodn\u011bn\u00fdm osob\u00e1m a zapojit se do pr\u00e1ce nutn\u011b. P\u0159itom nemus\u00ed j\u00edt o zdravotn\u011b posti\u017een\u00e9. <\/p>\n\n\n\n<p><strong>mluv\u010d\u00ed 6,<\/strong> Prosazujeme jak ty lok\u00e1ln\u00ed produkty, tak zam\u011bstn\u00e1v\u00e1me n\u011bjak soci\u00e1ln\u011b znev\u00fdhodn\u011bn\u00fd lidi. V podstat\u011b ka\u017ed\u00fd den je pro n\u00e1s nov\u00fd, u\u010d\u00edme se ka\u017ed\u00fd den, proto\u017ee ka\u017ed\u00fd den p\u0159in\u00e1\u0161\u00ed nov\u00fd zku\u0161enosti t\u00edm, jak se, t\u00edm, jak se rozr\u016fst\u00e1me. <\/p>\n\n\n\n<p><strong> redaktor<\/strong> Jednatel spole\u010dnosti E Pultik Robert Gulias firmu vede spole\u010dn\u011b s kolegou. A d\u00e1vaj\u00ed mo\u017enost uplatnit se t\u0159eba matk\u00e1m, samo\u017eivitelk\u00e1m, senior\u016fm nebo lidem s poruchou autistick\u00e9ho spektra. <\/p>\n\n\n\n<p><strong>mluv\u010d\u00ed 6,<\/strong> Asi, zat\u00edm jsme nena\u0161li \u017e\u00e1dn\u00fd jako probl\u00e9m, jako naopak v tom vid\u00edme mo\u017en\u00e1 v\u00fdhody, proto\u017ee ti zam\u011bstnanci jsou pe\u010dliv\u011bj\u0161\u00ed a precizn\u011bj\u0161\u00ed.<\/p>\n\n\n\n<p> <strong>Jan Bachor\u00edk, redaktor<\/strong> Podle \u0159editelky krajsk\u00e9ho \u00da\u0159adu pr\u00e1ce Martiny Be\u010dv\u00e1\u0159ov\u00e9 by m\u011blo soci\u00e1ln\u00edch podnik\u016f p\u0159ib\u00fdvat.<\/p>\n\n\n\n<p><strong>mluv\u010d\u00ed 7,<\/strong> Ur\u010dit\u011b bych uv\u00edtala roz\u0161\u00ed\u0159en\u00ed po\u010dtu soci\u00e1ln\u00edch podnik\u016f a hlavn\u011b roz\u0161\u00ed\u0159en\u00ed i jejich p\u016fsobnosti s t\u00edm, \u017ee by zam\u011bstn\u00e1valy v\u00edce osoby, ne tolik se zdravotn\u00edm posti\u017een\u00edm, ale i vlastn\u011b s ur\u010dit\u00fdmi dal\u0161\u00edmi handicapy v\u016f\u010di trhu pr\u00e1ce, jsou to znev\u00fdhodn\u011bn\u00ed, kter\u00e1 vlastn\u011b br\u00e1n\u00ed tomu \u010dlov\u011bku za\u010dlenit se na b\u011b\u017en\u00fd trh pr\u00e1ce. A pr\u00e1v\u011b d\u00edky soci\u00e1ln\u00edm podnik\u016fm je mo\u017en\u00e9 tohleto sn\u00ed\u017eit a potom ten \u010dlov\u011bk m\u016f\u017ee nastoupit na b\u011b\u017en\u00fd trh pr\u00e1ce. <\/p>\n\n\n\n<p><strong>Jan Bachor\u00edk, redaktor<\/strong> \u010ctvrt\u00fdm rokem Podporuje pr\u00e1v\u011b soci\u00e1ln\u00ed podniky tak\u00e9 \u00dasteck\u00fd kraj, kdy s rozd\u011blen\u00edm pen\u011bz po\u010d\u00edt\u00e1 i pro p\u0159\u00ed\u0161t\u00ed rok. <\/p>\n\n\n\n<p><strong>mluv\u010d\u00ed 8,<\/strong> A t\u00fdk\u00e1 se to jak za\u010d\u00ednaj\u00edc\u00edch, tak i st\u00e1vaj\u00edc\u00edch soci\u00e1ln\u00edch podnik\u016f. My to bereme tak, \u017ee pom\u00e1h\u00e1me pr\u00e1v\u011b t\u011bm lidem, kte\u0159\u00ed maj\u00ed probl\u00e9my si sehnat pr\u00e1ci b\u011b\u017en\u00e9ho zam\u011bstnavatele, \u017ee t\u00edmto podpo\u0159\u00edme a pom\u016f\u017eeme jim k n\u00e1vratu do norm\u00e1ln\u00edho profesion\u00e1ln\u00edho \u017eivota. <\/p>\n\n\n\n<p><strong>Jan Bachor\u00edk, redaktor<\/strong> Dod\u00e1v\u00e1 n\u00e1m\u011bstek hejtmana Ji\u0159\u00ed Kulh\u00e1nek z ODS s t\u00edm, \u017ee uchaze\u010di m\u016f\u017eou od kraje dostat a\u017e 200 000 K\u010d. <\/p>\n","protected":false},"excerpt":{"rendered":"<div class=\"mh-excerpt\"><p>\u010cesk\u00fd rozhlas Sever \u00dasteck\u00fd kraj chce d\u00e1t p\u0159\u00ed\u0161t\u00ed rok na podporu tzv. soci\u00e1ln\u00edho podnik\u00e1n\u00ed 2 miliony K\u010d. Podle n\u00e1m\u011bstka hejtmana Ji\u0159\u00edho Kulh\u00e1nka z ODS jde <a class=\"mh-excerpt-more\" href=\"https:\/\/www.invarena.cz\/?p=60842\" title=\"Podporuj\u00ed soci\u00e1ln\u00ed podniky\">[&#8230;]<\/a><\/p>\n<\/div>","protected":false},"author":1,"featured_media":1171,"comment_status":"open","ping_status":"closed","sticky":false,"template":"","format":"standard","meta":{"footnotes":""},"categories":[9],"tags":[],"class_list":["post-60842","post","type-post","status-publish","format-standard","has-post-thumbnail","hentry","category-zpravy"],"_links":{"self":[{"href":"https:\/\/www.invarena.cz\/index.php?rest_route=\/wp\/v2\/posts\/60842","targetHints":{"allow":["GET"]}}],"collection":[{"href":"https:\/\/www.invarena.cz\/index.php?rest_route=\/wp\/v2\/posts"}],"about":[{"href":"https:\/\/www.invarena.cz\/index.php?rest_route=\/wp\/v2\/types\/post"}],"author":[{"embeddable":true,"href":"https:\/\/www.invarena.cz\/index.php?rest_route=\/wp\/v2\/users\/1"}],"replies":[{"embeddable":true,"href":"https:\/\/www.invarena.cz\/index.php?rest_route=%2Fwp%2Fv2%2Fcomments&post=60842"}],"version-history":[{"count":0,"href":"https:\/\/www.invarena.cz\/index.php?rest_route=\/wp\/v2\/posts\/60842\/revisions"}],"wp:featuredmedia":[{"embeddable":true,"href":"https:\/\/www.invarena.cz\/index.php?rest_route=\/wp\/v2\/media\/1171"}],"wp:attachment":[{"href":"https:\/\/www.invarena.cz\/index.php?rest_route=%2Fwp%2Fv2%2Fmedia&parent=60842"}],"wp:term":[{"taxonomy":"category","embeddable":true,"href":"https:\/\/www.invarena.cz\/index.php?rest_route=%2Fwp%2Fv2%2Fcategories&post=60842"},{"taxonomy":"post_tag","embeddable":true,"href":"https:\/\/www.invarena.cz\/index.php?rest_route=%2Fwp%2Fv2%2Ftags&post=60842"}],"curies":[{"name":"wp","href":"https:\/\/api.w.org\/{rel}","templated":true}]}}