{"id":60847,"date":"2025-09-23T05:44:33","date_gmt":"2025-09-23T03:44:33","guid":{"rendered":"https:\/\/www.invarena.cz\/?p=60847"},"modified":"2025-09-23T06:21:41","modified_gmt":"2025-09-23T04:21:41","slug":"pojistovny-zamitaji-lazne-detem-s-inkontinenci","status":"publish","type":"post","link":"https:\/\/www.invarena.cz\/?p=60847","title":{"rendered":"Poji\u0161\u0165ovny zam\u00edtaj\u00ed l\u00e1zn\u011b\u00a0d\u011btem\u00a0s inkontinenc\u00ed"},"content":{"rendered":"\n<p>\u010cRo Radio\u017eurn\u00e1l<\/p>\n\n\n\n<p>Poji\u0161\u0165ovny zam\u00edtaj\u00ed l\u00e1zn\u011b posti\u017een\u00fdm d\u011btem s vysok\u00fdm stupn\u011bm inkontinence. Umo\u017e\u0148uje to nov\u00e1 vyhl\u00e1\u0161ka ministerstva zdravotnictv\u00ed. Rodi\u010de maj\u00ed pro tyto d\u011bti vyu\u017e\u00edt odborn\u00e9 l\u00e9\u010debn\u00e9 \u00fastavy, kde omezen\u00ed neplat\u00ed. <\/p>\n\n\n\n<p><strong>Jana, \u017eena pe\u010duj\u00edc\u00ed o posti\u017een\u00e9ho syna<\/strong> N\u00e1m p\u0159i\u0161lo odm\u00edtnut\u00ed, jsme z toho zdrcen\u00ed. Jako syn ty l\u00e1zn\u011b pot\u0159ebuje, m\u00e1 tam fyzioterapeutku, kterou zn\u00e1me. Ona ka\u017ed\u00e1 zm\u011bna je pro n\u011bj takov\u00e1 stresuj\u00edc\u00ed. <\/p>\n\n\n\n<p><strong>Andrea Brtn\u00edkov\u00e1, redaktorka<\/strong> Sv\u011b\u0159uje se Jana, kter\u00e1 pe\u010duje o t\u011b\u017ece posti\u017een\u00e9ho syna. Mluv\u010d\u00ed ministerstva zdravotnictv\u00ed Ond\u0159ej Jakob up\u0159esnil, \u017ee za v\u0161\u00edm je zm\u011bna vyhl\u00e1\u0161ky, kterou resort konzultoval se Svazem l\u00e9\u010debn\u00fdch l\u00e1zn\u00ed. <\/p>\n\n\n\n<p><strong>Ond\u0159ej Jakob, mluv\u010d\u00ed Ministerstva zdravotnictv\u00ed \u010cR<\/strong> Pokud by se ale v budoucnu uk\u00e1zalo, \u017ee sou\u010dasn\u00e9 nastaven\u00ed vy\u017eaduje dal\u0161\u00ed zm\u011bnu, lze vyhl\u00e1\u0161ku novelizovat.<\/p>\n\n\n\n<p><strong>redaktorka<\/strong> N\u011bkte\u0159\u00ed rodi\u010de u\u017e kontaktovali i ve\u0159ejn\u00e9ho ochr\u00e1nce pr\u00e1v.<\/p>\n\n\n\n<p>\u010cRo<\/p>\n\n\n\n<p>Ombudsman \u0159e\u0161\u00ed podn\u011bty kv\u016fli zam\u00edtnut\u00e9 l\u00e1ze\u0148sk\u00e9 l\u00e9\u010db\u011b posti\u017een\u00fdch d\u011bt\u00ed. Podle nov\u00e9 vyhl\u00e1\u0161ky toti\u017e mal\u00ed pacienti s vysok\u00fdm stupn\u011bm inkontinence do l\u00e1zn\u00ed nesm\u00ed. Situaci \u0159e\u0161\u00ed tak\u00e9 odborn\u00e9 poradny. Ve\u0159ejn\u00fd ochr\u00e1nce pr\u00e1v zat\u00edm shroma\u017e\u010fuje podklady a nevydal z\u00e1vazn\u00e9 stanovisko. <\/p>\n\n\n\n<p>Rodi\u010de d\u011bt\u00ed si nov\u011b \u017e\u00e1daj\u00ed o rehabilitace v odborn\u00fdch l\u00e9\u010debn\u00fdch \u00fastavech, jako t\u0159eba v sanatori\u00edch Klimkovice, kter\u00fdm se u\u017e pln\u00ed kapacita, potvrzuje jejich koordin\u00e1torka Radka Ivanov\u00e1. <\/p>\n\n\n\n<p><strong>mluv\u010d\u00ed 5,<\/strong> Proto\u017ee d\u011bti, co jezdily na komplexn\u00ed l\u00e1ze\u0148skou p\u00e9\u010di, najednou si nechaly vystavit do bony l\u00e9\u010debny \u00fastav. A t\u00edm n\u00e1m tro\u0161i\u010dku nastal probl\u00e9m, proto\u017ee m\u00e1me omezenou kapacitu po\u010dtu t\u011bchto klient\u016f, moment\u00e1ln\u011b to \u0159e\u0161\u00edme, je to v jedn\u00e1n\u00ed o navy\u0161ov\u00e1n\u00ed vlastn\u011b po\u010dtu t\u011bchto typ\u016f n\u00e1vrh\u016f.<\/p>\n\n\n\n<p><\/p>\n","protected":false},"excerpt":{"rendered":"<div class=\"mh-excerpt\"><p>\u010cRo Radio\u017eurn\u00e1l Poji\u0161\u0165ovny zam\u00edtaj\u00ed l\u00e1zn\u011b posti\u017een\u00fdm d\u011btem s vysok\u00fdm stupn\u011bm inkontinence. Umo\u017e\u0148uje to nov\u00e1 vyhl\u00e1\u0161ka ministerstva zdravotnictv\u00ed. Rodi\u010de maj\u00ed pro tyto d\u011bti vyu\u017e\u00edt odborn\u00e9 l\u00e9\u010debn\u00e9 <a class=\"mh-excerpt-more\" href=\"https:\/\/www.invarena.cz\/?p=60847\" title=\"Poji\u0161\u0165ovny zam\u00edtaj\u00ed l\u00e1zn\u011b\u00a0d\u011btem\u00a0s inkontinenc\u00ed\">[&#8230;]<\/a><\/p>\n<\/div>","protected":false},"author":1,"featured_media":11535,"comment_status":"open","ping_status":"closed","sticky":false,"template":"","format":"standard","meta":{"footnotes":""},"categories":[9],"tags":[],"class_list":["post-60847","post","type-post","status-publish","format-standard","has-post-thumbnail","hentry","category-zpravy"],"_links":{"self":[{"href":"https:\/\/www.invarena.cz\/index.php?rest_route=\/wp\/v2\/posts\/60847","targetHints":{"allow":["GET"]}}],"collection":[{"href":"https:\/\/www.invarena.cz\/index.php?rest_route=\/wp\/v2\/posts"}],"about":[{"href":"https:\/\/www.invarena.cz\/index.php?rest_route=\/wp\/v2\/types\/post"}],"author":[{"embeddable":true,"href":"https:\/\/www.invarena.cz\/index.php?rest_route=\/wp\/v2\/users\/1"}],"replies":[{"embeddable":true,"href":"https:\/\/www.invarena.cz\/index.php?rest_route=%2Fwp%2Fv2%2Fcomments&post=60847"}],"version-history":[{"count":0,"href":"https:\/\/www.invarena.cz\/index.php?rest_route=\/wp\/v2\/posts\/60847\/revisions"}],"wp:featuredmedia":[{"embeddable":true,"href":"https:\/\/www.invarena.cz\/index.php?rest_route=\/wp\/v2\/media\/11535"}],"wp:attachment":[{"href":"https:\/\/www.invarena.cz\/index.php?rest_route=%2Fwp%2Fv2%2Fmedia&parent=60847"}],"wp:term":[{"taxonomy":"category","embeddable":true,"href":"https:\/\/www.invarena.cz\/index.php?rest_route=%2Fwp%2Fv2%2Fcategories&post=60847"},{"taxonomy":"post_tag","embeddable":true,"href":"https:\/\/www.invarena.cz\/index.php?rest_route=%2Fwp%2Fv2%2Ftags&post=60847"}],"curies":[{"name":"wp","href":"https:\/\/api.w.org\/{rel}","templated":true}]}}