{"id":60874,"date":"2025-09-25T11:42:49","date_gmt":"2025-09-25T09:42:49","guid":{"rendered":"https:\/\/www.invarena.cz\/?p=60874"},"modified":"2025-09-25T11:43:23","modified_gmt":"2025-09-25T09:43:23","slug":"v-centru-socialnich-sluzeb-v-melniku-se-konala-modni-prehlidka","status":"publish","type":"post","link":"https:\/\/www.invarena.cz\/?p=60874","title":{"rendered":"V\u00a0Centru\u00a0soci\u00e1ln\u00edch\u00a0slu\u017eeb\u00a0v\u00a0M\u011bln\u00edku\u00a0se konala m\u00f3dn\u00ed p\u0159ehl\u00eddka"},"content":{"rendered":"\n<p>TV Nova<\/p>\n\n\n\n<p>V Centru soci\u00e1ln\u00edch slu\u017eeb v M\u011bln\u00edku se dnes na p\u0159ehl\u00eddkov\u00e9m mole p\u0159edvedlo 22 modelek a model\u016f.  Doprovod jim d\u011blali z\u00e1stupci slu\u017eeb Integrovan\u00e9ho z\u00e1chrann\u00e9ho syst\u00e9mu. Nejstar\u0161\u00ed modelce bylo 94 let. <\/p>\n\n\n\n<p> V\u011bt\u0161inou tr\u00e1v\u00ed odpoledne odpo\u010dinkem nebo \u010dten\u00edm, dnes m\u00edstn\u00ed seniory \u010dekal \u00fapln\u011b jin\u00fd program. <\/p>\n\n\n\n<p><strong>Drahom\u00edra Pavl\u00edkov\u00e1, \u0159editelka, Centrum soci\u00e1ln\u00edch slu\u017eeb M\u011bln\u00edk<\/strong> V ml\u00e1d\u00ed se z\u00e1jmov\u011b v\u011bnovala atletice a vznikala ve sboru.<\/p>\n\n\n\n<p> <strong>Drahom\u00edra Pavl\u00edkov\u00e1, \u0159editelka, Centrum soci\u00e1ln\u00edch slu\u017eeb M\u011bln\u00edk<\/strong> Spousta dam m\u00f3dn\u00ed p\u0159ehl\u00eddky ve sv\u00e9m \u017eivot\u011b za\u017eila. Chceme jim p\u0159ipomenout, \u017ee jsou i takov\u00e9 akce ur\u010den\u00e9 i pro n\u011b. Pod\u00edvat se vlastn\u011b m\u016f\u017ee p\u0159ij\u00edt kdokoliv. <\/p>\n\n\n\n<p><strong>\u00fa\u010dinkuj\u00edc\u00ed<\/strong> Moc se mi to l\u00edb\u00ed, j\u00e1 u\u017e jsem tady byla p\u0159edloni. Taky se mi to l\u00edbilo a dneska opravdu jsem spokojen\u00e1. <\/p>\n\n\n\n<p><strong>\u00fa\u010dinkuj\u00edc\u00ed<\/strong> My se u toho pobav\u00edme a d\u011bl\u00e1me to r\u00e1di. <\/p>\n\n\n\n<p><strong>\u00fa\u010dinkuj\u00edc\u00ed<\/strong> J\u00e1 jsem jako nad\u0161en\u00e1. Nep\u0159edstavovala jsem si, \u017ee se do toho takhle v\u017eiju, tak\u017ee se mi to hrozn\u011b l\u00edbilo. A m\u016fj par\u0165\u00e1k taky se mi l\u00edbil. <\/p>\n\n\n\n<p><strong>Ludmila \u0160imkov\u00e1, redaktorka<\/strong> A v\u00e1m, jak se to l\u00edbilo? <\/p>\n\n\n\n<p><strong>\u00fa\u010dinkuj\u00edc\u00ed<\/strong> Je to fajn, to je hezk\u00e1 akce.<\/p>\n\n\n\n<p> <strong>Ludmila \u0160imkov\u00e1, redaktorka<\/strong> J\u00e1 sama jsem v 15 zkou\u0161ela v modelingu prorazit. Moc jsem neusp\u011bla. M\u00edstn\u00ed p\u0159ehl\u00eddka je ale d\u016fkaz, \u017ee nikdy nen\u00ed na nic pozd\u011b. Nejstar\u0161\u00ed \u00fa\u010dastnici toti\u017e bylo 94 let. Jak se v\u00e1m to l\u00edbilo? <\/p>\n\n\n\n<p><strong>nejstar\u0161\u00ed \u00fa\u010dastnice<\/strong> Moc hezk\u00fd.<\/p>\n\n\n\n<p> <strong>Ludmila \u0160imkov\u00e1, redaktorka<\/strong> Na mole jsem se nakonec pro\u0161la i j\u00e1. Doprovod jsem d\u011blala sedmasedmdes\u00e1tilet\u00e9mu Bohumilovi. Jak se v\u00e1m to l\u00edbilo? <\/p>\n\n\n\n<p><strong>Bohumil, \u00fa\u010dinkuj\u00edc\u00ed<\/strong> No, moc. Je to \u00fa\u017easn\u00fd tady. <\/p>\n\n\n\n<p><strong>Ludmila \u0160imkov\u00e1, redaktorka<\/strong> A nepokazil v\u00e1m to doprovod? <\/p>\n\n\n\n<p><strong>Bohumil, \u00fa\u010dinkuj\u00edc\u00ed<\/strong> Ne, to chra\u0148 p\u00e1nb\u016fh! <\/p>\n\n\n\n<p><strong>Ludmila \u0160imkov\u00e1, redaktorka<\/strong> Akci si ale u\u017eili v\u0161ichni. <\/p>\n\n\n\n<p><strong>n\u00e1v\u0161t\u011bvnice<\/strong> Je to kr\u00e1sn\u00fd a je to dob\u0159e, \u017ee to pro n\u00e1s d\u011blaj\u00ed. Jsem stra\u0161n\u011b r\u00e1da, \u017ee se takov\u00fdhle akce pro d\u016fchodce nebo pro u\u017eivatele t\u011bchhle t\u011bch domov\u016f v\u016fbec konaj\u00ed. <\/p>\n\n\n\n<p><strong>Ludmila \u0160imkov\u00e1, redaktorka<\/strong> Dneska se po mole pro\u0161lo 22 senior\u016f a modely, kter\u00e9 m\u011bly na sob\u011b, si vyb\u00edrali sami. Po mole se po skon\u010den\u00ed hlavn\u00edho programu mohli proj\u00edt v\u0161ichni, kte\u0159\u00ed projevili z\u00e1jem. <\/p>\n\n\n\n<p>televize Nova<\/p>\n","protected":false},"excerpt":{"rendered":"<div class=\"mh-excerpt\"><p>TV Nova V Centru soci\u00e1ln\u00edch slu\u017eeb v M\u011bln\u00edku se dnes na p\u0159ehl\u00eddkov\u00e9m mole p\u0159edvedlo 22 modelek a model\u016f. Doprovod jim d\u011blali z\u00e1stupci slu\u017eeb Integrovan\u00e9ho z\u00e1chrann\u00e9ho <a class=\"mh-excerpt-more\" href=\"https:\/\/www.invarena.cz\/?p=60874\" title=\"V\u00a0Centru\u00a0soci\u00e1ln\u00edch\u00a0slu\u017eeb\u00a0v\u00a0M\u011bln\u00edku\u00a0se konala m\u00f3dn\u00ed p\u0159ehl\u00eddka\">[&#8230;]<\/a><\/p>\n<\/div>","protected":false},"author":1,"featured_media":1182,"comment_status":"open","ping_status":"closed","sticky":false,"template":"","format":"standard","meta":{"footnotes":""},"categories":[7],"tags":[],"class_list":["post-60874","post","type-post","status-publish","format-standard","has-post-thumbnail","hentry","category-spolecnost"],"_links":{"self":[{"href":"https:\/\/www.invarena.cz\/index.php?rest_route=\/wp\/v2\/posts\/60874","targetHints":{"allow":["GET"]}}],"collection":[{"href":"https:\/\/www.invarena.cz\/index.php?rest_route=\/wp\/v2\/posts"}],"about":[{"href":"https:\/\/www.invarena.cz\/index.php?rest_route=\/wp\/v2\/types\/post"}],"author":[{"embeddable":true,"href":"https:\/\/www.invarena.cz\/index.php?rest_route=\/wp\/v2\/users\/1"}],"replies":[{"embeddable":true,"href":"https:\/\/www.invarena.cz\/index.php?rest_route=%2Fwp%2Fv2%2Fcomments&post=60874"}],"version-history":[{"count":0,"href":"https:\/\/www.invarena.cz\/index.php?rest_route=\/wp\/v2\/posts\/60874\/revisions"}],"wp:featuredmedia":[{"embeddable":true,"href":"https:\/\/www.invarena.cz\/index.php?rest_route=\/wp\/v2\/media\/1182"}],"wp:attachment":[{"href":"https:\/\/www.invarena.cz\/index.php?rest_route=%2Fwp%2Fv2%2Fmedia&parent=60874"}],"wp:term":[{"taxonomy":"category","embeddable":true,"href":"https:\/\/www.invarena.cz\/index.php?rest_route=%2Fwp%2Fv2%2Fcategories&post=60874"},{"taxonomy":"post_tag","embeddable":true,"href":"https:\/\/www.invarena.cz\/index.php?rest_route=%2Fwp%2Fv2%2Ftags&post=60874"}],"curies":[{"name":"wp","href":"https:\/\/api.w.org\/{rel}","templated":true}]}}