{"id":60877,"date":"2025-09-25T12:07:11","date_gmt":"2025-09-25T10:07:11","guid":{"rendered":"https:\/\/www.invarena.cz\/?p=60877"},"modified":"2025-09-25T12:07:12","modified_gmt":"2025-09-25T10:07:12","slug":"pomoc-senioru-pri-sklizni-brambor","status":"publish","type":"post","link":"https:\/\/www.invarena.cz\/?p=60877","title":{"rendered":"Pomoc\u00a0senior\u016f\u00a0p\u0159i sklizni brambor"},"content":{"rendered":"\n<p>\u010cT 1<\/p>\n\n\n\n<p>Na Vyso\u010din\u011b v brambor\u00e1\u0159sk\u00e9m kraji vrchol\u00ed sklize\u0148. Po\u010das\u00ed podle zem\u011bd\u011blc\u016f p\u0159\u00e1lo a \u00farodu vid\u00ed l\u00edp ne\u017e tu lo\u0148skou. Co ale chyb\u00ed, jsou lidi, kte\u0159\u00ed by na pol\u00edch pomohli n\u011bkter\u00e9 farm\u00e1\u0159e zachra\u0148uj\u00ed senio\u0159i.<\/p>\n\n\n\n<p>Mark\u00e9ta Male\u010dkov\u00e1,redaktorka \u010cT<\/p>\n\n\n\n<p>V Havl\u00ed\u010dkov\u011b Borov\u00e9 u\u017e je sklize\u0148 brambor za polovinou. Na pole spolu s technikou denn\u011b vyj\u00ed\u017ed\u00ed p\u011bt pracovn\u00edk\u016f zdej\u0161\u00edho zem\u011bd\u011blsk\u00e9ho podniku.<\/p>\n\n\n\n<p>Hana Vencov\u00e1,zam\u011bstnankyn\u011b, Havl\u00ed\u010dkova Borov\u00e1 zem\u011bd\u011blsk\u00e1<\/p>\n\n\n\n<p>My, kdy\u017e jedeme na tom kombajnu a te\u010f jsou ty rann\u00ed mlhy, slun\u00ed\u010dko, kdy\u017e r\u00e1no vych\u00e1z\u00ed, tak to je to nejkr\u00e1sn\u011bj\u0161\u00ed.<\/p>\n\n\n\n<p>Mark\u00e9ta Male\u010dkov\u00e1,redaktorka \u010cT<\/p>\n\n\n\n<p>V tomhle obdob\u00ed tady ale mus\u00ed b\u00fdt za ka\u017ed\u00e9ho po\u010das\u00ed a s podzimem je tradi\u010dn\u011b spojen\u00e1 i del\u0161\u00ed pracovn\u00ed doba. Pracovn\u00edk\u016f je pot\u0159eba v\u00edc ne\u017e obvykle. Jen\u017ee mlad\u00ed do takov\u00e9 pr\u00e1ce bu\u010f necht\u011bj\u00ed, nebo te\u010f kv\u016fli \u0161kole nem\u016f\u017eou. Pom\u00e1hat se t\u0159\u00edd\u011bn\u00edm proto do brambor\u00e1rny chod\u00ed d\u016fchodci.<\/p>\n\n\n\n<p>Jana Sl\u00e1mov\u00e1,d\u016fchodkyn\u011b, v\u00fdpomoc, Havl\u00ed\u010dkova Borov\u00e1 zem\u011bd\u011blsk\u00e1<\/p>\n\n\n\n<p>Kdyby m\u011b to nebavilo, tak tady nejsem. P\u0159ivyd\u011blaj\u00ed si a popov\u00eddaj\u00ed. P\u0159esto i star\u0161\u00edch brig\u00e1dn\u00edk\u016f ub\u00fdv\u00e1.<\/p>\n\n\n\n<p>Jana Sk\u0159ivanov\u00e1,d\u016fchodkyn\u011b, v\u00fdpomoc, Havl\u00ed\u010dkova Borov\u00e1 zem\u011bd\u011blsk\u00e1<\/p>\n\n\n\n<p>My jsme te\u010f v d\u016fchodu, \u017ee jo, tak\u017ee to je jen na dva m\u011bs\u00edce, tak to je fajn, no.<\/p>\n\n\n\n<p>Mark\u00e9ta Male\u010dkov\u00e1,redaktorka \u010cT<\/p>\n\n\n\n<p>P\u0159ivyd\u011blaj\u00ed si i popov\u00eddaj\u00ed, p\u0159esto i star\u0161\u00edch brig\u00e1dn\u00edk\u016f ub\u00fdv\u00e1.<\/p>\n\n\n\n<p>Ale\u0161 M\u00e1lek,p\u0159edseda p\u0159edstavenstva, Havl\u00ed\u010dkova Borov\u00e1 zem\u011bd\u011blsk\u00e1<\/p>\n\n\n\n<p>Nejbl\u00ed\u017e \u0161kola, co byla, byla v Havl\u00ed\u010dkov\u011b Brod\u011b zem\u011bd\u011blsk\u00e1, kter\u00e1 je teda u\u017e del\u0161\u00ed \u010das zru\u0161en\u00e1, a ty \u0161koly jsou od n\u00e1s d\u00e1l, tak\u017ee nevyu\u017e\u00edv\u00e1me \u0161kol.<\/p>\n\n\n\n<p>Mark\u00e9ta Male\u010dkov\u00e1,redaktorka \u010cT<\/p>\n\n\n\n<p>Naopak v Humpolci mlad\u00ed u t\u0159\u00eddi\u010dky stoj\u00ed b\u011b\u017en\u011b i ve \u0161koln\u00edm roce. V\u00fdpomoc na statku maj\u00ed budouc\u00ed zem\u011bd\u011blci jako povinnou praxi.<\/p>\n\n\n\n<p>Nat\u00e1lie Va\u0148kov\u00e1,studentka, \u010cesk\u00e1 zem\u011bd\u011blsk\u00e1 akademie v Humpolci<\/p>\n\n\n\n<p>V\u011bt\u0161inou je to za\u0159azen\u00fd i do v\u00fduky, \u017ee jo, farm\u00e1\u0159i, tak se to n\u011bjak mus\u00edme i nau\u010dit t\u0159\u00eddit a sb\u00edrat.<\/p>\n\n\n\n<p>Valentina Van\u00ed\u010dkov\u00e1,studentka, \u010cesk\u00e1 zem\u011bd\u011blsk\u00e1 akademie v Humpolci<\/p>\n\n\n\n<p>V r\u00e1mci brig\u00e1dy taky m\u016f\u017eeme chodit, ale sp\u00ed\u0161 je to te\u010fka v r\u00e1mci v\u00fduky, ale brig\u00e1dn\u011b dost\u00e1v\u00e1me taky n\u011bjak\u00fd pen\u00edzky. A taky se r\u00e1di zapoj\u00edme.<\/p>\n\n\n\n<p>Mark\u00e9ta Male\u010dkov\u00e1,redaktorka \u010cT<\/p>\n\n\n\n<p>A p\u0159\u00edmo do zem\u011bd\u011blsk\u00fdch podnik\u016f te\u010f v p\u0159\u00edpad\u011b pot\u0159eby n\u011bkdy chod\u00ed vypom\u00e1hat t\u0159eba i studenti z u\u010dili\u0161t\u011b v Byst\u0159ici nad Per\u0161tejnem. <\/p>\n\n\n\n<p>\u010cesk\u00e1 televize.<\/p>\n\n\n\n<hr class=\"wp-block-separator has-alpha-channel-opacity\"\/>\n\n\n\n<p>\u010cT 1<\/p>\n","protected":false},"excerpt":{"rendered":"<div class=\"mh-excerpt\"><p>\u010cT 1 Na Vyso\u010din\u011b v brambor\u00e1\u0159sk\u00e9m kraji vrchol\u00ed sklize\u0148. Po\u010das\u00ed podle zem\u011bd\u011blc\u016f p\u0159\u00e1lo a \u00farodu vid\u00ed l\u00edp ne\u017e tu lo\u0148skou. Co ale chyb\u00ed, jsou lidi, <a class=\"mh-excerpt-more\" href=\"https:\/\/www.invarena.cz\/?p=60877\" title=\"Pomoc\u00a0senior\u016f\u00a0p\u0159i sklizni brambor\">[&#8230;]<\/a><\/p>\n<\/div>","protected":false},"author":1,"featured_media":24417,"comment_status":"open","ping_status":"closed","sticky":false,"template":"","format":"standard","meta":{"footnotes":""},"categories":[9],"tags":[],"class_list":["post-60877","post","type-post","status-publish","format-standard","has-post-thumbnail","hentry","category-zpravy"],"_links":{"self":[{"href":"https:\/\/www.invarena.cz\/index.php?rest_route=\/wp\/v2\/posts\/60877","targetHints":{"allow":["GET"]}}],"collection":[{"href":"https:\/\/www.invarena.cz\/index.php?rest_route=\/wp\/v2\/posts"}],"about":[{"href":"https:\/\/www.invarena.cz\/index.php?rest_route=\/wp\/v2\/types\/post"}],"author":[{"embeddable":true,"href":"https:\/\/www.invarena.cz\/index.php?rest_route=\/wp\/v2\/users\/1"}],"replies":[{"embeddable":true,"href":"https:\/\/www.invarena.cz\/index.php?rest_route=%2Fwp%2Fv2%2Fcomments&post=60877"}],"version-history":[{"count":0,"href":"https:\/\/www.invarena.cz\/index.php?rest_route=\/wp\/v2\/posts\/60877\/revisions"}],"wp:featuredmedia":[{"embeddable":true,"href":"https:\/\/www.invarena.cz\/index.php?rest_route=\/wp\/v2\/media\/24417"}],"wp:attachment":[{"href":"https:\/\/www.invarena.cz\/index.php?rest_route=%2Fwp%2Fv2%2Fmedia&parent=60877"}],"wp:term":[{"taxonomy":"category","embeddable":true,"href":"https:\/\/www.invarena.cz\/index.php?rest_route=%2Fwp%2Fv2%2Fcategories&post=60877"},{"taxonomy":"post_tag","embeddable":true,"href":"https:\/\/www.invarena.cz\/index.php?rest_route=%2Fwp%2Fv2%2Ftags&post=60877"}],"curies":[{"name":"wp","href":"https:\/\/api.w.org\/{rel}","templated":true}]}}