{"id":60879,"date":"2025-09-26T06:32:04","date_gmt":"2025-09-26T04:32:04","guid":{"rendered":"https:\/\/www.invarena.cz\/?p=60879"},"modified":"2025-09-26T06:32:28","modified_gmt":"2025-09-26T04:32:28","slug":"gang-cizincu-si-tipoval-stare-lidi-kvuli-loupezim","status":"publish","type":"post","link":"https:\/\/www.invarena.cz\/?p=60879","title":{"rendered":"Gang cizinc\u016f si tipoval star\u00e9 lidi kv\u016fli loupe\u017e\u00edm"},"content":{"rendered":"\n<p>Prima<\/p>\n\n\n\n<p>Pra\u017esk\u00e1 mordparta rozkl\u00ed\u010dovala brut\u00e1ln\u00ed vra\u017edu seniora v pra\u017esk\u00fdch Kunratic\u00edch. Osmdes\u00e1tilet\u00e9ho mu\u017ee p\u0159ipravili o \u017eivot \u010dlenov\u00e9 organizovan\u00e9 skupiny. Gang cizinc\u016f si tipoval star\u00e9 lidi kv\u016fli loupe\u017e\u00edm. Vra\u017edili mimo\u0159\u00e1dn\u011b brut\u00e1ln\u00edm a tr\u00fdzniv\u00fdm zp\u016fsobem. Vrah\u016fm hroz\u00ed do\u017eivot\u00ed.<\/p>\n\n\n\n<p><strong>Kate\u0159ina Sejkov\u00e1, redaktorka<\/strong> Tohle u\u017e je konec cel\u00e9ho p\u0159\u00edpadu. Za\u010dalo to ale mnohem d\u0159\u00edv. V polovin\u011b srpna v tomto rodinn\u00e9m dom\u011b v pra\u017esk\u00fdch Kunratic\u00edch policist\u00e9 kolem p\u016flnoci na\u0161li uvnit\u0159 bezvl\u00e1dn\u00e9 t\u011blo osmdes\u00e1tilet\u00e9ho mu\u017ee. Senior m\u011bl na t\u011ble jasn\u00e9 zn\u00e1mky n\u00e1sil\u00ed, a tak od za\u010d\u00e1tku bylo evidentn\u00ed, \u017ee ne\u0161lo o ne\u0161\u0165astnou n\u00e1hodu, ale o mimo\u0159\u00e1dn\u011b brut\u00e1ln\u00ed \u010din. P\u0159\u00edpad si p\u0159evzali kriminalist\u00e9 z prvn\u00edho odd\u011blen\u00ed. Jejich pr\u00e1ce vedla k p\u0159ekvapiv\u00e9mu odhalen\u00ed. Za n\u00e1siln\u00fdm \u010dinem nest\u00e1l jeden \u010dlov\u011bk, ale cel\u00e1 organizovan\u00e1 skupina.<\/p>\n\n\n\n<p> <strong>Ale\u0161 Strach, vedouc\u00ed Odd\u011blen\u00ed vra\u017ed<\/strong> V souvislosti s t\u00edm se n\u00e1m poda\u0159ilo zadr\u017eet sedm pachatel\u016f, jednalo se o skutek, kdy vlastn\u011b dva se vloupali do objektu, ve kter\u00e9m ten senior bydlel, a n\u00e1sledn\u011b do\u0161lo k jeho napaden\u00ed a na n\u00e1sledky t\u00e9hle fyzick\u00e9 \u00fajmy um\u00edr\u00e1 na m\u00edst\u011b.<\/p>\n\n\n\n<p>Podle kriminalist\u016f si seniora vytipoval gang. M\u011bl jasn\u011b rozd\u011blen\u00e9 role. N\u011bkdo se pod\u00edlel na p\u0159\u00edprav\u00e1ch, jin\u00ed pak na samotn\u00e9m \u010dinu. Dv\u011bma z nich dokonce je\u0161t\u011b nebylo ani 18 let. Skupina m\u00e1 m\u00edt na sv\u011bdom\u00ed n\u00e1silnou i majetkovou trestnou \u010dinnost nejen v \u010cesku, ale i v zahrani\u010d\u00ed. <\/p>\n\n\n\n<p><strong>Ale\u0161 Strach, vedouc\u00ed Odd\u011blen\u00ed vra\u017ed<\/strong> Ten motiv je majetkov\u00fd ur\u010dit\u011b, s t\u00edm, \u017ee pro\u010d vlastn\u011b do\u0161lo k t\u00e9 vra\u017ed\u011b na tom m\u00edst\u011b, to je\u0161t\u011b budeme zji\u0161\u0165ovat. <\/p>\n\n\n\n<p><strong>Kate\u0159ina Sejkov\u00e1, redaktorka<\/strong> Dva mu\u017ee dopadla z\u00e1sahov\u00e1 jednotka v \u010cesk\u00e9 republice. Dal\u0161\u00edch p\u011bt skon\u010dilo v rukou policist\u016f v Ma\u010farsku a Rumunsku. Zadr\u017eeni byli ve stejnou chv\u00edli. Hlavn\u011b kv\u016fli tomu, aby neutekli a nemohli spolu komunikovat.<\/p>\n\n\n\n<p> <strong>Ale\u0161 Strach, vedouc\u00ed Odd\u011blen\u00ed vra\u017ed<\/strong> C\u00edlen\u011b \u0161li prost\u011b po star\u0161\u00edch lidech, kdy\u017e se necht\u011bli \u00fapln\u011b zaob\u00edrat t\u00edm, \u017ee tam budou prov\u00e1d\u011bt n\u011bjak\u00e9 \u0159emesln\u00e9 pr\u00e1ce, tak rovnou \u0161li do toho, \u017ee tam sp\u00e1chaj\u00ed loupe\u017e. To znamen\u00e1 vloup\u00e1n\u00ed do toho objektu a potom n\u00e1sledn\u011b napaden\u00ed t\u011bch lid\u00ed, co jsou vevnit\u0159. <\/p>\n\n\n\n<p><strong>Kate\u0159ina Sejkov\u00e1, redaktorka<\/strong> Dva mu\u017ei, kte\u0159\u00ed byli zadr\u017eeni u n\u00e1s, si u\u017e vyslechli obvin\u011bn\u00ed za loupe\u017e a hroz\u00ed jim a\u017e 12 let ve v\u011bzen\u00ed. <\/p>\n\n\n\n<p><strong>Krist\u00fdna Zelinkov\u00e1, mluv\u010d\u00ed Policie \u010cR hl. m. Prahy<\/strong> Zb\u00fdvaj\u00edc\u00ed p\u011btice podez\u0159el\u00fdch se v sou\u010dasn\u00e9 chv\u00edli nach\u00e1z\u00ed je\u0161t\u011b na \u00fazem\u00ed jin\u00fdch st\u00e1t\u016f, p\u0159i\u010dem\u017e prob\u00edh\u00e1 \u0159\u00edzen\u00ed o jejich vyd\u00e1n\u00ed na \u00fazem\u00ed \u010cesk\u00e9 republiky.<\/p>\n\n\n\n<p><strong>redaktorka<\/strong> No a mu\u017e\u016fm, kte\u0159\u00ed vra\u017edili zvl\u00e1\u0161\u0165 surov\u00fdm a tr\u00fdzniv\u00fdm zp\u016fsobem, hroz\u00ed 20 let za m\u0159\u00ed\u017eemi anebo i v\u00fdjime\u010dn\u00fd trest. Padnout by mohlo i do\u017eivot\u00ed. <\/p>\n\n\n\n<p>CNN Prima News<\/p>\n","protected":false},"excerpt":{"rendered":"<div class=\"mh-excerpt\"><p>Prima Pra\u017esk\u00e1 mordparta rozkl\u00ed\u010dovala brut\u00e1ln\u00ed vra\u017edu seniora v pra\u017esk\u00fdch Kunratic\u00edch. Osmdes\u00e1tilet\u00e9ho mu\u017ee p\u0159ipravili o \u017eivot \u010dlenov\u00e9 organizovan\u00e9 skupiny. Gang cizinc\u016f si tipoval star\u00e9 lidi kv\u016fli <a class=\"mh-excerpt-more\" href=\"https:\/\/www.invarena.cz\/?p=60879\" title=\"Gang cizinc\u016f si tipoval star\u00e9 lidi kv\u016fli loupe\u017e\u00edm\">[&#8230;]<\/a><\/p>\n<\/div>","protected":false},"author":1,"featured_media":1346,"comment_status":"open","ping_status":"closed","sticky":false,"template":"","format":"standard","meta":{"footnotes":""},"categories":[9],"tags":[],"class_list":["post-60879","post","type-post","status-publish","format-standard","has-post-thumbnail","hentry","category-zpravy"],"_links":{"self":[{"href":"https:\/\/www.invarena.cz\/index.php?rest_route=\/wp\/v2\/posts\/60879","targetHints":{"allow":["GET"]}}],"collection":[{"href":"https:\/\/www.invarena.cz\/index.php?rest_route=\/wp\/v2\/posts"}],"about":[{"href":"https:\/\/www.invarena.cz\/index.php?rest_route=\/wp\/v2\/types\/post"}],"author":[{"embeddable":true,"href":"https:\/\/www.invarena.cz\/index.php?rest_route=\/wp\/v2\/users\/1"}],"replies":[{"embeddable":true,"href":"https:\/\/www.invarena.cz\/index.php?rest_route=%2Fwp%2Fv2%2Fcomments&post=60879"}],"version-history":[{"count":0,"href":"https:\/\/www.invarena.cz\/index.php?rest_route=\/wp\/v2\/posts\/60879\/revisions"}],"wp:featuredmedia":[{"embeddable":true,"href":"https:\/\/www.invarena.cz\/index.php?rest_route=\/wp\/v2\/media\/1346"}],"wp:attachment":[{"href":"https:\/\/www.invarena.cz\/index.php?rest_route=%2Fwp%2Fv2%2Fmedia&parent=60879"}],"wp:term":[{"taxonomy":"category","embeddable":true,"href":"https:\/\/www.invarena.cz\/index.php?rest_route=%2Fwp%2Fv2%2Fcategories&post=60879"},{"taxonomy":"post_tag","embeddable":true,"href":"https:\/\/www.invarena.cz\/index.php?rest_route=%2Fwp%2Fv2%2Ftags&post=60879"}],"curies":[{"name":"wp","href":"https:\/\/api.w.org\/{rel}","templated":true}]}}