{"id":60884,"date":"2025-09-26T06:48:34","date_gmt":"2025-09-26T04:48:34","guid":{"rendered":"https:\/\/www.invarena.cz\/?p=60884"},"modified":"2025-09-26T06:48:35","modified_gmt":"2025-09-26T04:48:35","slug":"firmy-na-fotovoltaiku-okradaji-seniory","status":"publish","type":"post","link":"https:\/\/www.invarena.cz\/?p=60884","title":{"rendered":"Firmy na fotovoltaiku okr\u00e1daj\u00ed seniory"},"content":{"rendered":"\n<p>\u010cern\u00e9 ovce<\/p>\n\n\n\n<p>\u010cT 1<\/p>\n\n\n\n<p>Dotaci na fotovoltaiku, kter\u00e1 bude oh\u0159\u00edvat vodu, cht\u011bl vyu\u017e\u00edt senior z Brna. Zprvu to vypadalo v\u00fdhodn\u011b. Jen\u017ee najat\u00e1 firma inkasovala pen\u00edze a d\u00edlo nedodala. A kdy\u017e elektr\u00e1rna nen\u00ed, chce st\u00e1t pen\u00edze zp\u00e1tky. <\/p>\n\n\n\n<p><strong>Bohumil Langer, senior<\/strong> J\u00e1 jsem nikoho nepodvedl, nikdy jsem nic \u0161patn\u00fdho neud\u011blal a najednou m\u00e1m b\u00fdt 90 000 v minusu? <\/p>\n\n\n\n<p><strong>Kate\u0159ina Stibalov\u00e1, moder\u00e1torka<\/strong> Stejn\u00fd p\u0159\u00edb\u011bh jsme u\u017e v \u010cern\u00fdch ovc\u00edch sly\u0161eli. A i kdy\u017e jm\u00e9no firmy, kter\u00e1 m\u011bla fotovoltaiku dodat, je tentokr\u00e1t jin\u00e9, stoj\u00ed za n\u00ed stejn\u00fd \u010dlov\u011bk.<\/p>\n\n\n\n<p> <strong>Bohumil Langer, senior<\/strong> Tady m\u011bly b\u00fdt ty panely polo\u017een\u00fd, nev\u00edm, jak, nev\u00edm ani, jak velk\u00fd, tady to mohlo fungovat u\u017e, no. A bohu\u017eel, t\u0159et\u00ed rok a furt nic, ani \u0161roubek, firma se na n\u00e1s vyka\u0161lala. <strong> <\/strong><\/p>\n\n\n\n<p><strong>redaktor<\/strong> Pan Bohumil Langer z Brna si cht\u011bl p\u0159ed dv\u011bma lety po\u0159\u00eddit fotovoltaick\u00e9 panely na st\u0159echu na oh\u0159ev tepl\u00e9 vody. Zaujala ho nab\u00eddka programu Nov\u00e1 zelen\u00e1 \u00faspor\u00e1m light.<\/p>\n\n\n\n<p><strong>Bohumil Langer, senior<\/strong> No, v televizi reklama, pro d\u016fchodce tepl\u00e1 voda zdarma, tak jsem si \u0159ekl, \u017ee je to v\u00fdhoda, zadarmo teplou vodu, dostanu bojler, pen\u00edze zaplat\u00ed st\u00e1t za m\u011b. <\/p>\n\n\n\n<p><strong> redaktor<\/strong> Pan Langer si za\u017e\u00e1dal o dotaci a od st\u00e1tu obdr\u017eel 90 000 K\u010d. Zak\u00e1zku zadal firm\u011b Feris Tech s.r.o. person\u00e1ln\u011b propojenou s firmou Blue Boson Tech s.r.o. <\/p>\n\n\n\n<p><strong>Bohumil Langer, senior<\/strong> Poslali mn\u011b na \u00fa\u010det 90 000 s t\u00edm, \u017ee to mus\u00edm p\u0159eposlat firm\u011b, kter\u00e1 to bude realizovat. Tak j\u00e1 jsem hned ty pen\u00edze p\u0159eposlal na tu firmu, kterou jsem m\u011bl sjednanou, to je ten Blue Boson, jsem jim p\u0159eposlal 90 000 a jednu korunu, co\u017e bylo ve smlouv\u011b, a p\u0159i\u0161el ke mn\u011b zam\u011bstnanec t\u00e9to firmy. <\/p>\n\n\n\n<p><strong> redaktor<\/strong> Smlouvu podepsal v srpnu 2023. Firma instalaci neust\u00e1le odkl\u00e1dala. Nejd\u0159\u00edv o t\u00fddny, pak o m\u011bs\u00edce. Dnes u\u017e je to v\u00edc ne\u017e dva roky a fotovoltaiku st\u00e1le na st\u0159e\u0161e nem\u00e1.<\/p>\n\n\n\n<p> <strong>Bohumil Langer, senior<\/strong> Odsouvaj\u00ed m\u011b, odsouvaj\u00ed m\u011b a pak jsem dostal podez\u0159en\u00ed, \u017ee se tady jedn\u00e1 o n\u011bjakej podvod nebo takhle, no. \u017de m\u00e1m b\u00fdt trp\u011blivej, no a za dal\u0161\u00ed rok u\u017e jsem trp\u011blivej nebyl a v roce 24 jsem dal \u017e\u00e1dost na odstoupen\u00ed od smlouvy.<\/p>\n\n\n\n<p><strong>redaktor<\/strong> Ani na tu firma nereagovala. Fotovoltaiku, kterou u\u017e m\u011bl Bohumil Langer pln\u011b zaplacenou, nenainstalovala a pen\u00edze mu nevr\u00e1tila.<\/p>\n\n\n\n<p> <strong>Bohumil Langer, senior<\/strong> 6. b\u0159ezna 25 jsem dal trestn\u00ed ozn\u00e1men\u00ed na tuhle firmu, jako \u017ee m\u00e1m pocit, \u017ee se jedn\u00e1 o podvod. <\/p>\n\n\n\n<p><strong>Martin Mikule, redaktor<\/strong> P\u0159ipom\u00edn\u00e1 v\u00e1m to n\u011bco? Ano, o firm\u011b Feris Tech s.r.o., respektive Blue Boson Tech s.r.o. jsme u\u017e vys\u00edlali. Na ni si v na\u0161em vys\u00edl\u00e1n\u00ed vloni v listopadu st\u011b\u017eovali senio\u0159i, kter\u00fdm fotovoltaiku sice nainstalovala, za\u0159\u00edzen\u00ed ale nefungovalo a firma reklamace ne\u0159e\u0161ila.<\/p>\n\n\n\n<p> <strong>Karel Konr\u00e1d, senior<\/strong> Dva jisti\u010de tam jsou a jsou tam tla\u010d\u00edtka na restart. Tak jsem to zkou\u0161el restartovat a restartovat i ty jisti\u010de, nejde to. Nejde to, nefunguje to.<\/p>\n\n\n\n<p> <strong>Martin Mikule, redaktor<\/strong> Tak\u017ee co d\u011bl\u00e1te? M\u016f\u017eete se v\u016fbec koupat?<\/p>\n\n\n\n<p> <strong>Karel Konr\u00e1d, senior<\/strong> No, m\u016f\u017eu, ale musel jsem to d\u00e1t p\u0159\u00edmo na 220, proto\u017ee tam je z\u00e1suvka v tom rozvad\u011b\u010di, tak\u017ee to, co mi dali za 90 000, tak mi to nen\u00ed v\u016fbec k ni\u010demu.<\/p>\n\n\n\n<p><strong>redaktor<\/strong> O podobn\u00e9 kauze byla i report\u00e1\u017e z leto\u0161n\u00edho kv\u011btna z jiho\u010desk\u00e9ho Protiv\u00edna. V tomto p\u0159\u00edpad\u011b nejen\u017ee za\u0159\u00edzen\u00ed nefungovalo, ale dokonce ohro\u017eovalo zdrav\u00ed klienta.<\/p>\n\n\n\n<p> <strong>Ji\u0159\u00ed Kl\u016fc, senior<\/strong> Pod\u00edvejte se, tady ten krk, tady, kdy\u017e se sprchuju, \u017ee jo, tam m\u016f\u017ee nat\u00fdct voda, m\u016f\u017ee m\u011b to p\u0159izab\u00edt anebo j\u00e1 nev\u00edm. <\/p>\n\n\n\n<p><strong>Martin Mikule, redaktor<\/strong> Neodborn\u011b nainstalovan\u00e9 za\u0159\u00edzen\u00ed t\u011bsn\u011b nad vanou tehdy \u0161okovalo i revizn\u00edho technika, kter\u00e9ho jsme k nat\u00e1\u010den\u00ed p\u0159izvali. <\/p>\n\n\n\n<p><strong>Patrik Houska, revizn\u00ed technik<\/strong> Je tady spousta probl\u00e9m\u016f. M\u016f\u017eeme za\u010d\u00edt nap\u0159\u00edklad t\u00edm, jak napojili p\u016fvodn\u00ed kabel od bojleru, kter\u00fd m\u016f\u017eeme vid\u011bt vlastn\u011b tady, kter\u00fd je 20 cm od kohoutku a nen\u00ed jakkoliv izolovan\u00fd. Ve chv\u00edli, kdy se tady n\u011bkdo bude sprchovat a c\u00e1kne na to vodu, tak m\u016f\u017ee prost\u011b doj\u00edt k n\u011bjak\u00e9mu \u00farazu nebo nedejbo\u017ee i \u00famrt\u00ed. <\/p>\n\n\n\n<p><strong>Martin Mikule, redaktor<\/strong> V \u017e\u00e1dn\u00e9m z t\u011bchto p\u0159\u00edpad\u016f firma na reklamace nereagovala. Ani po odvys\u00edl\u00e1n\u00ed obou report\u00e1\u017e\u00ed se nic nezm\u011bnilo.<\/p>\n\n\n\n<p> <strong>Ji\u0159\u00ed Kl\u016fc, senior<\/strong> Od t\u00e9 doby, co se tady byli a nat\u00e1\u010deli jsme to, tak nikdo se neozval. \u017de by se n\u011bkdo omlouval nebo n\u011bco takov\u00fdho. Nebo \u017ee by p\u0159i\u0161el zkontrolovat to, jestli to funguje, nefunguje. <\/p>\n\n\n\n<p><strong>Martin Mikule, redaktor<\/strong> U\u017e p\u0159ed rokem jsme p\u00e1trali v s\u00eddle firmy Blue Boson Tech v Ostrav\u011b, abychom zjistili, jak se k probl\u00e9m\u016fm stav\u00ed veden\u00ed firmy. Na m\u00edst\u011b jsme ale nikoho nezastihli. Tentokr\u00e1t jsme to op\u011bt zkusili i na jejich pra\u017esk\u00e9 adrese. Od vr\u00e1tn\u00e9ho jsme se dozv\u011bd\u011bli, \u017ee firma kancel\u00e1\u0159e t\u00e9m\u011b\u0159 nevyu\u017e\u00edv\u00e1. Zaj\u00edmala se tu o ni ale policie. Op\u011bt jsme se pokou\u0161eli spojit telefonicky i p\u00edsemn\u011b p\u0159\u00edmo s majitelem firem Robertem Zago\u017ed\u017eonem. Tentokr\u00e1t n\u00e1m ale telefon nezvedl. Na ot\u00e1zky ohledn\u011b p\u0159\u00edpadu pana Langera nereagoval. Na n\u00e1\u0161 e-mail nicm\u00e9n\u011b spole\u010dnost odpov\u011bd\u011bla takto: <strong>Feris Tech s.r.o.<\/strong> Jsme si v\u011bdomi st\u00ed\u017enost\u00ed z\u00e1kazn\u00edk\u016f a ch\u00e1peme jejich obavy. Na\u0161\u00edm c\u00edlem z\u016fst\u00e1v\u00e1 v\u0161echny z\u00e1vazky splnit v r\u00e1mci pl\u00e1novan\u00e9 restrukturalizace. <\/p>\n\n\n\n<p><strong>Martin Mikule, redaktor<\/strong> Poda\u0159ilo se n\u00e1m kontaktovat dva b\u00fdval\u00e9 pracovn\u00edky firmy, kte\u0159\u00ed souhlasili s rozhovorem pod podm\u00ednkou anonymity. Jsou ty st\u00ed\u017enosti opr\u00e1vn\u011bn\u00e9?<\/p>\n\n\n\n<p><strong>b\u00fdval\u00fd pracovn\u00edk firmy Blue Boson Tech s.r.o.<\/strong> Ur\u010dit\u011b jsou opr\u00e1vn\u011bn\u00fd, je to z toho d\u016fvodu, \u017ee ze za\u010d\u00e1tku se vlastn\u011b \u0161et\u0159ilo na materi\u00e1lu. Jde o to, \u017ee t\u011bm lidem se d\u00e1valy t\u0159eba jenom \u010dty\u0159i panely. Ony samoz\u0159ejm\u011b funguj\u00ed ty \u010dty\u0159i panely, ale oni maj\u00ed stra\u0161n\u011b slab\u00fd startovac\u00ed nap\u011bt\u00ed, to znamen\u00e1, \u017ee ty panely fakt funguj\u00ed, jenom kdy\u017e je fakt jako dobr\u00fd po\u010das\u00ed. <\/p>\n\n\n\n<p><strong>Martin Mikule, redaktor<\/strong> Jak je ale mo\u017en\u00e9, \u017ee mont\u00e9r firmy mohl prov\u00e9st tak neodbornou instalaci, jako se to stalo v tomto p\u0159\u00edpad\u011b v Protiv\u00edn\u011b?<\/p>\n\n\n\n<p> <strong>b\u00fdval\u00fd pracovn\u00edk firmy Blue Boson Tech s.r.o.<\/strong> Oni \u0159ekli, to namontuje\u0161 tady, to namontuje\u0161 tady a t\u011bch technik\u016f fakt bylo nedostatek. Tak\u017ee tam se bral prost\u011b Franta z ulice, kter\u00fd prost\u011b dostal m\u011bs\u00ed\u010dn\u011b 50 000 a prost\u011b jede\u0161 montovat. A \u0159ekli mu, co jak m\u00e1 d\u011blat, a takov\u00fdhle byli technici pak, no. <\/p>\n\n\n\n<p><strong>Martin Mikule, redaktor<\/strong> Blue Boson, Yellow Boson, Yellow Blue Boson. Na smlouv\u011b pana Langra je jako zhotovitel uvedena firma Feris Tech s.r.o. P\u0159itom je smlouva vyti\u0161t\u011bna na hlavi\u010dkov\u00e9m pap\u00edru s n\u00e1pisem Yellow Blue Boson. To jsou ale podle obchodn\u00edho rejst\u0159\u00edku celkem t\u0159i r\u016fzn\u00e9 firmy. Pro\u010d stejn\u00fd majitel pou\u017e\u00edv\u00e1 pro stejn\u00e9 podnik\u00e1n\u00ed v\u00edce firem.<\/p>\n\n\n\n<p><strong>b\u00fdval\u00fd pracovn\u00edk firmy Blue Boson Tech s.r.o.<\/strong> On n\u00e1m v\u00edcem\u00e9n\u011b jako jednatel, tak m\u016f\u017eu \u0159\u00edct, \u017ee jo, Robert Zago\u017ed\u017eon n\u00e1m vlastn\u011b prezentoval svoji vizi a vlastn\u011b svoji, \u0159ekn\u011bme, tu nadn\u00e1rodn\u00ed str\u00e1nku t\u00fd firmy, kdy vlastn\u011b ka\u017edou \u010dinnost m\u011bla d\u011blat jin\u00e1 firma. To znamen\u00e1, Blue Boson m\u011bl b\u00fdt p\u0159edev\u0161\u00edm pro tepeln\u00e1 \u010derpadla a vlastn\u011b \u00fapravu vody. Yellow Boson m\u011bl b\u00fdt na sol\u00e1rn\u00ed syst\u00e9my. <\/p>\n\n\n\n<p><strong>Martin Mikule, redaktor<\/strong> T\u00edm ale nep\u0159ehlednost v n\u00e1zvech firem nekon\u010d\u00ed. Spole\u010dnost Blue Boson Tech s.r.o. se toti\u017e vloni p\u0159ejmenovala na Feris Servis s.r.o.<\/p>\n\n\n\n<p> <strong>b\u00fdval\u00fd pracovn\u00edk firmy Blue Boson Tech s.r.o.<\/strong> My si to vysv\u011btlujeme z toho d\u016fvodu, \u017ee vlastn\u011b na Facebooku se za\u010daly \u0161\u00ed\u0159it st\u00ed\u017enosti na tuto firmu, tak vlastn\u011b, aby se asi n\u011bjak\u00fdm zp\u016fsobem zatajilo, \u017ee tahle firma je \u0161patn\u00e1, \u017ee ta nedod\u00e1v\u00e1, tak se ud\u011blal nov\u00fd n\u00e1zev firmy a t\u00edm se asi jako p\u0159edch\u00e1zelo tomu, aby ti klienti si nedohledali na tuhle firmu vlastn\u011b n\u011bjak\u00fd negativn\u00ed recenze. <\/p>\n\n\n\n<p><strong>Martin Mikule, redaktor<\/strong> Konkr\u00e9tn\u011b firma Feris Servis s.r.o. je podle dostupn\u00fdch informac\u00ed dnes u\u017e v insolvenci. Vra\u0165me se ale k p\u0159\u00edb\u011bhu pana Bohumila Langera z Brna. Kv\u016fli tomu, \u017ee dotaci nikdy nevyu\u017eil, mu te\u010f hroz\u00ed, \u017ee bude muset celou \u010d\u00e1stku st\u00e1tu vr\u00e1tit. Ozn\u00e1mila mu to pr\u00fd z\u00e1stupkyn\u011b ministerstva \u017eivotn\u00edho prost\u0159ed\u00ed. <\/p>\n\n\n\n<p><strong>Bohumil Langer, senior<\/strong> No, pan\u00ed \u0159ekla, \u017ee to bude muset zaplatit teda, \u017ee to u\u017e jako jinak nejde.<\/p>\n\n\n\n<p><strong>redaktor<\/strong> Pan\u00ed z ministerstva \u017eivotn\u00edho prost\u0159ed\u00ed. <\/p>\n\n\n\n<p><strong>Bohumil Langer, senior<\/strong> Ano. A j\u00e1 jsem \u0159ekl, \u017ee na to budu reagovat tak, \u017ee ud\u011bl\u00e1m pr\u016fser, \u017ee se na n\u00e1m\u011bst\u00ed ve\u0159ejn\u011b ob\u011bs\u00edm. <\/p>\n\n\n\n<p><strong>Martin Mikule, redaktor<\/strong> To jste myslel v\u00e1\u017en\u011b? <\/p>\n\n\n\n<p><strong>Bohumil Langer, senior<\/strong> No, neud\u011blal bych to. <\/p>\n\n\n\n<p><strong>Martin Mikule, redaktor<\/strong> Jak\u00e9 m\u00e1 v takov\u00e9 situaci senior je\u0161t\u011b mo\u017enosti? Jak by m\u011bl postupovat, aby nakonec nemusel celou dotaci st\u00e1tu uhradit z vlastn\u00ed kapsy?<\/p>\n\n\n\n<p> <strong>Petr Valdman, \u0159editel St\u00e1tn\u00edho fondu \u017eivotn\u00edho prost\u0159ed\u00ed<\/strong> On by m\u011bl vyu\u017e\u00edt v\u0161ech dostupn\u00fdch prost\u0159edk\u016f, jak se k t\u011bm pen\u011bz\u016fm, kter\u00e9 p\u0159edal d\u00e1l tomu dodavateli, dostat. To znamen\u00e1, pokud je podez\u0159en\u00ed, \u017ee se stal ob\u011bt\u00ed n\u011bjak\u00e9ho nekal\u00e9ho jedn\u00e1n\u00ed, tak obr\u00e1tit se na policii, pak je pot\u0159eba dom\u00e1hat se sv\u00fdch pr\u00e1v vr\u00e1cen\u00ed poskytnut\u00fdch finan\u010dn\u00edch prost\u0159edk\u016f na z\u00e1klad\u011b, p\u0159edpokl\u00e1d\u00e1m, uzav\u0159en\u00e9 smlouvy s t\u00edm dodavatelem prost\u0159ednictv\u00edm soudu.<\/p>\n\n\n\n<p><strong>redaktor<\/strong> B\u00fdval\u00fd pracovn\u00edk firmy Blue Boson tvrd\u00ed, \u017ee senior\u016f, kte\u0159\u00ed se dostali do podobn\u00e9 situace, je mnohem v\u00edc. <\/p>\n\n\n\n<p><strong>b\u00fdval\u00fd pracovn\u00edk firmy Blue Boson Tech s.r.o.<\/strong> T\u011bch p\u0159\u00edpad\u016f bych \u0159ekl, nem\u00e1m to samoz\u0159ejm\u011b p\u0159esn\u011b podlo\u017een\u00fd, ale jsou \u0159\u00e1dov\u011b minim\u00e1ln\u011b jedna \u010di dv\u011b stovky v t\u00e9hle situaci. <\/p>\n\n\n\n<p><strong>Martin Mikule, redaktor<\/strong> Kdy ta firma vlastn\u011b neprovedla \u017e\u00e1dnou instalaci.<\/p>\n\n\n\n<p> <strong>b\u00fdval\u00fd pracovn\u00edk firmy Blue Boson Tech s.r.o.<\/strong> Vybrala z\u00e1lohu a nezrealizovala. S t\u00edm, \u017ee p\u0159es St\u00e1tn\u00ed fond \u017eivotn\u00edho prost\u0159ed\u00ed jsme vlastn\u011b prodlu\u017eovali term\u00edny na dolo\u017een\u00ed, nejd\u0159\u00edv o p\u016fl roku, pak o dal\u0161\u00edho p\u016fl roku, a co se t\u00fdk\u00e1 m\u011b konkr\u00e9tn\u011b, tak j\u00e1 m\u00e1m n\u011bjak\u00fdch t\u0159icet lid\u00ed, kter\u00fd vlastn\u011b jsem j\u00e1 \u0159e\u0161il jako obchodn\u00ed z\u00e1stupce, kter\u00fd jsem zrealizoval, kter\u00fd to nemaj\u00ed nainstalovan\u00fd dodne\u0161ka. <\/p>\n\n\n\n<p><strong>Martin Mikule, redaktor<\/strong> Jak\u00e9 maj\u00ed tito lid\u00e9 v podobn\u00e9 situaci, jako je Bohumil Langer, mo\u017enosti? Co by jim poradil nez\u00e1visl\u00fd pr\u00e1vn\u00edk? <\/p>\n\n\n\n<p><strong>\u0160t\u011bp\u00e1n Cipr\u00fdn, pr\u00e1vn\u00edk<\/strong> Podat \u017ealobu na vyd\u00e1n\u00ed bezd\u016fvodn\u00e9ho obohacen\u00ed, kdy za\u017ealuje tu firmu o pen\u011b\u017en\u00ed prost\u0159edky, kter\u00e9 jim ji\u017e poskytl.<\/p>\n\n\n\n<p><strong>redaktor<\/strong> Bohumil Langer se pr\u00fd soudit nebude. Tvrd\u00ed, \u017ee na pr\u00e1vn\u00edka a soudn\u00ed v\u00fdlohy nem\u00e1 pen\u00edze. Dotaci ale ze sv\u00e9ho vracet nechce. <\/p>\n\n\n\n<p><strong>Petr Valdman, \u0159editel St\u00e1tn\u00edho fondu \u017eivotn\u00edho prost\u0159ed\u00ed<\/strong> Dostal od n\u00e1s rozhodnut\u00ed o poskytnut\u00ed dotace, kde m\u011bl napsan\u00e9 pom\u011brn\u011b jasn\u00e9 podm\u00ednky, j\u00e1 se mus\u00edm pt\u00e1t, jestli skute\u010dn\u011b dodr\u017eel i ty pokyny na tom seznamu t\u011bch firem, to znamen\u00e1, oslovil v\u00edce firem a zji\u0161\u0165oval si reference a neplatil stoprocentn\u00ed z\u00e1lohu t\u00e9 firm\u011b.<\/p>\n\n\n\n<p> <strong>Bohumil Langer, senior<\/strong> Ve smlouv\u011b bylo, \u017ee pen\u00edze, kter\u00fd dostanu od st\u00e1tu, m\u00e1m p\u0159eposlat na \u00fa\u010det realiza\u010dn\u00ed firmy, to jsem ud\u011blal, okam\u017eit\u011b prakticky, druhej, t\u0159et\u00ed den&#8230; <\/p>\n\n\n\n<p><strong>Martin Mikule, redaktor<\/strong> Pro\u010d jste nepo\u010dkal? Pro\u010d jste nepo\u010dkal, a\u017e to dokon\u010d\u00ed? <strong>Bohumil Langer, senior<\/strong> Ne, proto\u017ee ve smlouv\u011b bylo, \u017ee je mus\u00edm zaplatit dop\u0159edu.<\/p>\n\n\n\n<p><strong>Petr Valdman, \u0159editel St\u00e1tn\u00edho fondu \u017eivotn\u00edho prost\u0159ed\u00ed<\/strong> My jsme schopni prodlou\u017eit term\u00edn na realizaci toho opat\u0159en\u00ed, kdyby se p\u0159ece jenom rozhodl to dod\u011blat za sv\u00e9 vlastn\u00ed prost\u0159edky a vedle toho vym\u00e1hat ty z\u00e1lohov\u011b poskytnut\u00e9 prost\u0159edky t\u00e9 firm\u011b, pakli\u017ee by to neud\u011blal, my mu po\u0161leme v\u00fdzvu, aby vr\u00e1til finan\u010dn\u00ed prost\u0159edky, jsme p\u0159ipraveni se bavit o mo\u017enosti spl\u00e1tkov\u00e9ho kalend\u00e1\u0159e. <\/p>\n\n\n\n<p><strong>Bohumil Langer, senior<\/strong> J\u00e1 si to ani nep\u0159ipou\u0161t\u00edm, \u017ee bych to vr\u00e1til n\u011bkdy. J\u00e1 si to nep\u0159ipou\u0161t\u00edm, proto\u017ee j\u00e1 jsem nic neud\u011blal \u0161patn\u00fdho. J\u00e1 jsem nic neprovedl. J\u00e1 jsem \u017e\u00e1dnej z\u00e1kon nep\u0159ekro\u010dil, nic. J\u00e1 jsem prost\u011b v\u011b\u0159il st\u00e1tu, kterej mn\u011b nab\u00eddl tuhle mo\u017enost. <\/p>\n\n\n\n<p><strong>Martin Mikule, redaktor<\/strong> Jak u\u017e jsme informovali v minul\u00fdch report\u00e1\u017e\u00edch, podnik\u00e1n\u00edm firem nav\u00e1zan\u00fdch na spole\u010dnost Blue Boson se zab\u00fdv\u00e1 policie. Pokud trestn\u00ed ozn\u00e1men\u00ed pod\u00e1 velk\u00fd po\u010det lid\u00ed, je podle nez\u00e1visl\u00e9ho advok\u00e1ta v\u011bt\u0161\u00ed \u0161ance, \u017ee se policii poda\u0159\u00ed shrom\u00e1\u017edit d\u016fkazy. <\/p>\n\n\n\n<p><strong>\u0160t\u011bp\u00e1n Cipr\u00fdn, pr\u00e1vn\u00edk<\/strong> Pokud by se jednalo o jedin\u00fd p\u0159\u00edpad a spole\u010dnost dodala 99 lidem ze 100 slu\u017eby, tak jsem schopen pochopit, \u017ee zde byla n\u011bjak\u00e1 situace v\u00fdjime\u010dn\u00e1, jin\u00e1 a je to ob\u010danskopr\u00e1vn\u00ed v\u011bc. Pokud by v\u0161ak bylo 99 lid\u00ed po\u0161kozen\u00fdch a pouze jednomu by dodala, tak pak m\u00e1m za to, \u017ee se jedn\u00e1 o trestn\u011bpr\u00e1vn\u00ed v\u011bc a nikoliv ob\u010danskopr\u00e1vn\u00ed, a policie by m\u011bla konat. <\/p>\n\n\n\n<p><strong>Jakub Vin\u010d\u00e1lek, mluv\u010d\u00ed Policejn\u00edho prezidia \u010cR<\/strong> Prov\u011b\u0159ujeme velk\u00e9 mno\u017estv\u00ed ozn\u00e1men\u00ed z cel\u00e9 republiky.<\/p>\n\n\n\n<p><strong>redaktor<\/strong> Padlo u\u017e v t\u00e9to v\u011bci n\u011bjak\u00e9 obvin\u011bn\u00ed? <\/p>\n\n\n\n<p><strong>Jakub Vin\u010d\u00e1lek, mluv\u010d\u00ed Policejn\u00edho prezidia \u010cR<\/strong> V t\u00e9to v\u011bci zat\u00edm nebylo sd\u011bleno obvin\u011bn\u00ed ani pr\u00e1vnick\u00e9, ani fyzick\u00e9 osob\u011b. <\/p>\n\n\n\n<p><strong>Martin Mikule, redaktor<\/strong> Co se ale stane v p\u0159\u00edpad\u011b, \u017ee pan Bohumil Langer od firmy zp\u011bt ji\u017e zaplacen\u00fdch 90 000 nedostane a z vlastn\u00ed kapsy pen\u00edze st\u00e1tu nevr\u00e1t\u00ed? Hroz\u00ed mu soud a p\u0159\u00edpadn\u011b i exekuce. Co by se muselo st\u00e1t, abyste v n\u011bkter\u00e9m p\u0159\u00edpad\u011b mohli tomu seniorovi ty pen\u00edze odpustit? <\/p>\n\n\n\n<p><strong>Petr Valdman, \u0159editel St\u00e1tn\u00edho fondu \u017eivotn\u00edho prost\u0159ed\u00ed<\/strong> My \u017e\u00e1dnou takovou kompetenci z pohledu St\u00e1tn\u00edho fondu \u017eivotn\u00edho prost\u0159ed\u00ed nem\u00e1me. <\/p>\n\n\n\n<p><strong>Bohumil Langer, senior<\/strong> Pro m\u011b dneska 90 000 jsou pen\u00edze. To jako&#8230; J\u00e1 m\u00e1m odlo\u017een\u00fd pen\u00edze na poh\u0159eb, abych nezat\u011b\u017eoval d\u011bti. J\u00e1 jsem nikoho nepodvedl, nikdy jsem nic \u0161patn\u00fdho neud\u011blal a najednou m\u00e1m b\u00fdt 90 000 v minusu? Nech\u00e1pu, pro\u010d. <\/p>\n\n\n\n<p><strong>Kate\u0159ina Stibalov\u00e1, moder\u00e1torka<\/strong> Kdy\u017e se ze slibovan\u00e9 v\u00fdhody stane nev\u00fdhoda, m\u00e1me v\u011bt\u0161inou \u0159adu mo\u017enost\u00ed, jak to \u0159e\u0161it. Jednou z nich jsou i \u010cern\u00e9 ovce. Budeme tady op\u011bt p\u0159\u00ed\u0161t\u00ed t\u00fdden v pond\u011bl\u00ed. T\u011b\u0161\u00edme se na v\u00e1s.<\/p>\n","protected":false},"excerpt":{"rendered":"<div class=\"mh-excerpt\"><p>\u010cern\u00e9 ovce \u010cT 1 Dotaci na fotovoltaiku, kter\u00e1 bude oh\u0159\u00edvat vodu, cht\u011bl vyu\u017e\u00edt senior z Brna. Zprvu to vypadalo v\u00fdhodn\u011b. Jen\u017ee najat\u00e1 firma inkasovala pen\u00edze <a class=\"mh-excerpt-more\" href=\"https:\/\/www.invarena.cz\/?p=60884\" title=\"Firmy na fotovoltaiku okr\u00e1daj\u00ed seniory\">[&#8230;]<\/a><\/p>\n<\/div>","protected":false},"author":1,"featured_media":58357,"comment_status":"open","ping_status":"closed","sticky":false,"template":"","format":"standard","meta":{"footnotes":""},"categories":[9],"tags":[],"class_list":["post-60884","post","type-post","status-publish","format-standard","has-post-thumbnail","hentry","category-zpravy"],"_links":{"self":[{"href":"https:\/\/www.invarena.cz\/index.php?rest_route=\/wp\/v2\/posts\/60884","targetHints":{"allow":["GET"]}}],"collection":[{"href":"https:\/\/www.invarena.cz\/index.php?rest_route=\/wp\/v2\/posts"}],"about":[{"href":"https:\/\/www.invarena.cz\/index.php?rest_route=\/wp\/v2\/types\/post"}],"author":[{"embeddable":true,"href":"https:\/\/www.invarena.cz\/index.php?rest_route=\/wp\/v2\/users\/1"}],"replies":[{"embeddable":true,"href":"https:\/\/www.invarena.cz\/index.php?rest_route=%2Fwp%2Fv2%2Fcomments&post=60884"}],"version-history":[{"count":0,"href":"https:\/\/www.invarena.cz\/index.php?rest_route=\/wp\/v2\/posts\/60884\/revisions"}],"wp:featuredmedia":[{"embeddable":true,"href":"https:\/\/www.invarena.cz\/index.php?rest_route=\/wp\/v2\/media\/58357"}],"wp:attachment":[{"href":"https:\/\/www.invarena.cz\/index.php?rest_route=%2Fwp%2Fv2%2Fmedia&parent=60884"}],"wp:term":[{"taxonomy":"category","embeddable":true,"href":"https:\/\/www.invarena.cz\/index.php?rest_route=%2Fwp%2Fv2%2Fcategories&post=60884"},{"taxonomy":"post_tag","embeddable":true,"href":"https:\/\/www.invarena.cz\/index.php?rest_route=%2Fwp%2Fv2%2Ftags&post=60884"}],"curies":[{"name":"wp","href":"https:\/\/api.w.org\/{rel}","templated":true}]}}