{"id":60886,"date":"2025-09-26T07:06:07","date_gmt":"2025-09-26T05:06:07","guid":{"rendered":"https:\/\/www.invarena.cz\/?p=60886"},"modified":"2025-09-26T07:06:08","modified_gmt":"2025-09-26T05:06:08","slug":"ostrava-ma-nove-kognitivni-centrum","status":"publish","type":"post","link":"https:\/\/www.invarena.cz\/?p=60886","title":{"rendered":"Ostrava\u00a0m\u00e1 nov\u00e9 kognitivn\u00ed centrum"},"content":{"rendered":"\n<p>\u010cT 1<\/p>\n\n\n\n<p>Ostrava m\u00e1 nov\u00e9 kognitivn\u00ed centrum. Je to druh\u00e9 za\u0159\u00edzen\u00ed tohoto typu v Moravskoslezsk\u00e9m kraji. Na p\u00e9\u010di o pacienty se budou pod\u00edlet klini\u010dt\u00ed logopedi a psychologov\u00e9 ve spolupr\u00e1ci s neurology. <\/p>\n\n\n\n<p><strong>Gabriela Soln\u00e1, klinick\u00e1 logopedka, Nemocnice AGEL Ostrava-V\u00edtkovice<\/strong> Auto a bus. Dohromady je to autobus. <\/p>\n\n\n\n<p><strong>Gabriela Galusik, redaktorka<\/strong> \u010cty\u0159iaosmdes\u00e1tilet\u00e1 Jana Hude\u010dkov\u00e1 se sna\u017e\u00ed tr\u00e9novat pam\u011b\u0165 cel\u00fd sv\u016fj \u017eivot, p\u0159esto se dnes rozhodla sv\u00e9 schopnosti otestovat.<\/p>\n\n\n\n<p> <strong>Jana Hude\u010dkov\u00e1, pacientka<\/strong> Pam\u011b\u0165, proto\u017ee u\u017e taky mi tak dob\u0159e neslou\u017e\u00ed jak kdysi, kdo u\u017e, v\u011bk je v\u011bk, ale sna\u017e\u00edm se, j\u00e1 r\u00e1da \u010dtu, tak\u017ee hodn\u011b \u010dtu, tak\u017ee t\u00edm se tak sna\u017e\u00edm udr\u017eovat. <\/p>\n\n\n\n<p><strong>Gabriela Galusik, redaktorka<\/strong> C\u00edlem p\u00e9\u010de specialist\u016f je u pacient\u016f v\u010das odhalit poruchy kognitivn\u00edch funkc\u00ed a nab\u00eddnout jim efektivn\u00ed tr\u00e9nink. Nov\u00e9 centrum slou\u017e\u00ed p\u0159edev\u0161\u00edm pacient\u016fm po mozkov\u00e9 mrtvici, \u00farazech hlavy nebo t\u011bm, u kter\u00fdch se za\u010d\u00ednaj\u00ed projevovat zn\u00e1mky demence. <\/p>\n\n\n\n<p><strong>Gabriela Soln\u00e1, klinick\u00e1 logopedka, Nemocnice AGEL Ostrava-V\u00edtkovice<\/strong> Na\u0161\u00edm c\u00edlem je vlastn\u011b s t\u011bmi pacienty rehabilitovat tak, abysme se sna\u017eili ty funkce bu\u010f zachovat, anebo je\u0161t\u011b zlep\u0161it, tak\u017ee n\u00e1s napadlo, \u017ee bychom to mohli vlastn\u011b cel\u00e9 n\u011bjak\u00fdm zp\u016fsobem zorganizovat a vytvo\u0159it takov\u00fd ucelen\u00fd komplex.<a href=\"https:\/\/www.beey.io\/cs\/\" target=\"_blank\" rel=\"noreferrer noopener\"><\/a><\/p>\n\n\n\n<p>Gabriela Galusik,redaktorka<\/p>\n\n\n\n<p>Podle \u010cesk\u00e9 alzheimerovsk\u00e9 spole\u010dnosti je v populaci nad 65 let v\u00fdskyt m\u00edrn\u00e9 kognitivn\u00ed poruchy p\u0159ibli\u017en\u011b dvacetiprocentn\u00ed.<\/p>\n\n\n\n<p>Daniel V\u00e1clav\u00edk,prim\u00e1\u0159 neurologick\u00e9ho odd\u011blen\u00ed, Nemocnice AGEL Ostrava-V\u00edtkovice<\/p>\n\n\n\n<p>Ty za\u010d\u00e1tky mohou b\u00fdt u\u017e n\u011bkdy mezi pades\u00e1t\u00fdm, \u0161edes\u00e1t\u00fdm rokem. V sou\u010dasn\u00e9 dob\u011b se odhaduje, \u017ee po\u010det pacient\u016f s demenc\u00ed v \u010cesk\u00e9 republice asi 180 000.<\/p>\n\n\n\n<p>Gabriela Galusik,redaktorka<\/p>\n\n\n\n<p>A\u010dkoliv jsou \u010d\u00edsla vysok\u00e1, v\u00fdznamnou roli v jejich v\u00fd\u0161i hraje i skute\u010dnost, \u017ee se lid\u00e9 do\u017e\u00edvaj\u00ed st\u00e1le vy\u0161\u0161\u00edho v\u011bku.<\/p>\n\n\n\n<p>Daniel V\u00e1clav\u00edk,prim\u00e1\u0159 neurologick\u00e9ho odd\u011blen\u00ed, Nemocnice AGEL Ostrava-V\u00edtkovice<\/p>\n\n\n\n<p>To, co se v\u00ed, \u017ee je z\u00e1sadn\u00ed pro du\u0161evn\u00ed zdrav\u00ed, jsou vztahy mezi lidma, potom pocit n\u011bjak\u00e9ho sebeuv\u011bdom\u011bn\u00ed, \u017e\u00edt jako v p\u0159\u00edtomn\u00e9m okam\u017eiku, to znamen\u00e1, \u017ee tady to ment\u00e1ln\u00ed nastaven\u00ed lid\u00ed je prost\u011b jednou z podm\u00ednek du\u0161evn\u00edho zdrav\u00ed.<\/p>\n\n\n\n<p>Gabriela Galusik,redaktorka<\/p>\n\n\n\n<p>Vzkaz pan\u00ed Jany, pacientky, kter\u00e1 dnes pro\u0161la tr\u00e9ninkem pam\u011bti na v\u00fdbornou, je jasn\u00fd.<\/p>\n\n\n\n<p>Jana Hude\u010dkov\u00e1,pacientka<\/p>\n\n\n\n<p>V\u0161em d\u016fchodc\u016fm, a\u0165 nesed\u00ed doma, a\u0165 chod\u00ed do klubu d\u016fchodc\u016f, a\u0165 \u010dtou, pokud m\u016f\u017eou a d\u00e1 jim zdrav\u00ed, a\u0165 chod\u00ed na kdejakou akci.<\/p>\n\n\n\n<p>Gabriela Galusik,redaktorka<\/p>\n\n\n\n<p>Pacienti se do nov\u00e9ho kognitivn\u00edho centra mohou objedn\u00e1vat telefonicky. Nutnost\u00ed je v\u0161ak m\u00edt \u017e\u00e1danku od praktick\u00e9ho l\u00e9ka\u0159e nebo neurologa. <\/p>\n\n\n\n<p>\u010cesk\u00e1 televize, Ostrava.<\/p>\n","protected":false},"excerpt":{"rendered":"<div class=\"mh-excerpt\"><p>\u010cT 1 Ostrava m\u00e1 nov\u00e9 kognitivn\u00ed centrum. Je to druh\u00e9 za\u0159\u00edzen\u00ed tohoto typu v Moravskoslezsk\u00e9m kraji. Na p\u00e9\u010di o pacienty se budou pod\u00edlet klini\u010dt\u00ed logopedi <a class=\"mh-excerpt-more\" href=\"https:\/\/www.invarena.cz\/?p=60886\" title=\"Ostrava\u00a0m\u00e1 nov\u00e9 kognitivn\u00ed centrum\">[&#8230;]<\/a><\/p>\n<\/div>","protected":false},"author":1,"featured_media":17515,"comment_status":"open","ping_status":"closed","sticky":false,"template":"","format":"standard","meta":{"footnotes":""},"categories":[9],"tags":[],"class_list":["post-60886","post","type-post","status-publish","format-standard","has-post-thumbnail","hentry","category-zpravy"],"_links":{"self":[{"href":"https:\/\/www.invarena.cz\/index.php?rest_route=\/wp\/v2\/posts\/60886","targetHints":{"allow":["GET"]}}],"collection":[{"href":"https:\/\/www.invarena.cz\/index.php?rest_route=\/wp\/v2\/posts"}],"about":[{"href":"https:\/\/www.invarena.cz\/index.php?rest_route=\/wp\/v2\/types\/post"}],"author":[{"embeddable":true,"href":"https:\/\/www.invarena.cz\/index.php?rest_route=\/wp\/v2\/users\/1"}],"replies":[{"embeddable":true,"href":"https:\/\/www.invarena.cz\/index.php?rest_route=%2Fwp%2Fv2%2Fcomments&post=60886"}],"version-history":[{"count":0,"href":"https:\/\/www.invarena.cz\/index.php?rest_route=\/wp\/v2\/posts\/60886\/revisions"}],"wp:featuredmedia":[{"embeddable":true,"href":"https:\/\/www.invarena.cz\/index.php?rest_route=\/wp\/v2\/media\/17515"}],"wp:attachment":[{"href":"https:\/\/www.invarena.cz\/index.php?rest_route=%2Fwp%2Fv2%2Fmedia&parent=60886"}],"wp:term":[{"taxonomy":"category","embeddable":true,"href":"https:\/\/www.invarena.cz\/index.php?rest_route=%2Fwp%2Fv2%2Fcategories&post=60886"},{"taxonomy":"post_tag","embeddable":true,"href":"https:\/\/www.invarena.cz\/index.php?rest_route=%2Fwp%2Fv2%2Ftags&post=60886"}],"curies":[{"name":"wp","href":"https:\/\/api.w.org\/{rel}","templated":true}]}}