{"id":60891,"date":"2025-09-26T07:20:59","date_gmt":"2025-09-26T05:20:59","guid":{"rendered":"https:\/\/www.invarena.cz\/?p=60891"},"modified":"2025-09-26T07:21:00","modified_gmt":"2025-09-26T05:21:00","slug":"od-ledna-se-zvysi-duchody","status":"publish","type":"post","link":"https:\/\/www.invarena.cz\/?p=60891","title":{"rendered":"Od ledna se zv\u00fd\u0161\u00ed d\u016fchody"},"content":{"rendered":"\n<p>\u010cT 24<\/p>\n\n\n\n<p>Vl\u00e1da schv\u00e1lila i na\u0159\u00edzen\u00ed k r\u016fstu d\u016fchod\u016f.<\/p>\n\n\n\n<p> Pr\u016fm\u011brn\u00fd d\u016fchod se od ledna zv\u00fd\u0161\u00ed o 668 K\u010d m\u011bs\u00ed\u010dn\u011b. Znamen\u00e1 to, \u017ee tedy na za\u010d\u00e1tku p\u0159\u00ed\u0161t\u00edho roku tak vzroste na \u00farove\u0148 21 840 K\u010d. St\u00e1t nezvedne ale v\u0161echny penze, stejn\u011b bude platit, \u017ee \u010d\u00edm vy\u0161\u0161\u00ed je d\u016fchod, tak t\u00edm vy\u0161\u0161\u00ed bude i p\u0159id\u00e1n\u00ed.<\/p>\n\n\n\n<p> A te\u010f tedy n\u011bkolik p\u0159\u00edklad\u016f, tak\u017ee t\u0159eba d\u016fchodkyn\u011b s penz\u00ed ve v\u00fd\u0161i 15 000 K\u010d m\u011bs\u00ed\u010dn\u011b dostane od ledna nav\u00edc 516 K\u010d,  seniorovi s d\u016fchodem 19 000 st\u00e1t p\u0159id\u00e1 620 K\u010d, no, a t\u0159eba d\u016fchodce pob\u00edraj\u00edc\u00ed penzi ve v\u00fd\u0161i 29 000, tak ten si polep\u0161\u00ed m\u011bs\u00ed\u010dn\u011b o 880 K\u010d. <\/p>\n\n\n\n<p>St\u00e1t od ledna p\u0159id\u00e1 i lidem, kte\u0159\u00ed pob\u00edraj\u00ed p\u0159ed\u010dasn\u00e9 d\u016fchody. V\u0161ichni dostanou nav\u00edc stejn\u011b a je to 240 K\u010d m\u011bs\u00ed\u010dn\u011b. <\/p>\n\n\n\n<p>Pr\u016fm\u011brn\u00fd d\u016fchod i kv\u016fli vysok\u00e9 inflaci v posledn\u00edch letech rychle rostl. V roce 2021 pob\u00edrali penzist\u00e9 necel\u00fdch 15 500 korun, letos p\u0159es 21 000. No, a t\u00edm p\u00e1dem se v\u00fddaje na d\u016fchody rychle zvy\u0161uj\u00ed. P\u0159ed pandemi\u00ed \u010dinily necel\u00fdch 478 miliard, letos rozpo\u010det po\u010d\u00edt\u00e1 s t\u00e9m\u011b\u0159 se 704, 20 miliardami, no, a to je suma, kter\u00e1 podle ministerstva financ\u00ed p\u0159edstavuje a\u017e 33 % ve\u0161ker\u00fdch v\u00fddaj\u016f do budoucna, m\u00e1 syst\u00e9m stabilizovat penzijn\u00ed reforma. <\/p>\n\n\n\n<p>Prima<\/p>\n\n\n\n<p>D\u016fchody v p\u0159\u00ed\u0161t\u00edm roce porostou. Na sv\u00e9m dne\u0161n\u00edm zased\u00e1n\u00ed to schv\u00e1lil kabinet Petra Fialy. Na\u0159\u00edzen\u00ed po\u010d\u00edt\u00e1 s nav\u00fd\u0161en\u00edm penz\u00ed o inflaci.<\/p>\n\n\n\n<p> <strong>Petr Sucho\u0148, moder\u00e1tor<\/strong> To u pr\u016fm\u011brn\u00e9 starobn\u00ed penze znamen\u00e1 n\u00e1r\u016fst o necel\u00fdch 700 K\u010d. Celkov\u011b pak zm\u011bna st\u00e1tn\u00ed kasu v p\u0159\u00ed\u0161t\u00edm roce vyjde na v\u00edce ne\u017e 22 miliard korun.  Starobn\u00ed, invalidn\u00ed i poz\u016fstalostn\u00ed penze p\u0159\u00ed\u0161t\u00ed rok vzrostou. V z\u00e1kladu to bude o 240 K\u010d. O dal\u0161\u00edch 2,6 % se ale zv\u00fd\u0161\u00ed i \u010d\u00e1st z\u00e1sluhov\u00e1. <\/p>\n\n\n\n<p><strong>Marian Jure\u010dka, vicepremi\u00e9r, ministr pr\u00e1ce a soci\u00e1ln\u00edch v\u011bc\u00ed, \u010dlen KDU-\u010cSL \/Spolu\/<\/strong> D\u016fchody v \u010cesk\u00e9 republice od p\u0159\u00ed\u0161t\u00edho roku v pr\u016fm\u011bru vzrostou o 668 K\u010d, ta nov\u00e1 v\u00fd\u0161e pr\u016fm\u011brn\u00e9ho d\u016fchodu v p\u0159\u00ed\u0161t\u00edm roce bude 21 839 K\u010d.<\/p>\n\n\n\n<p> <strong>\u0160imon Pilek, redaktor<\/strong> Opozi\u010dn\u00ed SPD ale nam\u00edt\u00e1, \u017ee pouh\u00e9 dorovn\u00e1n\u00ed inflace nesta\u010d\u00ed.<\/p>\n\n\n\n<p> <strong>Lucie \u0160afr\u00e1nkov\u00e1, m\u00edstop\u0159edsedkyn\u011b sn\u011bmovn\u00edho v\u00fdboru pro soci\u00e1ln\u00ed politiku \/SPD\/<\/strong> Vzhledem k tomu, kolik dneska stoj\u00ed v pr\u016fm\u011bru ceny za bydlen\u00ed, za energie, za l\u00e9ky, za potraviny, co\u017e je z\u00e1kladn\u00ed spot\u0159ebitelsk\u00fd ko\u0161 d\u016fchodc\u016f.<\/p>\n\n\n\n<p><strong>redaktor<\/strong> Vl\u00e1da takov\u00e1 slova ozna\u010duje za populismus a dod\u00e1v\u00e1, \u017ee kupn\u00ed s\u00edla \u010desk\u00fdch penzist\u016f nijak neklesne. Sou\u010dasn\u00fd pr\u016fm\u011brn\u00fd d\u016fchod 21 080 K\u010d je pr\u00fd nav\u00edc u\u017e te\u010f vy\u0161\u0161\u00ed ne\u017e v okoln\u00edch zem\u00edch. <\/p>\n\n\n\n<p><strong>Marian Jure\u010dka, 1. m\u00edsto na kandid\u00e1tce v Olomouck\u00e9m kraji, ministr pr\u00e1ce a soci\u00e1ln\u00edch v\u011bc\u00ed \/KDU-\u010cSL\/<\/strong> V Polsku 18 867 K\u010d, na Slovensku 17 665 K\u010d, v Ma\u010farsku 15 021 K\u010d. <\/p>\n\n\n\n<p><strong>Lucie \u0160afr\u00e1nkov\u00e1, m\u00edstop\u0159edsedkyn\u011b sn\u011bmovn\u00edho v\u00fdboru pro soci\u00e1ln\u00ed politiku \/SPD\/<\/strong> Vl\u00e1da neust\u00e1le d\u00e1v\u00e1 pen\u00edze na ciz\u00ed z\u00e1jmy, na to pen\u00edze m\u00e1, ale pro sv\u00e9 vlastn\u00ed ob\u010dany pen\u00edze nem\u00e1. A pen\u00edze bychom dok\u00e1zali naj\u00edt na \u0161ed\u00e9m trhu pr\u00e1ce, l\u00e9pe bychom vyb\u00edrali da\u0148ov\u00e9 nedoplatky.<\/p>\n\n\n\n<p><strong>redaktor<\/strong> Vl\u00e1dou dnes p\u0159ijat\u00e9 na\u0159\u00edzen\u00ed po\u010d\u00edt\u00e1 i se zaveden\u00edm tzv. nejni\u017e\u0161\u00edho mo\u017en\u00e9ho d\u016fchodu. Ten by m\u011bl b\u00fdt v p\u0159\u00edpad\u011b penze starobn\u00ed ve v\u00fd\u0161i 9 800 K\u010d. <\/p>\n\n\n\n<p> CNN Prima News.<\/p>\n","protected":false},"excerpt":{"rendered":"<div class=\"mh-excerpt\"><p>\u010cT 24 Vl\u00e1da schv\u00e1lila i na\u0159\u00edzen\u00ed k r\u016fstu d\u016fchod\u016f. Pr\u016fm\u011brn\u00fd d\u016fchod se od ledna zv\u00fd\u0161\u00ed o 668 K\u010d m\u011bs\u00ed\u010dn\u011b. Znamen\u00e1 to, \u017ee tedy na za\u010d\u00e1tku <a class=\"mh-excerpt-more\" href=\"https:\/\/www.invarena.cz\/?p=60891\" title=\"Od ledna se zv\u00fd\u0161\u00ed d\u016fchody\">[&#8230;]<\/a><\/p>\n<\/div>","protected":false},"author":1,"featured_media":19891,"comment_status":"open","ping_status":"closed","sticky":false,"template":"","format":"standard","meta":{"footnotes":""},"categories":[9],"tags":[],"class_list":["post-60891","post","type-post","status-publish","format-standard","has-post-thumbnail","hentry","category-zpravy"],"_links":{"self":[{"href":"https:\/\/www.invarena.cz\/index.php?rest_route=\/wp\/v2\/posts\/60891","targetHints":{"allow":["GET"]}}],"collection":[{"href":"https:\/\/www.invarena.cz\/index.php?rest_route=\/wp\/v2\/posts"}],"about":[{"href":"https:\/\/www.invarena.cz\/index.php?rest_route=\/wp\/v2\/types\/post"}],"author":[{"embeddable":true,"href":"https:\/\/www.invarena.cz\/index.php?rest_route=\/wp\/v2\/users\/1"}],"replies":[{"embeddable":true,"href":"https:\/\/www.invarena.cz\/index.php?rest_route=%2Fwp%2Fv2%2Fcomments&post=60891"}],"version-history":[{"count":0,"href":"https:\/\/www.invarena.cz\/index.php?rest_route=\/wp\/v2\/posts\/60891\/revisions"}],"wp:featuredmedia":[{"embeddable":true,"href":"https:\/\/www.invarena.cz\/index.php?rest_route=\/wp\/v2\/media\/19891"}],"wp:attachment":[{"href":"https:\/\/www.invarena.cz\/index.php?rest_route=%2Fwp%2Fv2%2Fmedia&parent=60891"}],"wp:term":[{"taxonomy":"category","embeddable":true,"href":"https:\/\/www.invarena.cz\/index.php?rest_route=%2Fwp%2Fv2%2Fcategories&post=60891"},{"taxonomy":"post_tag","embeddable":true,"href":"https:\/\/www.invarena.cz\/index.php?rest_route=%2Fwp%2Fv2%2Ftags&post=60891"}],"curies":[{"name":"wp","href":"https:\/\/api.w.org\/{rel}","templated":true}]}}