{"id":60895,"date":"2025-09-26T00:30:00","date_gmt":"2025-09-25T22:30:00","guid":{"rendered":"https:\/\/www.invarena.cz\/?p=60895"},"modified":"2025-09-26T07:35:55","modified_gmt":"2025-09-26T05:35:55","slug":"evropsky-klimaticky-pakt-otevira-novy-rocnik-prestizniho-ambasadorskeho-programu","status":"publish","type":"post","link":"https:\/\/www.invarena.cz\/?p=60895","title":{"rendered":"Evropsk\u00fd klimatick\u00fd pakt otev\u00edr\u00e1 nov\u00fd ro\u010dn\u00edk presti\u017en\u00edho ambasadorsk\u00e9ho programu"},"content":{"rendered":"\n<p>Evropsk\u00fd klimatick\u00fd pakt po roce op\u011bt nab\u00edz\u00ed p\u0159\u00edle\u017eitost k zapojen\u00ed se do<br \/>ambasadorsk\u00e9ho programu. P\u0159ihl\u00e1sit se m\u016f\u017ee ka\u017ed\u00fd, kdo chce aktivn\u011b p\u0159isp\u011bt k ochran\u011b klimatu a<br \/>st\u00e1t se sou\u010d\u00e1st\u00ed mezin\u00e1rodn\u00ed komunity propojuj\u00edc\u00ed odborn\u00edky, aktivisty i \u0161irokou ve\u0159ejnost. Nov\u011b se<br \/>mohou p\u0159ihl\u00e1sit tak\u00e9 instituce, firmy a startupy.<\/p>\n\n\n\n<p>Registrace je otev\u0159en\u00e1 do 15. \u0159\u00edjna.<br \/><\/p>\n\n\n\n<p>Ambasadorem \u010di ambasadorkou se m\u016f\u017ee st\u00e1t ka\u017ed\u00fd \u2013 od odborn\u00edk\u016f p\u0159es pedagogy a politiky a\u017e po<br \/>influencery \u010di aktivn\u00ed ob\u010dany. D\u016fle\u017eit\u00e1 je chu\u0165 sd\u00edlet zku\u0161enosti a posilovat pov\u011bdom\u00ed o klimatick\u00fdch<br \/>v\u00fdzv\u00e1ch. P\u0159ihl\u00e1\u0161ky je mo\u017en\u00e9 pod\u00e1vat do 15. \u0159\u00edjna 2025 na webov\u00fdch str\u00e1nk\u00e1ch Evropsk\u00e9ho<br \/>klimatick\u00e9ho paktu.<\/p>\n\n\n\n<p><br \/>Evropsk\u00e1 komise letos do ambasadorsk\u00e9ho programu jmenovala nov\u00e9 z\u00e1stupce v\u0161ech \u010dlensk\u00fdch<br \/>st\u00e1t\u016f EU \u2013 v \u010cesku p\u0159ibylo 14 osobnost\u00ed z r\u016fzn\u00fdch obor\u016f, mimo jin\u00e9 poslankyn\u011b Kl\u00e1ra Kocmanov\u00e1,<br \/>pol\u00e1rn\u00ed biolo\u017eka Marie \u0160aback\u00e1, greenfluencer Tade\u00e1\u0161 \u010cech \u010di zakladatelka Institutu cirkul\u00e1rn\u00ed<br \/>ekonomiky So\u0148a Klepek Jon\u00e1\u0161ov\u00e1. Program tak potvrzuje, \u017ee klimatick\u00e1 t\u00e9mata propojuj\u00ed politiky,<br \/>v\u011bdce, byznys i greenfluencery.<\/p>\n\n\n\n<p><br \/>\u201eNejv\u011bt\u0161\u00ed v\u00fdhodu ambasadorstv\u00ed vid\u00edm v tom, \u017ee na boj za udr\u017eiteln\u011bj\u0161\u00ed sv\u011bt u\u017e \u010dlov\u011bk nen\u00ed s\u00e1m. Pakt<br \/>sdru\u017euje nejr\u016fzn\u011bj\u0161\u00ed lidi od odborn\u00edk\u016f ve v\u0161emo\u017en\u00fdch oblastech a\u017e po z\u00e1stupce ve\u0159ejnosti, a a\u010dkoliv se<br \/>m\u016f\u017ee na prvn\u00ed pohled zd\u00e1t, \u017ee nejsme \u00fapln\u011b kompaktn\u00ed skupina, co se t\u00fdk\u00e1 klimatu, t\u00e1hneme v\u0161ichni<br \/>za jeden provaz. Pakt je pln\u00fd inspirace, motivace, spolupr\u00e1ce a skv\u011bl\u00fdch n\u00e1pad\u016f, kter\u00e9 pom\u00e1haj\u00ed<br \/>vytv\u00e1\u0159et lep\u0161\u00ed sv\u011bt,\u201c \u0159\u00edk\u00e1 Dominika Gryczov\u00e1, ambasadorka Evropsk\u00e9ho klimatick\u00e9ho paktu, kter\u00e1 se<br \/>v\u011bnuje environment\u00e1ln\u00ed problematice na soci\u00e1ln\u00ed s\u00edti Instagram.<\/p>\n\n\n\n<p><br \/>\u201eD\u00edky ambasadorstv\u00ed jsem z\u00edskala mo\u017enost sd\u00edlet n\u00e1\u0161 projekt s \u0161ir\u0161\u00ed ve\u0159ejnost\u00ed a propojit se s lidmi,<br \/>kte\u0159\u00ed sm\u00fd\u0161lej\u00ed stejn\u011b. Je inspirativn\u00ed b\u00fdt sou\u010d\u00e1st\u00ed komunity, kde vznikaj\u00ed nov\u00e9 n\u00e1pady, spolupr\u00e1ce a<br \/>vz\u00e1jemn\u00e1 podpora \u2013 a\u0165 u\u017e online, nebo p\u0159\u00edmo na workshopech a setk\u00e1n\u00edch s dal\u0161\u00edmi iniciativami.<br \/>Pomohlo n\u00e1m to i b\u011bhem na\u0161\u00ed cesty Hitch For Change, kdy jsme za 50 dn\u00ed stopem projeli 12 st\u00e1t\u016f a v<br \/>ka\u017ed\u00e9m zorganizovali \u00faklid odpadk\u016f,\u201c dopl\u0148uje Michaela Dolan, spoluzakladatelka iniciativy<br \/>Verdederos a ambasadorka Evropsk\u00e9ho klimatick\u00e9ho paktu.<\/p>\n\n\n\n<p><br \/>Michaela se sv\u00fdm man\u017eelem zalo\u017eila v Latinsk\u00e9 Americe vzd\u011bl\u00e1vac\u00ed organizaci Verdederos<br \/>specializovanou na ekologii. Spole\u010dn\u011b sesb\u00edrali p\u0159es 18 tun odpadk\u016f ve 27 zem\u00edch a p\u0159edn\u00e1\u0161eli<br \/>tis\u00edc\u016fm student\u016f. Jejich posledn\u00ed projekt Hitch for Change zakon\u010dili letos v Praze.<br \/><\/p>\n\n\n\n<p>P\u0159ipravovan\u00e9 akce v \u010cR<\/p>\n\n\n\n<p><br \/>Ambasadorky a ambasado\u0159i se krom\u011b mezin\u00e1rodn\u00ed spolupr\u00e1ce zapojuj\u00ed i do \u0159ady akc\u00ed v \u010cesku. Formy<br \/>zapojen\u00ed mohou b\u00fdt velice r\u016fznorod\u00e9, od klimatick\u00fdch proch\u00e1zek pro ve\u0159ejnost, p\u0159es osv\u011btu na<br \/>soci\u00e1ln\u00edch s\u00edt\u00edch, vzd\u011bl\u00e1vac\u00ed projekty a komunikace v\u011bdeck\u00fdch poznatk\u016f a\u017e po akce zam\u011b\u0159en\u00e9 na<br \/>adapta\u010dn\u00ed opat\u0159en\u00ed. V nejbli\u017e\u0161\u00ed dob\u011b se z\u00fa\u010dastn\u00ed nap\u0159\u00edklad konference zam\u011b\u0159en\u00e9 na klima a zdrav\u00ed na<br \/>L\u00e9ka\u0159sk\u00e9 fakult\u011b UP v Olomouci, kter\u00e1 se kon\u00e1 7.11. a je otev\u0159en\u00e1 tak\u00e9 \u0161irok\u00e9 ve\u0159ejnosti. Sou\u010d\u00e1st\u00ed<br \/>budou workshopy, swap oble\u010den\u00ed, projekce dokumentu a setk\u00e1n\u00ed ambasador\u016f. Dal\u0161\u00ed z p\u0159\u00edle\u017eitost\u00ed, jak<br \/>pro ambasadory, tak pro ve\u0159ejnost, je akce zam\u011b\u0159en\u00e1 na t\u00e9ma klimatick\u00e9 spravedlnosti, kter\u00e1 se ve<br \/>spolupr\u00e1ci s Akademi\u00ed v\u011bd uskute\u010dn\u00ed 10.-11.11. ve Skautsk\u00e9m institutu v Praze.<\/p>\n\n\n\n<p><br \/>\u201eEvropsk\u00fd klimatick\u00fd pakt nab\u00edz\u00ed mo\u017enost aktivn\u00edho zapojen\u00ed do \u0159e\u0161en\u00ed klimatick\u00e9 krize. Nal\u00e9hav\u00e1<br \/>geopolitick\u00e1 situace odsouv\u00e1 klimatick\u00e9 t\u00e9ma na vedlej\u0161\u00ed kolej, ale jeho dopady nep\u0159estanou s\u00edlit a<br \/>ohro\u017eovat na\u0161e bezpe\u010d\u00ed, zdrav\u00ed a zp\u016fsob \u017eivota tak, jak ho zn\u00e1me. Proto je z\u00e1sadn\u00ed, aby na to<br \/>nezapom\u00ednali politici ani ve\u0159ejnost \u2013 a pr\u00e1v\u011b ambasadorky a ambasado\u0159i paktu v tom mohou sehr\u00e1t<br \/>kl\u00ed\u010dovou roli,\u201c uzav\u00edr\u00e1 Stanislava Tomkov\u00e1, projektov\u00e1 mana\u017eerka organizace Na mysli, kter\u00e1 v \u010cR<br \/>aktivity Evropsk\u00e9ho klimatick\u00e9ho paktu koordinuje<\/p>\n\n\n\n<p><br \/>O Evropsk\u00e9m klimatick\u00e9m paktu<br \/>Evropsk\u00fd klimatick\u00fd pakt je platforma jej\u00ed\u017e c\u00edlem je budovat udr\u017eiteln\u011bj\u0161\u00ed Evropu. Skrze mo\u017enost<br \/>ambasadorstv\u00ed nab\u00edz\u00ed lidem nap\u0159\u00ed\u010d obory a evropsk\u00fdmi zem\u011bmi mo\u017enost propojit se a pod\u00edlet se na<br \/>akc\u00edch zam\u011b\u0159en\u00fdch na klimatick\u00e9 ot\u00e1zky s \u0161ir\u0161\u00edm spole\u010densk\u00fdm dopadem. Platforma z\u00e1rove\u0148 otev\u00edr\u00e1<br \/>cestu k nov\u00fdm kontakt\u016fm, cenn\u00fdm zdroj\u016fm informac\u00ed a p\u0159\u00edle\u017eitostem pro budouc\u00ed spolupr\u00e1ci.<\/p>\n\n\n\n<ol start=\"23\" class=\"wp-block-list\"><\/ol>\n","protected":false},"excerpt":{"rendered":"<div class=\"mh-excerpt\"><p>Evropsk\u00fd klimatick\u00fd pakt po roce op\u011bt nab\u00edz\u00ed p\u0159\u00edle\u017eitost k zapojen\u00ed se doambasadorsk\u00e9ho programu. P\u0159ihl\u00e1sit se m\u016f\u017ee ka\u017ed\u00fd, kdo chce aktivn\u011b p\u0159isp\u011bt k ochran\u011b klimatu ast\u00e1t <a class=\"mh-excerpt-more\" href=\"https:\/\/www.invarena.cz\/?p=60895\" title=\"Evropsk\u00fd klimatick\u00fd pakt otev\u00edr\u00e1 nov\u00fd ro\u010dn\u00edk presti\u017en\u00edho ambasadorsk\u00e9ho programu\">[&#8230;]<\/a><\/p>\n<\/div>","protected":false},"author":1,"featured_media":60896,"comment_status":"open","ping_status":"closed","sticky":false,"template":"","format":"standard","meta":{"footnotes":""},"categories":[9],"tags":[],"class_list":["post-60895","post","type-post","status-publish","format-standard","has-post-thumbnail","hentry","category-zpravy"],"_links":{"self":[{"href":"https:\/\/www.invarena.cz\/index.php?rest_route=\/wp\/v2\/posts\/60895","targetHints":{"allow":["GET"]}}],"collection":[{"href":"https:\/\/www.invarena.cz\/index.php?rest_route=\/wp\/v2\/posts"}],"about":[{"href":"https:\/\/www.invarena.cz\/index.php?rest_route=\/wp\/v2\/types\/post"}],"author":[{"embeddable":true,"href":"https:\/\/www.invarena.cz\/index.php?rest_route=\/wp\/v2\/users\/1"}],"replies":[{"embeddable":true,"href":"https:\/\/www.invarena.cz\/index.php?rest_route=%2Fwp%2Fv2%2Fcomments&post=60895"}],"version-history":[{"count":0,"href":"https:\/\/www.invarena.cz\/index.php?rest_route=\/wp\/v2\/posts\/60895\/revisions"}],"wp:featuredmedia":[{"embeddable":true,"href":"https:\/\/www.invarena.cz\/index.php?rest_route=\/wp\/v2\/media\/60896"}],"wp:attachment":[{"href":"https:\/\/www.invarena.cz\/index.php?rest_route=%2Fwp%2Fv2%2Fmedia&parent=60895"}],"wp:term":[{"taxonomy":"category","embeddable":true,"href":"https:\/\/www.invarena.cz\/index.php?rest_route=%2Fwp%2Fv2%2Fcategories&post=60895"},{"taxonomy":"post_tag","embeddable":true,"href":"https:\/\/www.invarena.cz\/index.php?rest_route=%2Fwp%2Fv2%2Ftags&post=60895"}],"curies":[{"name":"wp","href":"https:\/\/api.w.org\/{rel}","templated":true}]}}