{"id":60899,"date":"2025-09-26T23:14:30","date_gmt":"2025-09-26T21:14:30","guid":{"rendered":"https:\/\/www.invarena.cz\/?p=60899"},"modified":"2025-09-26T23:14:31","modified_gmt":"2025-09-26T21:14:31","slug":"specialni-skola-v-michli-diky-rekonstrukci-navysila-kapacitu-o-24-mist","status":"publish","type":"post","link":"https:\/\/www.invarena.cz\/?p=60899","title":{"rendered":"Speci\u00e1ln\u00ed \u0161kola v Michli d\u00edky rekonstrukci nav\u00fd\u0161ila kapacitu o 24 m\u00edst"},"content":{"rendered":"\n<p>Speci\u00e1ln\u00ed \u0161kola V Z\u00e1pol\u00ed Diakonie \u010ceskobratrsk\u00e9 c\u00edrkve evangelick\u00e9 (\u010cCE) v pra\u017esk\u00e9 Michli d\u00edky rekonstrukci nav\u00fd\u0161ila kapacitu o 24 d\u011bt\u00ed, otev\u0159ela tak\u00e9 intern\u00e1t pro \u0161est d\u011bt\u00ed. Nov\u011b \u0161kola pro d\u011bti se st\u0159edn\u00edm a t\u011b\u017ek\u00fdm ment\u00e1ln\u00edm nebo kombinovan\u00fdm posti\u017een\u00edm a s t\u011b\u017e\u0161\u00edmi formami autismu poskytuje vzd\u011bl\u00e1n\u00ed pro 105 \u017e\u00e1k\u016f. \u0160kolu v p\u00e1tek slavnostn\u011b otev\u0159eli z\u00e1stupci Diakonie \u010cCE se z\u00e1stupci \u0161koly. Kapacita speci\u00e1ln\u00edch \u0161kol je v Praze dlouhodob\u011b nedostate\u010dn\u00e1.<\/p>\n\n\n\n<p>Cel\u00fd \u010dl\u00e1nek naleznete v Pra\u017esk\u00e9m Patriotu: <a href=\"https:\/\/www.prazskypatriot.cz\/specialni-skola-v-michli-diky-rekonstrukci-navysila-kapacitu-o-24-mist\/\" target=\"_blank\" rel=\"noreferrer noopener\">https:\/\/www.prazskypatriot.cz\/specialni-skola-v-michli-diky-rekonstrukci-navysila-kapacitu-o-24-mist\/<\/a><\/p>\n","protected":false},"excerpt":{"rendered":"<div class=\"mh-excerpt\"><p>Speci\u00e1ln\u00ed \u0161kola V Z\u00e1pol\u00ed Diakonie \u010ceskobratrsk\u00e9 c\u00edrkve evangelick\u00e9 (\u010cCE) v pra\u017esk\u00e9 Michli d\u00edky rekonstrukci nav\u00fd\u0161ila kapacitu o 24 d\u011bt\u00ed, otev\u0159ela tak\u00e9 intern\u00e1t pro \u0161est d\u011bt\u00ed. <a class=\"mh-excerpt-more\" href=\"https:\/\/www.invarena.cz\/?p=60899\" title=\"Speci\u00e1ln\u00ed \u0161kola v Michli d\u00edky rekonstrukci nav\u00fd\u0161ila kapacitu o 24 m\u00edst\">[&#8230;]<\/a><\/p>\n<\/div>","protected":false},"author":1,"featured_media":1827,"comment_status":"open","ping_status":"closed","sticky":false,"template":"","format":"standard","meta":{"footnotes":""},"categories":[9],"tags":[],"class_list":["post-60899","post","type-post","status-publish","format-standard","has-post-thumbnail","hentry","category-zpravy"],"_links":{"self":[{"href":"https:\/\/www.invarena.cz\/index.php?rest_route=\/wp\/v2\/posts\/60899","targetHints":{"allow":["GET"]}}],"collection":[{"href":"https:\/\/www.invarena.cz\/index.php?rest_route=\/wp\/v2\/posts"}],"about":[{"href":"https:\/\/www.invarena.cz\/index.php?rest_route=\/wp\/v2\/types\/post"}],"author":[{"embeddable":true,"href":"https:\/\/www.invarena.cz\/index.php?rest_route=\/wp\/v2\/users\/1"}],"replies":[{"embeddable":true,"href":"https:\/\/www.invarena.cz\/index.php?rest_route=%2Fwp%2Fv2%2Fcomments&post=60899"}],"version-history":[{"count":0,"href":"https:\/\/www.invarena.cz\/index.php?rest_route=\/wp\/v2\/posts\/60899\/revisions"}],"wp:featuredmedia":[{"embeddable":true,"href":"https:\/\/www.invarena.cz\/index.php?rest_route=\/wp\/v2\/media\/1827"}],"wp:attachment":[{"href":"https:\/\/www.invarena.cz\/index.php?rest_route=%2Fwp%2Fv2%2Fmedia&parent=60899"}],"wp:term":[{"taxonomy":"category","embeddable":true,"href":"https:\/\/www.invarena.cz\/index.php?rest_route=%2Fwp%2Fv2%2Fcategories&post=60899"},{"taxonomy":"post_tag","embeddable":true,"href":"https:\/\/www.invarena.cz\/index.php?rest_route=%2Fwp%2Fv2%2Ftags&post=60899"}],"curies":[{"name":"wp","href":"https:\/\/api.w.org\/{rel}","templated":true}]}}