{"id":60905,"date":"2025-09-26T23:23:19","date_gmt":"2025-09-26T21:23:19","guid":{"rendered":"https:\/\/www.invarena.cz\/?p=60905"},"modified":"2025-09-26T23:23:20","modified_gmt":"2025-09-26T21:23:20","slug":"zpet-do-aktivniho-zivota-handicapovanym-pomaha-pararestart","status":"publish","type":"post","link":"https:\/\/www.invarena.cz\/?p=60905","title":{"rendered":"Zp\u011bt do aktivn\u00edho \u017eivota: Handicapovan\u00fdm pom\u00e1h\u00e1 ParaRestart"},"content":{"rendered":"\n<p>Jak se vr\u00e1tit s handicapem zp\u011bt k aktivn\u00edmu \u017eivotu? Lidem v obt\u00ed\u017en\u00e9m obdob\u00ed s t\u00edm pom\u00e1h\u00e1 projekt ParaRestart. V \u010cesku \u017eije t\u00e9m\u011b\u0159 13 % obyvatel s n\u011bjak\u00fdm typem handicapu. Program se zam\u011b\u0159uje jak na lidi na voz\u00edku \u010di po \u00farazu, tak i na ty, kte\u0159\u00ed se musej\u00ed vyrovnat s nov\u011b vznikl\u00fdm zdravotn\u00edm omezen\u00edm. Mezi ty, kte\u0159\u00ed se p\u0159es slo\u017eitou situaci \u00fasp\u011b\u0161n\u011b vr\u00e1tili zp\u011bt ke sportu, pat\u0159\u00ed nap\u0159\u00edklad plavkyn\u011b Ag\u00e1ta Koupilov\u00e1.<\/p>\n\n\n\n<p>V \u010cesk\u00e9 republice \u017eije t\u00e9m\u011b\u0159 13 % obyvatel s n\u011bjak\u00fdm typem handicapu, kter\u00fd je dlouhodob\u011b omezuje v b\u011b\u017en\u00e9m \u017eivot\u011b. Ka\u017ed\u00fd rok k nim p\u0159ib\u00fdv\u00e1 zhruba 200 lid\u00ed, kte\u0159\u00ed n\u00e1sledkem \u00farazu \u010di nemoci p\u0159ijdou o kon\u010detinu nebo se ocitnou na invalidn\u00edm voz\u00edku.<\/p>\n\n\n\n<p>Vypl\u00fdv\u00e1 to z poznatk\u016f projektu ParaRestart, kter\u00fd vznikl ve spolupr\u00e1ci \u010cesk\u00e9ho paralympijsk\u00e9ho v\u00fdboru (\u010cPV) a spole\u010dnosti Sazka. Jeho c\u00edlem je p\u0159ibl\u00ed\u017eit sport klient\u016fm rehabilita\u010dn\u00edch center, a to nejen t\u011bm na voz\u00edku nebo po \u00farazech, ale komukoli, kdo se mus\u00ed vyrovnat s nov\u011b vznikl\u00fdm handicapem.<\/p>\n\n\n\n<p>Pod\u00edvejte se na report\u00e1\u017e o plav\u00e1n\u00ed s projektem ParaRestart: <a href=\"https:\/\/youtu.be\/uFwHwtM1jj8?list=TLGGp6Uk907qThMyNjA5MjAyNQ\" target=\"_blank\" rel=\"noreferrer noopener\">https:\/\/youtu.be\/uFwHwtM1jj8?list=TLGGp6Uk907qThMyNjA5MjAyNQ<\/a><\/p>\n\n\n\n<p>\u201eS\u00e1m v\u00edm, jak d\u016fle\u017eitou roli m\u016f\u017ee hr\u00e1t sport, kdy\u017e se v\u00e1m \u017eivot oto\u010d\u00ed vzh\u016fru nohama. Pom\u00e1h\u00e1 nejen po fyzick\u00e9 str\u00e1nce, ale p\u0159edev\u0161\u00edm po t\u00e9 psychick\u00e9, zvy\u0161uje v\u00e1m sebev\u011bdom\u00ed a umo\u017en\u00ed v\u00e1m vr\u00e1tit se do kolektivu,\u201c \u0159ekl p\u0159edseda \u010cPV Zbyn\u011bk S\u00fdkora.<\/p>\n\n\n\n<p>Mezi ty, kte\u0159\u00ed navzdory sv\u00e9 situaci se zdrav\u00edm \u017eij\u00ed aktivn\u00ed sportovn\u00ed \u017eivot, pat\u0159\u00ed nap\u0159\u00edklad plavkyn\u011b Ag\u00e1ta Koupilov\u00e1. Ta se sice projektu p\u0159\u00edmo ne\u00fa\u010dastn\u00ed, ale pat\u0159\u00ed mezi skupinu lid\u00ed, j\u00ed\u017e ParaRestart b\u011b\u017en\u011b pom\u00e1h\u00e1.<\/p>\n\n\n\n<p>St\u0159\u00edbro z mistrovstv\u00ed sv\u011bta<\/p>\n\n\n\n<p>P\u011btadvacetilet\u00e1 studentka pr\u00e1v z Brna se narodila p\u0159ed\u010dasn\u011b a byla j\u00ed diagnostikov\u00e1na d\u011btsk\u00e1 mozkov\u00e1 obrna. V dosp\u00edv\u00e1n\u00ed se jej\u00ed stav zkomplikoval polyneuropati\u00ed, Ag\u00e1ta skon\u010dila na voz\u00edku a sport se pro ni stal cestou, jak se s obt\u00ed\u017eemi vyrovnat. Nyn\u00ed tr\u00e9nuje osmkr\u00e1t t\u00fddn\u011b v baz\u00e9nu a jednou t\u00fddn\u011b v posilovn\u011b. \u017divotn\u00edho \u00fasp\u011bchu dos\u00e1hla na leto\u0161n\u00edm mistrovstv\u00ed sv\u011bta v Singapuru, kde v prvn\u00edm z\u00e1vod\u011b na 50 metr\u016f voln\u00fdm zp\u016fsobem vybojovala st\u0159\u00edbro.<\/p>\n\n\n\n<p>Na mistrovstv\u00ed sv\u011bta v roce 2023 vybojovala bronz na 200 metr\u016f voln\u00fdm zp\u016fsobem a na mistrovstv\u00ed Evropy v roce 2024 z\u00edskala t\u0159i bronzov\u00e9 medaile. Loni debutovala na paralympijsk\u00fdch hr\u00e1ch v Pa\u0159\u00ed\u017ei, kde se probojovala do dvou fin\u00e1lov\u00fdch z\u00e1vod\u016f.<\/p>\n\n\n\n<p>Projekt ParaRestart pom\u00e1h\u00e1 handicapovan\u00fdm p\u0159i financov\u00e1n\u00ed specifick\u00fdch podm\u00ednek a vybaven\u00ed pot\u0159ebn\u00e9ho pro sport. Z\u00e1rove\u0148 p\u0159edstavuje prvn\u00ed systematickou snahu vyhled\u00e1vat budouc\u00ed paralympijsk\u00e9 sportovce.<\/p>\n\n\n\n<p>Organiz\u00e1to\u0159i upozor\u0148uj\u00ed, \u017ee nejde pouze o v\u00fdkonnostn\u00ed sport, ale p\u0159edev\u0161\u00edm o zp\u016fsob, jak se prost\u0159ednictv\u00edm pohybu vyrovnat s n\u00e1ro\u010dn\u00fdm obdob\u00edm a vr\u00e1tit se k aktivn\u00edmu zp\u016fsobu \u017eivota.<\/p>\n\n\n\n<p>Sport by m\u011bl b\u00fdt p\u0159\u00edstupn\u00fd ka\u017ed\u00e9mu<\/p>\n\n\n\n<p>\u201eSport by m\u011bl b\u00fdt p\u0159\u00edstupn\u00fd ka\u017ed\u00e9mu bez ohledu na zdravotn\u00ed stav nebo \u017eivotn\u00ed okolnosti. Proto jsme ve spolupr\u00e1ci s \u010cesk\u00fdm paralympijsk\u00fdm v\u00fdborem spustili program ParaRestart,\u201c \u0159ekla Dominika N\u011bmcov\u00e1, mana\u017eerka Sponzoringu a CSR ve spole\u010dnosti Sazka.<\/p>\n\n\n\n<p>\u201eD\u00e1v\u00e1 n\u00e1m velk\u00fd smysl vytv\u00e1\u0159et p\u0159\u00edle\u017eitosti, kter\u00e9 lidem po \u00farazu pom\u00e1haj\u00ed znovu objevit radost z pohybu a pocit, \u017ee na to nejsou sami,\u201c dodala.<\/p>\n\n\n\n<p>Ji\u0159\u00ed \u0160traub<\/p>\n\n\n\n<p>Den\u00edk.cz<\/p>\n\n\n\n<p><a href=\"https:\/\/www.denik.cz\" target=\"_blank\" rel=\"noreferrer noopener\">https:\/\/www.denik.cz<\/a><\/p>\n","protected":false},"excerpt":{"rendered":"<div class=\"mh-excerpt\"><p>Jak se vr\u00e1tit s handicapem zp\u011bt k aktivn\u00edmu \u017eivotu? Lidem v obt\u00ed\u017en\u00e9m obdob\u00ed s t\u00edm pom\u00e1h\u00e1 projekt ParaRestart. V \u010cesku \u017eije t\u00e9m\u011b\u0159 13 % obyvatel <a class=\"mh-excerpt-more\" href=\"https:\/\/www.invarena.cz\/?p=60905\" title=\"Zp\u011bt do aktivn\u00edho \u017eivota: Handicapovan\u00fdm pom\u00e1h\u00e1 ParaRestart\">[&#8230;]<\/a><\/p>\n<\/div>","protected":false},"author":1,"featured_media":853,"comment_status":"open","ping_status":"closed","sticky":false,"template":"","format":"standard","meta":{"footnotes":""},"categories":[9],"tags":[],"class_list":["post-60905","post","type-post","status-publish","format-standard","has-post-thumbnail","hentry","category-zpravy"],"_links":{"self":[{"href":"https:\/\/www.invarena.cz\/index.php?rest_route=\/wp\/v2\/posts\/60905","targetHints":{"allow":["GET"]}}],"collection":[{"href":"https:\/\/www.invarena.cz\/index.php?rest_route=\/wp\/v2\/posts"}],"about":[{"href":"https:\/\/www.invarena.cz\/index.php?rest_route=\/wp\/v2\/types\/post"}],"author":[{"embeddable":true,"href":"https:\/\/www.invarena.cz\/index.php?rest_route=\/wp\/v2\/users\/1"}],"replies":[{"embeddable":true,"href":"https:\/\/www.invarena.cz\/index.php?rest_route=%2Fwp%2Fv2%2Fcomments&post=60905"}],"version-history":[{"count":0,"href":"https:\/\/www.invarena.cz\/index.php?rest_route=\/wp\/v2\/posts\/60905\/revisions"}],"wp:featuredmedia":[{"embeddable":true,"href":"https:\/\/www.invarena.cz\/index.php?rest_route=\/wp\/v2\/media\/853"}],"wp:attachment":[{"href":"https:\/\/www.invarena.cz\/index.php?rest_route=%2Fwp%2Fv2%2Fmedia&parent=60905"}],"wp:term":[{"taxonomy":"category","embeddable":true,"href":"https:\/\/www.invarena.cz\/index.php?rest_route=%2Fwp%2Fv2%2Fcategories&post=60905"},{"taxonomy":"post_tag","embeddable":true,"href":"https:\/\/www.invarena.cz\/index.php?rest_route=%2Fwp%2Fv2%2Ftags&post=60905"}],"curies":[{"name":"wp","href":"https:\/\/api.w.org\/{rel}","templated":true}]}}