{"id":60911,"date":"2025-09-26T23:34:25","date_gmt":"2025-09-26T21:34:25","guid":{"rendered":"https:\/\/www.invarena.cz\/?p=60911"},"modified":"2025-09-26T23:34:25","modified_gmt":"2025-09-26T21:34:25","slug":"charitak-v-klatovech-byl-rekordni-trem-rodinam-rozdeli-pres-tri-sta-tisic","status":"publish","type":"post","link":"https:\/\/www.invarena.cz\/?p=60911","title":{"rendered":"Chari\u0165\u00e1k v Klatovech byl rekordn\u00ed, t\u0159em rodin\u00e1m rozd\u011bl\u00ed p\u0159es t\u0159i sta tis\u00edc"},"content":{"rendered":"\n<p>Rekordn\u00ed \u010d\u00e1stka se poda\u0159ila vybrat pomoc\u00ed sb\u00edrek i Chari\u0165\u00e1ku pro t\u0159i rodiny s posti\u017een\u00fdmi d\u011btmi, a to \u00fa\u017easn\u00fdch 308 499 K\u010d.<\/p>\n\n\n\n<p>Stovky tis\u00edc pomohou t\u0159em rodin\u00e1m v nelehk\u00e9 \u017eivotn\u00ed situaci. Pomohou Sofince z Bl\u00ed\u017eejova, kter\u00e1 m\u00e1 od narozen\u00ed po\u0161kozenou m\u00edchu, Mart\u00ednkovi ze \u0160vihova, kter\u00fd m\u00e1 d\u011btskou mozkovou obrnu a epilepsii, a Am\u00e1lce z Javo\u0159\u00ed, kter\u00e1 m\u00e1 d\u011btskou mozkovou obrnu. \u201eVybran\u00e9 pen\u00edze jsou ur\u010den\u00e9 na pokryt\u00ed n\u00e1klad\u016f na jejich fyzioterapie, rehabilita\u010dn\u00ed pobyty, ergoterapie a na zdravotn\u00ed pom\u016fcky,&#8220; uvedl za po\u0159adatelsk\u00fd Spolek klatovsk\u00fdch vina\u0159\u016f Ji\u0159\u00ed Zav\u0159el.<\/p>\n\n\n\n<p>V\u011bt\u0161ina pen\u011bz se vybrala pomoc\u00ed online ve\u0159ejn\u00fdch sb\u00edrek, \u010d\u00e1stka 61 253 K\u010d byla pak vybr\u00e1na do zape\u010det\u011bn\u00fdch kasi\u010dek na Chari\u0165\u00e1ku, kter\u00fd se konal 13. z\u00e1\u0159\u00ed v Klatovech na Kolon\u00e1d\u011b.<\/p>\n\n\n\n<p>\u201eR\u00e1d bych pod\u011bkoval v\u0161em, kte\u0159\u00ed se na Chari\u0165\u00e1ku aktivn\u011b pod\u00edleli, zejm\u00e9na Jirkovi \u017dabkovi, ale i v\u0161em dal\u0161\u00edm partner\u016fm, podporovatel\u016fm a kapel\u00e1m. Spole\u010dn\u011b jsme dok\u00e1zali nemo\u017en\u00e9, vybrala se neuv\u011b\u0159iteln\u00e1 \u010d\u00e1stka, kter\u00e1 pom\u016f\u017ee tam, kde je pot\u0159eba,&#8220; \u0159ekl Zav\u0159el.<\/p>\n\n\n\n<p>U\u017e nyn\u00ed za\u010d\u00ednaj\u00ed p\u0159\u00edpravy na Chari\u0165\u00e1k 2026. V p\u0159\u00edpad\u011b, \u017ee byste v\u011bd\u011bli o n\u011bkom, kdo se nach\u00e1z\u00ed v podobn\u00fdch nelehk\u00fdch situac\u00edch, budeme r\u00e1di za doporu\u010den\u00ed, kter\u00e9 m\u016f\u017eete zas\u00edlat na: <a href=\"mailto:jirizavrel@email.cz\" target=\"_blank\" rel=\"noreferrer noopener\">jirizavrel@email.cz<\/a>.<\/p>\n\n\n\n<p>Daniela Loudov\u00e1<\/p>\n\n\n\n<p>Klatovsk\u00fd den\u00edk<\/p>\n\n\n\n<p><a href=\"https:\/\/klatovsky.denik.cz\" target=\"_blank\" rel=\"noreferrer noopener\">https:\/\/klatovsky.denik.cz<\/a><\/p>\n","protected":false},"excerpt":{"rendered":"<div class=\"mh-excerpt\"><p>Rekordn\u00ed \u010d\u00e1stka se poda\u0159ila vybrat pomoc\u00ed sb\u00edrek i Chari\u0165\u00e1ku pro t\u0159i rodiny s posti\u017een\u00fdmi d\u011btmi, a to \u00fa\u017easn\u00fdch 308 499 K\u010d. Stovky tis\u00edc pomohou t\u0159em <a class=\"mh-excerpt-more\" href=\"https:\/\/www.invarena.cz\/?p=60911\" title=\"Chari\u0165\u00e1k v Klatovech byl rekordn\u00ed, t\u0159em rodin\u00e1m rozd\u011bl\u00ed p\u0159es t\u0159i sta tis\u00edc\">[&#8230;]<\/a><\/p>\n<\/div>","protected":false},"author":1,"featured_media":19889,"comment_status":"open","ping_status":"closed","sticky":false,"template":"","format":"standard","meta":{"footnotes":""},"categories":[9],"tags":[],"class_list":["post-60911","post","type-post","status-publish","format-standard","has-post-thumbnail","hentry","category-zpravy"],"_links":{"self":[{"href":"https:\/\/www.invarena.cz\/index.php?rest_route=\/wp\/v2\/posts\/60911","targetHints":{"allow":["GET"]}}],"collection":[{"href":"https:\/\/www.invarena.cz\/index.php?rest_route=\/wp\/v2\/posts"}],"about":[{"href":"https:\/\/www.invarena.cz\/index.php?rest_route=\/wp\/v2\/types\/post"}],"author":[{"embeddable":true,"href":"https:\/\/www.invarena.cz\/index.php?rest_route=\/wp\/v2\/users\/1"}],"replies":[{"embeddable":true,"href":"https:\/\/www.invarena.cz\/index.php?rest_route=%2Fwp%2Fv2%2Fcomments&post=60911"}],"version-history":[{"count":0,"href":"https:\/\/www.invarena.cz\/index.php?rest_route=\/wp\/v2\/posts\/60911\/revisions"}],"wp:featuredmedia":[{"embeddable":true,"href":"https:\/\/www.invarena.cz\/index.php?rest_route=\/wp\/v2\/media\/19889"}],"wp:attachment":[{"href":"https:\/\/www.invarena.cz\/index.php?rest_route=%2Fwp%2Fv2%2Fmedia&parent=60911"}],"wp:term":[{"taxonomy":"category","embeddable":true,"href":"https:\/\/www.invarena.cz\/index.php?rest_route=%2Fwp%2Fv2%2Fcategories&post=60911"},{"taxonomy":"post_tag","embeddable":true,"href":"https:\/\/www.invarena.cz\/index.php?rest_route=%2Fwp%2Fv2%2Ftags&post=60911"}],"curies":[{"name":"wp","href":"https:\/\/api.w.org\/{rel}","templated":true}]}}