{"id":60928,"date":"2025-09-29T12:02:44","date_gmt":"2025-09-29T10:02:44","guid":{"rendered":"https:\/\/www.invarena.cz\/?p=60928"},"modified":"2025-09-29T12:02:44","modified_gmt":"2025-09-29T10:02:44","slug":"centralni-evidence-psu-zacne-pristi-rok-od-poplatku-jsou-osvobozeni-nevidomi","status":"publish","type":"post","link":"https:\/\/www.invarena.cz\/?p=60928","title":{"rendered":"Centr\u00e1ln\u00ed evidence ps\u016f za\u010dne p\u0159\u00ed\u0161t\u00ed rok. Od poplatk\u016f jsou osvobozeni nevidom\u00ed"},"content":{"rendered":"\n<p>\u010cT 1<\/p>\n\n\n\n<p>Centr\u00e1ln\u00ed evidence ps\u016f by mohla za\u010d\u00edt fungovat p\u0159\u00ed\u0161t\u00ed rok v l\u00e9t\u011b. Uvedla to komora veterin\u00e1rn\u00edch l\u00e9ka\u0159\u016f. Na jej\u00ed spu\u0161t\u011bn\u00ed se \u010dek\u00e1 u\u017e roky. <\/p>\n\n\n\n<p>V\u00fdvoj, po\u0159\u00edzen\u00ed a provoz na \u010dty\u0159i roky vyjdou st\u00e1tn\u00ed rozpo\u010det na 24 000 000 K\u010d. Kolik bude platit majitel za registraci u veterin\u00e1\u0159e, bude z\u00e1le\u017eet na konkr\u00e9tn\u00ed ordinaci. Evidence m\u00e1 usnadnit hled\u00e1n\u00ed ztracen\u00fdch ps\u016f a taky p\u0159isp\u011bt v boji proti mno\u017e\u00edrn\u00e1m. <\/p>\n\n\n\n<p> Odchytov\u00e1 slu\u017eba pra\u017esk\u00e9 M\u011bstsk\u00e9 policie. Od za\u010d\u00e1tku roku polapila p\u0159es 500 ps\u016f a t\u00e9m\u011b\u0159 600 ko\u010dek. D\u0159\u00edve zaji\u0161\u0165ovala v\u00edce zatoulan\u00fdch zv\u00ed\u0159at. <\/p>\n\n\n\n<p><strong>Radek Bogdan, z\u00e1stupce vedouc\u00edho, \u00datulek a odchytov\u00e1 slu\u017eba M\u011bstsk\u00e9 policie hl. m. Prahy, Doln\u00ed M\u011bcholupy<\/strong> Odchytov\u00e9 ty\u010de, h\u00e1ky. Voz\u00edme 90 druh\u016f zv\u00ed\u0159at a z toho b\u00fdvaj\u00ed \u010dipovan\u00fd p\u0159ev\u00e1\u017en\u011b psi a sem tam n\u011bjak\u00e1 ko\u010dka. <\/p>\n\n\n\n<p><strong>Jitka Fialkov\u00e1, redaktorka \u010cT<\/strong> \u010cipy ale \u010dasto nejsou veden\u00e9 v \u017e\u00e1dn\u00e9 datab\u00e1zi. Dohledat, komu zv\u00ed\u0159e pat\u0159\u00ed, je proto komplikovan\u00e9. V tuzemsku je podle veterin\u00e1\u0159\u016f asi 2,5 milionu ps\u016f.<\/p>\n\n\n\n<p> <strong>Radek Bogdan, z\u00e1stupce vedouc\u00edho, \u00datulek a odchytov\u00e1 slu\u017eba M\u011bstsk\u00e9 policie hl. m. Prahy, Doln\u00ed M\u011bcholupy<\/strong> Ne\u017e projdete v\u0161echny dostupn\u00fd soukrom\u00fd registr, tak to chvilku trv\u00e1, kdyby byl jednotn\u00fd p\u0159\u00edstup pro n\u00e1s rychleji, tak toto u\u0161et\u0159\u00ed \u010d\u00e1st, \u017ee jo, n\u011bkter\u00fdm majitel\u016fm to mohlo u\u0161et\u0159it ti pen\u00edze.<\/p>\n\n\n\n<p><strong>Jitka Fialkov\u00e1, redaktorka \u010cT<\/strong> Majitel\u00e9 ps\u016f maj\u00ed ze z\u00e1kona povinnost nechat zv\u00ed\u0159e o\u010dipovat, v opa\u010dn\u00e9m p\u0159\u00edpad\u011b jim hroz\u00ed pokuta a\u017e 50 000 K\u010d, zat\u00edm ale nemusej\u00ed nechat zv\u00ed\u0159e zaevidovat do \u017e\u00e1dn\u00e9ho z registr\u016f.<\/p>\n\n\n\n<p> <strong>Irena Seifertov\u00e1, mluv\u010d\u00ed, M\u011bstsk\u00e1 policie hlavn\u00edho m\u011bsta Prahy<\/strong> Bych doporu\u010dila majitel\u016fm ps\u016f, aby vyu\u017eili jednoho z 12 komer\u010dn\u00edch registr\u016f a sv\u00e9ho psa tam zaevidovali. Z\u00e1rove\u0148 bych apelovala na to, aby pr\u016fb\u011b\u017en\u011b aktualizovali uveden\u00e9 \u00fadaje.<\/p>\n\n\n\n<p> <strong>Petra \u0160inov\u00e1, prezidentka Komory veterin\u00e1rn\u00edch l\u00e9ka\u0159\u016f \u010cR<\/strong> Kdo na to nemysl\u00ed, jsou lid\u00e9, kte\u0159\u00ed si kupuj\u00ed \u0161t\u011b\u0148ata, kter\u00e9 nejsou o\u010dipovan\u00e9, kupuj\u00ed si je na benz\u00ednk\u00e1ch, kupuj\u00ed si je bez doklad\u016f a bez \u010dip\u016f a o\u010dkov\u00e1n\u00ed. M\u00e1lokdo si uv\u011bdomuje, \u017ee podporuje jakousi \u0161edou ekonomiku. <\/p>\n\n\n\n<p><strong>Jitka Fialkov\u00e1, redaktorka \u010cT<\/strong> Zm\u011bnu m\u00e1 p\u0159in\u00e9st st\u00e1tn\u00ed evidence. Veterin\u00e1\u0159 zaznamen\u00e1 identifika\u010dn\u00ed \u00fadaje psa, pohlav\u00ed, p\u0159\u00edpadn\u011b \u010d\u00edslo pasu, d\u00e1le jm\u00e9no a adresu chovatele a \u00fadaje o o\u010dkov\u00e1n\u00ed proti vzteklin\u011b. Povinn\u00e9 nebude uv\u00e9st jm\u00e9no psa.<\/p>\n\n\n\n<p> <strong>Petra \u0160inov\u00e1, prezidentka Komory veterin\u00e1rn\u00edch l\u00e9ka\u0159\u016f \u010cR<\/strong> T\u00edm, \u017ee se bude jednat o st\u00e1tn\u00ed registr a ten bude napojen\u00fd a propojen\u00fd se syst\u00e9mem autentiza\u010dn\u00edm pro \u00fa\u0159edn\u00edky, tak vlastn\u011b o co si ten dan\u00fd \u00fa\u0159ad po\u017e\u00e1d\u00e1, tak to uvid\u00ed, nebude mo\u017en\u00e9 tyto \u00fadaje upravovat ze strany t\u011bchto org\u00e1n\u016f.<\/p>\n\n\n\n<p><strong>redaktorka \u010cT<\/strong> Chovatel bude m\u00edt p\u0159\u00edstup jen k vlastn\u00edm \u00fadaj\u016fm, a naopak bude m\u00edt mo\u017enost upravovat sv\u00e9 telefonn\u00ed \u010d\u00edslo. Dobrovoln\u011b bude moci zadat e-mail. <\/p>\n\n\n\n<p><strong>Michal Kubal, moder\u00e1tor \u010cT<\/strong> Z\u00e1kon o m\u00edstn\u00edch poplatc\u00edch stanovuje horn\u00ed hranici pro ro\u010dn\u00ed platbu za psa na 1 500 K\u010d. V t\u00e9to v\u00fd\u0161i ho m\u00e1 t\u0159eba Praha, Ostrava nebo Brno. Li\u0161it se m\u016f\u017ee v jednotliv\u00fdch m\u011bstsk\u00fdch \u010d\u00e1stech. <\/p>\n\n\n\n<p><strong>Barbora Krou\u017ekov\u00e1, moder\u00e1torka \u010cT<\/strong> Rozd\u00edl je tak\u00e9 v tom, jestli lid\u00e9 se psem \u017eij\u00ed v bytov\u00e9m nebo rodinn\u00e9m dom\u011b, tam b\u00fdv\u00e1 poplatek v\u00fdrazn\u011b ni\u017e\u0161\u00ed. Slevu maj\u00ed i majitel\u00e9 star\u0161\u00ed 65 let. V tom p\u0159\u00edpad\u011b je maxim\u00e1ln\u00ed sazba 200 K\u010d, a ta plat\u00ed t\u00e9m\u011b\u0159 v\u0161ude. T\u0159eba v Kladn\u011b je to ale 160 K\u010d za rok. <\/p>\n\n\n\n<p><strong>Michal Kubal, moder\u00e1tor \u010cT<\/strong> Poplatek musej\u00ed lid\u00e9 hradit za psa star\u0161\u00edho t\u0159i m\u011bs\u00edce. Splatn\u00fd je obvykle do konce b\u0159ezna. Osvobozeni jsou nevidom\u00ed nebo t\u011blesn\u011b posti\u017een\u00ed. Nap\u0159\u00edklad v Plzni ho nemusej\u00ed hradit lid\u00e9, kte\u0159\u00ed si vzali psa z \u00fatulku<\/p>\n\n\n\n<p>. <strong>Barbora Krou\u017ekov\u00e1, moder\u00e1torka \u010cT<\/strong> Naopak ko\u010dka v dom\u00e1cnosti \u017e\u00e1dn\u00e9mu hl\u00e1\u0161en\u00ed ani povinn\u00e9 platb\u011b nepodl\u00e9h\u00e1, ko\u010dek lid\u00e9 v \u010cesku podle odhadu veterin\u00e1\u0159\u016f chovaj\u00ed zhruba 1,5 milionu. Centr\u00e1ln\u00ed evidence, kter\u00e1 te\u010f vznik\u00e1 pro psy, bude \u010dasem p\u0159ipravena na roz\u0161\u00ed\u0159en\u00ed tak\u00e9 o ko\u010dky.<\/p>\n\n\n\n<p><strong>moder\u00e1tor \u010cT<\/strong> Europoslanci p\u0159ed pr\u00e1zdninami schv\u00e1lili n\u00e1vrh, podle kter\u00e9ho by se \u010dipov\u00e1n\u00ed t\u00fdkal pr\u00e1v\u011b i n\u011bkter\u00fdch ko\u010dek. Kone\u010dnou podobu na\u0159\u00edzen\u00ed budou je\u0161t\u011b upravovat minist\u0159i \u010dlensk\u00fdch zem\u00ed. St\u00e1ty maj\u00ed taky vytvo\u0159it jednotnou datab\u00e1zi, kter\u00e1 by byla propojen\u00e1 s registry dal\u0161\u00edch unijn\u00edch zem\u00ed. <\/p>\n\n\n\n<p><strong>obyvatelka B\u0159eclavi<\/strong> R\u00e1no jste m\u011bli dojet, kdy\u017e je krmen\u00ed, te\u010f ony u\u017e jsou napapkan\u00e9. <\/p>\n\n\n\n<p><strong>Krist\u00fdna Posekan\u00e1, redaktorka \u010cT<\/strong> V k\u0159ov\u00ed pod auty i na ulici mezi bytovkami m\u011bsta na jihu Moravy \u0159e\u0161\u00ed probl\u00e9m s mal\u00fdmi p\u0159emno\u017een\u00fdmi \u0161elmami. <\/p>\n\n\n\n<p><strong>redaktor \u010cT<\/strong> Jestli ko\u010dk\u00e1m nos\u00edte n\u011bco k j\u00eddlu? <\/p>\n\n\n\n<p><strong>obyvatelka B\u0159eclavi<\/strong> Ne, ne, to nos\u00edvali, ale tam z druh\u00fd strany. <\/p>\n\n\n\n<p><strong>obyvatelka B\u0159eclavi<\/strong> Kdy\u017e chce m\u00edt n\u011bkdo ko\u010dky doma, a\u0165 je m\u00e1 doma, ale ty ko\u010dky jsou tu v\u0161ude. Chod\u00ed n\u00e1m pod okna, v\u0161ude, s prominut\u00edm, nechci \u0159\u00edct co, co a hrajou si s nimi d\u011bti.<\/p>\n\n\n\n<p><strong>Krist\u00fdna Posekan\u00e1, redaktorka \u010cT<\/strong> N\u011bkter\u00fdm m\u00edstn\u00edm se ale toulav\u00fdch ko\u010dek z\u017eelelo a se sousedy jim v parku ztloukly provizorn\u00ed p\u0159\u00edst\u0159e\u0161ky. <\/p>\n\n\n\n<p><strong>redaktor \u010cT<\/strong> M\u00edvaj\u00ed i ko\u0165\u00e1tka, nebo jsou vykastrovan\u00e9.<\/p>\n\n\n\n<p> <strong>obyvatelka B\u0159eclavi<\/strong> Jsou vykastrovan\u00e9. Ano, ony pr\u00e1v\u011b tady byla kontrola z m\u011bstsk\u00e9ho \u00fa\u0159adu, n\u011bkdo to tady nahl\u00e1sil, \u017ee to tady nesm\u00ed b\u00fdt. <\/p>\n\n\n\n<p><strong>redaktor \u010cT<\/strong> Zatoulan\u00e9 b\u0159eclavsk\u00e9 ko\u010dky kastruj\u00ed v m\u00edstn\u00edm \u00fatulku, pokud si chovatel\u00e9 cht\u011bj\u00ed nechat vykastrovat vlastn\u00ed ko\u010dku, m\u011bsto jim na to p\u0159isp\u011bje a\u017e 800 K\u010d. Od za\u010d\u00e1tku roku, kdy m\u011bsto za\u010dalo p\u0159\u00edsp\u011bvek poskytovat, ale zat\u00edm p\u0159i\u0161li jen \u010dty\u0159i chovatel\u00e9. <\/p>\n\n\n\n<p><strong>Krist\u00fdna Posekan\u00e1, redaktorka \u010cT<\/strong> Probl\u00e9m s toulav\u00fdmi ko\u010dkami maj\u00ed taky v Pardubic\u00edch. Tamn\u00ed \u00fatulek jich letos p\u0159ij\u00edm\u00e1 v\u00fdrazn\u011b v\u00edc ne\u017e v p\u0159edchoz\u00edch letech, hlavn\u011b ze zahr\u00e1dk\u00e1\u0159sk\u00fdch koloni\u00ed. I tam za\u010dnou na podzim odchycen\u00e1 zv\u00ed\u0159ata kastrovat.<\/p>\n\n\n\n<p> <strong>Pavel Antoch, str\u00e1\u017en\u00edk, MP Parsubice<\/strong> J\u00e1 bych v\u0161em t\u011bm majitel\u016fm, kter\u00fd ty ko\u010dky takhle voln\u011b vypou\u0161t\u011bj\u00ed, obzvl\u00e1\u0161\u0165 ve m\u011bst\u011b, doporu\u010duju, aby si je n\u011bjak\u00fdm zp\u016fsobem ozna\u010dili.<\/p>\n\n\n\n<p><strong>Krist\u00fdna Posekan\u00e1, redaktorka \u010cT<\/strong> Sta\u010d\u00ed zn\u00e1mka na obojku. Jist\u011bj\u0161\u00ed je ale \u010dipov\u00e1n\u00ed, to by mohlo b\u00fdt za dva roky pro n\u011bkter\u00e9 chovatele povinn\u00e9. N\u00e1vrh schv\u00e1lili europoslanci u\u017e v \u010dervnu. <\/p>\n\n\n\n<p><strong>Vojt\u011bch B\u00edl\u00fd, mluv\u010d\u00ed, Ministerstvo zem\u011bd\u011blstv\u00ed<\/strong> Cel\u00e9 to evropsk\u00e9 na\u0159\u00edzen\u00ed, kter\u00e9 zavede povinn\u00e9 \u010dipov\u00e1n\u00ed ko\u010dek, se t\u00fdk\u00e1 pouze komer\u010dn\u00edch chov\u016f, to znamen\u00e1, a\u0165 u\u017e jsou to chovatelsk\u00e9 stanice, a prim\u00e1rn\u011b c\u00edl\u00ed tedy na pot\u00edr\u00e1n\u00ed neleg\u00e1ln\u00edch mno\u017e\u00edren. <\/p>\n\n\n\n<p><strong>Petra Sob\u011bslavsk\u00e1, p\u0159edsedkyn\u011b Sdru\u017een\u00ed na ochranu zv\u00ed\u0159at v krajn\u00ed nouzi, Praha<\/strong> Za m\u011b a za na\u0161e ko\u010dky to nen\u00ed v\u016fbec \u017e\u00e1dn\u00fd dobr\u00fd n\u00e1pad, proto\u017ee n\u011bkter\u00e9 ko\u010dky se vypou\u0161t\u00ed zp\u00e1tky, n\u011bkter\u00e9 se d\u00e1vaj\u00ed nov\u00fdm majitel\u016fm. A na n\u00e1s by bylo, abychom v\u0161echny ko\u010dky hl\u00e1sili t\u011bm organizac\u00edm, kter\u00e9 d\u011blaj\u00ed ten registr t\u011bch ko\u010dek. <\/p>\n\n\n\n<p><strong>Krist\u00fdna Posekan\u00e1, redaktorka \u010cT<\/strong> Zv\u00ed\u0159ata by podle rezortu zem\u011bd\u011blstv\u00ed \u010dipovali veterin\u00e1\u0159i, \u00fadaje o nich by pak zapisovali do centr\u00e1ln\u00edho registru stejn\u00e9ho, kter\u00fd u\u017e vznik\u00e1 pro psy. <\/p>\n\n\n\n<p>\u010cesk\u00e1 televize<\/p>\n","protected":false},"excerpt":{"rendered":"<div class=\"mh-excerpt\"><p>\u010cT 1 Centr\u00e1ln\u00ed evidence ps\u016f by mohla za\u010d\u00edt fungovat p\u0159\u00ed\u0161t\u00ed rok v l\u00e9t\u011b. Uvedla to komora veterin\u00e1rn\u00edch l\u00e9ka\u0159\u016f. Na jej\u00ed spu\u0161t\u011bn\u00ed se \u010dek\u00e1 u\u017e roky. <a class=\"mh-excerpt-more\" href=\"https:\/\/www.invarena.cz\/?p=60928\" title=\"Centr\u00e1ln\u00ed evidence ps\u016f za\u010dne p\u0159\u00ed\u0161t\u00ed rok. Od poplatk\u016f jsou osvobozeni nevidom\u00ed\">[&#8230;]<\/a><\/p>\n<\/div>","protected":false},"author":1,"featured_media":21014,"comment_status":"open","ping_status":"closed","sticky":false,"template":"","format":"standard","meta":{"footnotes":""},"categories":[9],"tags":[],"class_list":["post-60928","post","type-post","status-publish","format-standard","has-post-thumbnail","hentry","category-zpravy"],"_links":{"self":[{"href":"https:\/\/www.invarena.cz\/index.php?rest_route=\/wp\/v2\/posts\/60928","targetHints":{"allow":["GET"]}}],"collection":[{"href":"https:\/\/www.invarena.cz\/index.php?rest_route=\/wp\/v2\/posts"}],"about":[{"href":"https:\/\/www.invarena.cz\/index.php?rest_route=\/wp\/v2\/types\/post"}],"author":[{"embeddable":true,"href":"https:\/\/www.invarena.cz\/index.php?rest_route=\/wp\/v2\/users\/1"}],"replies":[{"embeddable":true,"href":"https:\/\/www.invarena.cz\/index.php?rest_route=%2Fwp%2Fv2%2Fcomments&post=60928"}],"version-history":[{"count":0,"href":"https:\/\/www.invarena.cz\/index.php?rest_route=\/wp\/v2\/posts\/60928\/revisions"}],"wp:featuredmedia":[{"embeddable":true,"href":"https:\/\/www.invarena.cz\/index.php?rest_route=\/wp\/v2\/media\/21014"}],"wp:attachment":[{"href":"https:\/\/www.invarena.cz\/index.php?rest_route=%2Fwp%2Fv2%2Fmedia&parent=60928"}],"wp:term":[{"taxonomy":"category","embeddable":true,"href":"https:\/\/www.invarena.cz\/index.php?rest_route=%2Fwp%2Fv2%2Fcategories&post=60928"},{"taxonomy":"post_tag","embeddable":true,"href":"https:\/\/www.invarena.cz\/index.php?rest_route=%2Fwp%2Fv2%2Ftags&post=60928"}],"curies":[{"name":"wp","href":"https:\/\/api.w.org\/{rel}","templated":true}]}}