{"id":60936,"date":"2025-09-29T12:20:38","date_gmt":"2025-09-29T10:20:38","guid":{"rendered":"https:\/\/www.invarena.cz\/?p=60936"},"modified":"2025-09-29T12:20:38","modified_gmt":"2025-09-29T10:20:38","slug":"leky-primo-od-praktiku","status":"publish","type":"post","link":"https:\/\/www.invarena.cz\/?p=60936","title":{"rendered":"L\u00e9ky p\u0159\u00edmo od praktik\u016f?"},"content":{"rendered":"\n<p>TV Nova<\/p>\n\n\n\n<p>Prakti\u010dt\u00ed l\u00e9ka\u0159i si st\u011b\u017euj\u00ed, \u017ee nemohou vyd\u00e1vat pacient\u016fm l\u00e9ky nap\u0159\u00edmo. Jde jim hlavn\u011b o star\u0161\u00ed, imobiln\u00ed a onkologicky nemocn\u00e9 pacienty, kter\u00e9 nav\u0161t\u011bvuj\u00ed p\u0159\u00edmo u nich doma. <\/p>\n\n\n\n<p><strong>Reynolds Koranteng, moder\u00e1tor<\/strong> Zejm\u00e9na v odlehlej\u0161\u00edch oblastech nebo na hor\u00e1ch \u010dasto nejsou schopni dojet si pro l\u00e9ky do vzd\u00e1len\u00fdch l\u00e9k\u00e1ren. <\/p>\n\n\n\n<p><strong>Lucie Borhyov\u00e1, moder\u00e1torka<\/strong> Sdru\u017een\u00ed praktick\u00fdch l\u00e9ka\u0159\u016f te\u010f usiluje o to, aby je p\u0159i p\u0159edepisov\u00e1n\u00ed l\u00e9k\u016f mohli pacientovi zase rovnou i vyd\u00e1vat. <\/p>\n\n\n\n<p><strong>Karel Stuchl\u00edk, praktick\u00fd l\u00e9ka\u0159, Josef\u016fv D\u016fl<\/strong> Bude to cht\u00edt nasadit antibiotika. Bohu\u017eel mus\u00edm v\u00e1m d\u00e1t jenom bu\u010f recept, anebo to po\u0161lu z ordinace do mobilu. <\/p>\n\n\n\n<p><strong>Karel Stuchl\u00edk, praktick\u00fd l\u00e9ka\u0159, Josef\u016fv D\u016fl<\/strong> Budu doufat, \u017ee si je vyzvedne. M\u00e1me p\u00e1tek odpoledne. <\/p>\n\n\n\n<p><strong>Ivan Berka, redaktor<\/strong> Nap\u0159\u00edklad pan Gibi\u0161 z Ji\u0159et\u00edna pod Bukovou pot\u0159ebuje aktu\u00e1ln\u011b antibiotika, vyzvedne si je pravd\u011bpodobn\u011b a\u017e po v\u00edkendu. <\/p>\n\n\n\n<p><strong>Jan Gibi\u0161, pacient, Ji\u0159et\u00edn pod Bukovou<\/strong> J\u00e1 holt mus\u00edm poprosit n\u011bkoho ze soused\u016f, aby mi pro to sjel.<\/p>\n\n\n\n<p> <strong>Ivan Berka, redaktor<\/strong> A to v Jizersk\u00fdch hor\u00e1ch je\u0161t\u011b nenapadl sn\u00edh. To je pak cesta do l\u00e9k\u00e1rny pro pacienty skoro nemo\u017en\u00e1.<\/p>\n\n\n\n<p> <strong>Karel Stuchl\u00edk, praktick\u00fd l\u00e9ka\u0159, Josef\u016fv D\u016fl<\/strong> Ur\u010dit\u011b by to bylo nejide\u00e1ln\u011bj\u0161\u00ed, kdybych je m\u011bl s sebou v aut\u011b.<\/p>\n\n\n\n<p> <strong>Ivan Berka, redaktor<\/strong> Pan\u00ed V\u0161eti\u010dkov\u00e1 je obvodn\u00ed l\u00e9ka\u0159kou pro Harrachov a jeho okol\u00ed. Star\u00e1 se celkem o 1800 pacient\u016f, 500 z nich by dovoz l\u00e9k\u016f rozhodn\u011b uv\u00edtalo.<\/p>\n\n\n\n<p> <strong>Barbora V\u0161eti\u010dkov\u00e1, praktick\u00e1 l\u00e9ka\u0159ka Harrachov<\/strong> Jedn\u00e1 se hlavn\u011b o star\u0161\u00ed pacienty, imobiln\u00ed pacienty nebo onkologicky nemocn\u00e9, proto\u017ee v na\u0161ich podm\u00ednk\u00e1ch je ta dostupnost velmi obt\u00ed\u017en\u00e1. Spousta z nich t\u0159eba nem\u00e1 ani automobil nebo nen\u00ed schopna se tam jako samostatn\u011b po sv\u00e9 ose dostat.<\/p>\n\n\n\n<p> <strong>Ivan Berka, redaktor<\/strong> Pan\u00ed Hajnov\u00e1 z Ko\u0159enova je po operaci p\u00e1te\u0159e a \u017ealudku a spolu s man\u017eelem jsou oba pln\u011b invalidn\u00ed. Jejich l\u00e9ka\u0159ka za nimi z Harrachova do Ko\u0159enova poka\u017ed\u00e9 dojede, vy\u0161et\u0159\u00ed je a pak mus\u00ed odjet zp\u00e1tky do ordinace, tam jim vypsat elektronick\u00fd recept a poslat jim ho do telefonu.<\/p>\n\n\n\n<p> <strong>Hana Hajnov\u00e1, invalidn\u00ed pacientka, Ko\u0159enov<\/strong> A tohle bysme opravdu uv\u00edtali. \u010clov\u011bk u\u0161et\u0159\u00ed tu cestu, \u017ee se nemus\u00ed vylejzat po t\u011bch schodech a do auta a let\u011bt tam a v\u016fbec v zim\u011b, tady ve sn\u011bhu. Ne\u017e vyh\u00e1z\u00edm auto&#8230; Tohle by byl opravdu kr\u00e1snej n\u00e1pad. <\/p>\n\n\n\n<p><strong>Rostislav Smo\u010dek, invalidn\u00ed pacient, Ko\u0159enov<\/strong> To bylo n\u00e1dhern\u00fd \u00fapln\u011b, proto\u017ee ty nohy j\u00e1 skoro nec\u00edt\u00edm. J\u00e1 se boj\u00edm, abych neupadl. J\u00e1 nikam prost\u011b nedostanu se. <\/p>\n\n\n\n<p><strong>Ivan Berka, redaktor<\/strong> Mo\u017enost vyzvednout si l\u00e9ky u praktika by uv\u00edtal t\u00e9m\u011b\u0159 ka\u017ed\u00fd a podle lid\u00ed by to nav\u00edc omezilo i \u0161\u00ed\u0159en\u00ed infekc\u00ed p\u0159i cest\u00e1ch do l\u00e9k\u00e1rny. T\u0159eba ve ve\u0159ejn\u00e9 doprav\u011b.<\/p>\n\n\n\n<p> <strong>anketa<\/strong> Ide\u00e1ln\u00ed \u0159e\u0161en\u00ed v dne\u0161n\u00ed dob\u011b. Vlastn\u011b si vyma\u017ee ten mezi\u010dl\u00e1nek mezi l\u00e9k\u00e1rnou a l\u00e9ka\u0159em a rovnou si l\u00e9ky odnesu dom\u016f.<\/p>\n\n\n\n<p> <strong>anketa<\/strong> Ur\u010dit\u011b by to bylo praktick\u00fd. <\/p>\n\n\n\n<p><strong>anketa<\/strong> Dojdu si do l\u00e9k\u00e1rny, mn\u011b to nevad\u00ed. <\/p>\n\n\n\n<p><strong>anketa<\/strong> To je super, to bych \u0159ekla, \u017ee jo. Te\u010f z\u00e1le\u017e\u00ed, kolik za co budeme platit, \u017ee jo.<\/p>\n\n\n\n<p><strong>Reynolds Koranteng, moder\u00e1tor<\/strong> Vyd\u00e1v\u00e1n\u00ed l\u00e9k\u016f z rukou l\u00e9ka\u0159\u016f skon\u010dilo zhruba p\u0159ed 15 lety, kdy p\u0159e\u0161lo v\u00fdhradn\u011b na l\u00e9k\u00e1rn\u00edky. Praktici by cht\u011bli tuto kompetenci zp\u011bt, ale l\u00e9k\u00e1rn\u00edci jsou dlouhodob\u011b proti, zejm\u00e9na kv\u016fli bezpe\u010dnosti. <\/p>\n\n\n\n<p><strong>Karol\u00edna Pavl\u00ednov\u00e1, redaktorka<\/strong> Prakti\u010dt\u00ed l\u00e9ka\u0159i m\u00edvali d\u0159\u00edve tzv. v\u00fddejny l\u00e9k\u016f, a to zejm\u00e9na ve venkovsk\u00fdch a odlehl\u00fdch oblastech. <\/p>\n\n\n\n<p><strong>Petr \u0160onka, p\u0159edseda, Sdru\u017een\u00ed praktick\u00fdch l\u00e9ka\u0159\u016f \u010cR<\/strong> L\u00e9ky, kter\u00e9 pacientovi p\u0159edepisovali, mu byli taky schopni vydat.<\/p>\n\n\n\n<p> <strong>Karol\u00edna Pavl\u00ednov\u00e1, redaktorka<\/strong> To kv\u016fli \u00faprav\u011b z\u00e1kona skon\u010dilo p\u0159ed v\u00edce ne\u017e 10 lety. <\/p>\n\n\n\n<p><strong>Petr \u0160onka, p\u0159edseda, Sdru\u017een\u00ed praktick\u00fdch l\u00e9ka\u0159\u016f \u010cR<\/strong> Vy jste na n\u00e1v\u0161t\u011bv\u011b pacienta, pot\u0159eboval byste mu d\u00e1t l\u00e9k, tak ned\u00e1v\u00e1 smysl mu vydat recept a ten, ke komu jste jela, proto\u017ee mus\u00ed le\u017eet. <\/p>\n\n\n\n<p><strong>Jan \u0158e\u017e\u00e1bek, mluv\u010d\u00ed, Ministerstvo zdravotnictv\u00ed<\/strong> L\u00e9ka\u0159i mohou vydat l\u00e9k pacientovi, ale pouze v situac\u00edch, kdy ten pacient vy\u017eaduje neodkladnou p\u00e9\u010di. <\/p>\n\n\n\n<p><strong>Martin Kopeck\u00fd, viceprezident \u010cesk\u00e9 l\u00e9k\u00e1rnick\u00e9 komory<\/strong> V podstat\u011b ka\u017ed\u00fd v\u00fddej l\u00e9ku v ordinac\u00edch l\u00e9ka\u0159e za \u00fa\u010delem chronick\u00e9ho onemocn\u011bn\u00ed je ileg\u00e1ln\u00ed. <\/p>\n\n\n\n<p><strong>Karol\u00edna Pavl\u00ednov\u00e1, redaktorka<\/strong> L\u00e9ka\u0159i by r\u00e1di pacient\u016fm vyd\u00e1vali i l\u00e9ky na dlouhodob\u00e9 u\u017e\u00edv\u00e1n\u00ed. <\/p>\n\n\n\n<p><strong>Petr \u0160onka, p\u0159edseda, Sdru\u017een\u00ed praktick\u00fdch l\u00e9ka\u0159\u016f \u010cR<\/strong> Si \u010dasto pacienti st\u011b\u017euj\u00ed na z\u00e1m\u011bny l\u00e9k\u016f, to znamen\u00e1, \u017ee dostanou jin\u00fd l\u00e9k, ne\u017e jim jejich l\u00e9ka\u0159 p\u0159edepsal, nebo nedostanou ten po\u010det balen\u00ed, kter\u00fd jim l\u00e9ka\u0159 p\u0159edepsal a mus\u00ed se do t\u00e9 l\u00e9k\u00e1rny vracet, co\u017e zejm\u00e9na v t\u011bch venkovsk\u00fdch oblastech probl\u00e9m d\u011bl\u00e1. Tuto slu\u017ebu mohou d\u011blat tak\u00e9 l\u00e9k\u00e1rn\u00edci v p\u0159\u00edpad\u011b, \u017ee by byla zavedena n\u00e1v\u0161t\u011bvn\u00ed slu\u017eba l\u00e9k\u00e1rn\u00edka, o co\u017e \u010cesk\u00e1 l\u00e9k\u00e1rnick\u00e1 komora dlouhodob\u011b usiluje. <\/p>\n\n\n\n<p><strong>Karol\u00edna Pavl\u00ednov\u00e1, redaktorka<\/strong> Podle l\u00e9k\u00e1rn\u00edk\u016f by byl v\u00fddej l\u00e9k\u016f l\u00e9ka\u0159i hazardem. <\/p>\n\n\n\n<p><strong>Martin Kopeck\u00fd, viceprezident \u010cesk\u00e9 l\u00e9k\u00e1rnick\u00e9 komory<\/strong> Je to proti trend\u016fm v zem\u00edch Evropsk\u00e9 unie, kter\u00e9 naopak sp\u00ed\u0161e posiluj\u00ed kompetence farmaceut\u016f v l\u00e9k\u00e1rn\u00e1ch. L\u00e9k\u00e1rn\u00edk je tak\u00e9 kontrolou p\u0159edepisuj\u00edc\u00edho l\u00e9ka\u0159e a p\u0159isp\u00edv\u00e1 tak potom i k bezpe\u010dnosti l\u00e9\u010dby pacient\u016f. <\/p>\n\n\n\n<p><strong>Adam Vojt\u011bch, l\u00eddr kandid\u00e1tky v Jiho\u010desk\u00e9m kraji \/za ANO\/<\/strong> Asi to nen\u00ed o tom, \u017ee by praktick\u00fd l\u00e9ka\u0159 provozoval l\u00e9k\u00e1rnu. Dnes plat\u00ed nap\u0159\u00edklad protipad\u011blkov\u00e1 sm\u011brnice, kter\u00e1 vlastn\u011b stanovuje, \u017ee ka\u017ed\u00e9 to balen\u00ed l\u00e9k\u016f mus\u00ed proj\u00edt a\u0165 u\u017e od naskladn\u011bn\u00ed p\u0159es v\u00fddej tomu pacientovi. Vlastn\u011b mus\u00ed b\u00fdt v\u0161e zaevidov\u00e1no do centr\u00e1ln\u00edho syst\u00e9mu, mus\u00ed \u010dte\u010dkou b\u00fdt na\u010dten\u00fd QR, k\u00f3d na ka\u017ed\u00e9m balen\u00ed a podobn\u011b. <\/p>\n\n\n\n<p><strong>Vlastimil V\u00e1lek, ministr zdravotnictv\u00ed \/TOP 09\/<\/strong> Diskuzi o kompetenc\u00edch zdravotn\u00edk\u016f a jejich d\u00edl\u010d\u00edch zm\u011bn\u00e1ch se nebr\u00e1n\u00edm, ale je nutn\u00e9 v\u017edy v prvn\u00ed \u0159ad\u011b myslet na pacienty a na to, aby pro n\u011b byl v\u00fdsledek bezpe\u010dn\u00fd, komfortn\u00ed, dostupn\u00fd a p\u00e9\u010di zjednodu\u0161il. <\/p>\n\n\n\n<p><strong>Karol\u00edna Pavl\u00ednov\u00e1, redaktorka<\/strong> Podle Ministerstva zdravotnictv\u00ed hroz\u00ed za neopr\u00e1vn\u011bn\u00e9 v\u00fddaje l\u00e9k\u016f vysok\u00e9 pokuty. <\/p>\n\n\n\n<p><strong>Jan \u0158e\u017e\u00e1bek, mluv\u010d\u00ed, Ministerstvo zdravotnictv\u00ed<\/strong> M\u016f\u017ee St\u00e1tn\u00ed \u00fastav pro kontrolu l\u00e9\u010div ud\u011blit a\u017e pokutu 5 milion\u016f K\u010d v p\u0159\u00edpad\u011b, \u017ee l\u00e9ka\u0159 uchov\u00e1v\u00e1 v ordinaci v\u011bt\u0161\u00ed ne\u017e to b\u011b\u017en\u00e9 mno\u017estv\u00ed t\u011bch l\u00e9\u010div\u00fdch p\u0159\u00edpravk\u016f. <\/p>\n\n\n\n<p><strong>Karol\u00edna Pavl\u00ednov\u00e1, redaktorka<\/strong> Za to hroz\u00ed pokuta a\u017e do v\u00fd\u0161e 20 000 000 K\u010d. <\/p>\n\n\n\n<p>televize Nova<\/p>\n","protected":false},"excerpt":{"rendered":"<div class=\"mh-excerpt\"><p>TV Nova Prakti\u010dt\u00ed l\u00e9ka\u0159i si st\u011b\u017euj\u00ed, \u017ee nemohou vyd\u00e1vat pacient\u016fm l\u00e9ky nap\u0159\u00edmo. Jde jim hlavn\u011b o star\u0161\u00ed, imobiln\u00ed a onkologicky nemocn\u00e9 pacienty, kter\u00e9 nav\u0161t\u011bvuj\u00ed p\u0159\u00edmo <a class=\"mh-excerpt-more\" href=\"https:\/\/www.invarena.cz\/?p=60936\" title=\"L\u00e9ky p\u0159\u00edmo od praktik\u016f?\">[&#8230;]<\/a><\/p>\n<\/div>","protected":false},"author":1,"featured_media":14162,"comment_status":"open","ping_status":"closed","sticky":false,"template":"","format":"standard","meta":{"footnotes":""},"categories":[9],"tags":[],"class_list":["post-60936","post","type-post","status-publish","format-standard","has-post-thumbnail","hentry","category-zpravy"],"_links":{"self":[{"href":"https:\/\/www.invarena.cz\/index.php?rest_route=\/wp\/v2\/posts\/60936","targetHints":{"allow":["GET"]}}],"collection":[{"href":"https:\/\/www.invarena.cz\/index.php?rest_route=\/wp\/v2\/posts"}],"about":[{"href":"https:\/\/www.invarena.cz\/index.php?rest_route=\/wp\/v2\/types\/post"}],"author":[{"embeddable":true,"href":"https:\/\/www.invarena.cz\/index.php?rest_route=\/wp\/v2\/users\/1"}],"replies":[{"embeddable":true,"href":"https:\/\/www.invarena.cz\/index.php?rest_route=%2Fwp%2Fv2%2Fcomments&post=60936"}],"version-history":[{"count":0,"href":"https:\/\/www.invarena.cz\/index.php?rest_route=\/wp\/v2\/posts\/60936\/revisions"}],"wp:featuredmedia":[{"embeddable":true,"href":"https:\/\/www.invarena.cz\/index.php?rest_route=\/wp\/v2\/media\/14162"}],"wp:attachment":[{"href":"https:\/\/www.invarena.cz\/index.php?rest_route=%2Fwp%2Fv2%2Fmedia&parent=60936"}],"wp:term":[{"taxonomy":"category","embeddable":true,"href":"https:\/\/www.invarena.cz\/index.php?rest_route=%2Fwp%2Fv2%2Fcategories&post=60936"},{"taxonomy":"post_tag","embeddable":true,"href":"https:\/\/www.invarena.cz\/index.php?rest_route=%2Fwp%2Fv2%2Ftags&post=60936"}],"curies":[{"name":"wp","href":"https:\/\/api.w.org\/{rel}","templated":true}]}}