{"id":60942,"date":"2025-09-29T13:08:11","date_gmt":"2025-09-29T11:08:11","guid":{"rendered":"https:\/\/www.invarena.cz\/?p=60942"},"modified":"2025-09-29T13:08:12","modified_gmt":"2025-09-29T11:08:12","slug":"lidsky-papilomavirus-miri-do-skol","status":"publish","type":"post","link":"https:\/\/www.invarena.cz\/?p=60942","title":{"rendered":"Lidsk\u00fd papilomavirus m\u00ed\u0159\u00ed do \u0161kol"},"content":{"rendered":"\n<p><em>U\u010ditel\u00e9 dostanou n\u00e1vod, jak mluvit s&nbsp;d\u011btmi o nemocech zp\u016fsoben\u00fdch HPV<\/em><\/p>\n\n\n\n<p><strong>Z\u00e1stupci organizace ONKO Unie p\u0159edstavili novou metodiku v\u00fduky o lidsk\u00e9m papilomaviru (HPV) na \u0161kol\u00e1ch. S\u00a0projektem se sezn\u00e1mili tak\u00e9 div\u00e1ci na sobotn\u00edm GO Day Dance Festivalu, kter\u00fd p\u0159ipomn\u011bl Sv\u011btov\u00fd den onkogynekologick\u00fdch onemocn\u011bn\u00ed. <\/strong><\/p>\n\n\n\n<p><strong>Hlavn\u00edm t\u00e9matem pro leto\u0161n\u00ed rok byl HPV, kter\u00fd stoj\u00ed za rozvojem \u0159ady n\u00e1dorov\u00fdch onemocn\u011bn\u00ed u mu\u017e\u016f i \u017een nebo \u017eivot znep\u0159\u00edjem\u0148uj\u00edc\u00edch genit\u00e1ln\u00edch bradavic. Proti HPV p\u0159itom funguje \u00fa\u010dinn\u00e1 prevence v\u00a0podob\u011b o\u010dkov\u00e1n\u00ed. Festival se za\u0159adil mezi akce pr\u00e1v\u011b prob\u00edhaj\u00edc\u00edho Aktivn\u00edho z\u00e1\u0159\u00ed a tak\u00e9 iniciativy Women4Health Hospod\u00e1\u0159sk\u00e9 komory \u010cR, kter\u00e9 kladou d\u016fraz na aktivn\u00ed p\u0159\u00edstup k\u00a0\u017eivotu a p\u00e9\u010di o zdrav\u00ed.<\/strong><\/p>\n\n\n\n<p>O nemocech, kter\u00e9 zp\u016fsobuj\u00ed HPV, se ve \u0161kol\u00e1ch p\u0159\u00edli\u0161 nemluv\u00ed, nejsou toti\u017e b\u011b\u017enou sou\u010d\u00e1st\u00ed v\u00fduky. P\u0159itom s\u00a0HPV se b\u011bhem sv\u00e9ho \u017eivota setk\u00e1 80 % populace.<a href=\"#sdfootnote1sym\" id=\"sdfootnote1anc\"><sup>1<\/sup><\/a> Nakazit se jimi m\u016f\u017ee ka\u017ed\u00fd, kdo je sexu\u00e1ln\u011b aktivn\u00ed, bez ohledu na pohlav\u00ed \u010di v\u011bk. Tyto viry stoj\u00ed za v\u011bt\u0161inou p\u0159\u00edpad\u016f rakoviny d\u011blo\u017en\u00edho hrdla, pod\u00edl\u00ed se na vzniku n\u00e1dor\u016f pochvy, zevn\u00edch rodidel, \u0159itn\u00edho otvoru nebo genit\u00e1ln\u00edch bradavic.<\/p>\n\n\n\n<p> <em>\u201ePro \u0161koly jsme vytvo\u0159ili kr\u00e1tk\u00e1 videa a jednoduchou metodiku, jak s\u00a0t\u00e9matem pracovat. Cel\u00e9 t\u00e9ma jsme zpracovali tak, aby zabralo p\u0159ibli\u017en\u011b jednu vyu\u010dovac\u00ed hodinu,\u201c<\/em> dopl\u0148uje Mgr. Ad\u00e1mkov\u00e1. Eduka\u010dn\u00ed kampa\u0148 je ur\u010dena z\u00e1kladn\u00edm a st\u0159edn\u00edm \u0161kol\u00e1m. T\u0159i kr\u00e1tk\u00e1 videa se v\u011bnuj\u00ed tomu, co se skr\u00fdv\u00e1 za zkratkou HPV, co v\u0161e viry zp\u016fsobuj\u00ed a jak se proti nim chr\u00e1nit. Krom\u011b nich vytvo\u0159ila ONKO Unie i doprovodn\u00fd materi\u00e1l pro u\u010ditele, kter\u00fd je t\u00e9maty provede a poskytne n\u00e1vod, jak o nich se \u017e\u00e1ky a studenty mluvit.<\/p>\n\n\n\n<p>Projekt i s&nbsp;materi\u00e1ly p\u0159edstavila Petra Ad\u00e1mkov\u00e1 v&nbsp;sobotu na GO Day Dance Festivalu, kter\u00fd se uskute\u010dnil u p\u0159\u00edle\u017eitosti Sv\u011btov\u00e9ho dne onkogynekologick\u00fdch onemocn\u011bn\u00ed a spojil tane\u010dn\u00ed vystoupen\u00ed teenager\u016f ENGAGe Teens CZ, spole\u010dn\u00fd workshop, tane\u010dn\u00ed v\u00fdzvu pro n\u00e1v\u0161t\u011bvn\u00edky a projekci edukativn\u00edch vide\u00ed pro mlad\u00e9. <em>\u201eVyu\u017eili jsme s\u00edly pohybu a hudby, abychom prolomili bari\u00e9ry a p\u0159ibl\u00ed\u017eili zejm\u00e9na mlad\u00fdm lidem z\u00e1va\u017en\u00e9 t\u00e9ma p\u0159\u00edstupnou formou \u2014 z\u00e1bavn\u011b, vizu\u00e1ln\u011b a interaktivn\u011b,\u201c <\/em>dod\u00e1v\u00e1 Ad\u00e1mkov\u00e1.<\/p>\n\n\n\n<p>Festival je sou\u010d\u00e1st\u00ed akce Aktivn\u00ed z\u00e1\u0159\u00ed, kterou po\u0159\u00e1d\u00e1 Nada\u010dn\u00ed fond Aktivn\u00ed \u010cesko. \u201e<em>C\u00edlem Aktivn\u00edho z\u00e1\u0159\u00ed nen\u00ed jen propagace pravideln\u00e9ho pohybu jako ned\u00edln\u00e9 sou\u010d\u00e1sti fyzick\u00e9ho a du\u0161evn\u00edho zdrav\u00ed. Jde o v\u00fdzvu k\u00a0aktivn\u00edmu p\u0159\u00edstupu k\u00a0\u017eivotu a p\u00e9\u010di o sebe. GO Day Dance Festival do tohoto konceptu skv\u011ble zapadl,\u201c<\/em> uvedla zakladatelka Aktivn\u00edho \u010ceska, prezidentka \u010cesk\u00e9 komory fitness a viceprezidentka Hospod\u00e1\u0159sk\u00e9 komory \u010cR Jana Havrdov\u00e1, kter\u00e1 festival p\u0159i\u0161la osobn\u011b podpo\u0159it. <\/p>\n\n\n\n<p><em>\u201eNa zdrav\u00ed ka\u017ed\u00e9ho z n\u00e1s z\u00e1le\u017e\u00ed. To je d\u016fvod, pro\u010d jsme r\u00e1di festival podpo\u0159ili a pro\u010d se t\u00e9matu prevence a p\u00e9\u010de o zdrav\u00ed jednotlivc\u016f i \u0161ir\u0161\u00ed komunity aktivn\u011b v\u011bnujeme i v\u00a0Hospod\u00e1\u0159sk\u00e9 komo\u0159e \u010cR prost\u0159ednictv\u00edm iniciativy Women4Health. Chceme prom\u011b\u0148ovat slova v \u010diny,\u201c<\/em> doplnila dal\u0161\u00ed \u00fa\u010dastnice festivalu, \u0159editelka pro vn\u011bj\u0161\u00ed vztahy spole\u010dnosti MSD \u010cesk\u00e1 republika Eva Kar\u00e1skov\u00e1.<\/p>\n\n\n\n<p>HPV jsou pova\u017eov\u00e1ny za nej\u010dast\u011bj\u0161\u00ed p\u016fvodce pohlavn\u00edch infekc\u00ed. Vysoce naka\u017eliv\u00fd virus se p\u0159en\u00e1\u0161\u00ed i nepohlavn\u00edm intimn\u00edm stykem nebo mazlen\u00edm. Ve v\u011bt\u0161in\u011b p\u0159\u00edpad\u016f se infekce nijak neprojev\u00ed a \u010dasem vymiz\u00ed, ani\u017e by ji naka\u017een\u00fd post\u0159ehl. M\u016f\u017ee se v\u0161ak rozvinout v\u00a0z\u00e1va\u017en\u00e9 n\u00e1dorov\u00e9 onemocn\u011bn\u00ed nebo genit\u00e1ln\u00ed bradavice. Ty sice nejsou \u017eivot ohro\u017euj\u00edc\u00ed, jejich l\u00e9\u010dba v\u0161ak b\u00fdv\u00e1 zdlouhav\u00e1 a infekce se pom\u011brn\u011b \u010dasto vrac\u00ed. Proti HPV se lze chr\u00e1nit o\u010dkov\u00e1n\u00edm. Nejv\u011bt\u0161\u00ed \u00fa\u010dinnost m\u00e1 vakc\u00edna v\u00a0p\u0159\u00edpad\u011b, \u017ee ji l\u00e9ka\u0159 aplikuje je\u0161t\u011b p\u0159ed zah\u00e1jen\u00edm pohlavn\u00edho \u017eivota. <\/p>\n\n\n\n<p>O\u010dkov\u00e1n\u00ed je v\u00a0sou\u010dasn\u00e9 dob\u011b hrazeno z\u00a0ve\u0159ejn\u00e9ho zdravotn\u00edho poji\u0161t\u011bn\u00ed chlapc\u016fm i d\u00edvk\u00e1m ve v\u011bku od 11 let do 15. narozenin. Dle nov\u00fdch doporu\u010den\u00ed odborn\u00edk\u016f je vhodn\u00e9 nab\u00eddnout vakc\u00ednu i neo\u010dkovan\u00fdm osob\u00e1m star\u0161\u00edm 15 let a poskytnout tak\u00e9 jim co nejd\u0159\u00edve ochranu v\u00a0podob\u011b o\u010dkov\u00e1n\u00ed.<\/p>\n\n\n\n<p><a><\/a> P\u0159edej\u00edt HPV onemocn\u011bn\u00edm pom\u00e1h\u00e1 tak\u00e9 zodpov\u011bdn\u00e9 sexu\u00e1ln\u00ed chov\u00e1n\u00ed. Proti rakovin\u011b d\u011blo\u017en\u00edho hrdla, kterou HPV zp\u016fsobuj\u00ed, funguje screeningov\u00fd program, je\u017e zahrnuje ka\u017edoro\u010dn\u00ed preventivn\u00ed st\u011br d\u011blo\u017en\u00edho hrdla u \u017een star\u0161\u00edch 15 let a HPV DNA test pro \u017eeny ve v\u011bku 35,&nbsp;45 a 55 let. C\u00edlem je odhalit p\u0159\u00edpadn\u00e9 p\u0159edn\u00e1dorov\u00e9 zm\u011bny na d\u011blo\u017en\u00edm \u010d\u00edpku, a p\u0159edej\u00edt tak rozvoji onemocn\u011bn\u00ed.<\/p>\n\n\n\n<p><\/p>\n","protected":false},"excerpt":{"rendered":"<div class=\"mh-excerpt\"><p>U\u010ditel\u00e9 dostanou n\u00e1vod, jak mluvit s&nbsp;d\u011btmi o nemocech zp\u016fsoben\u00fdch HPV Z\u00e1stupci organizace ONKO Unie p\u0159edstavili novou metodiku v\u00fduky o lidsk\u00e9m papilomaviru (HPV) na \u0161kol\u00e1ch. S\u00a0projektem <a class=\"mh-excerpt-more\" href=\"https:\/\/www.invarena.cz\/?p=60942\" title=\"Lidsk\u00fd papilomavirus m\u00ed\u0159\u00ed do \u0161kol\">[&#8230;]<\/a><\/p>\n<\/div>","protected":false},"author":1,"featured_media":60944,"comment_status":"open","ping_status":"closed","sticky":false,"template":"","format":"standard","meta":{"footnotes":""},"categories":[9],"tags":[],"class_list":["post-60942","post","type-post","status-publish","format-standard","has-post-thumbnail","hentry","category-zpravy"],"_links":{"self":[{"href":"https:\/\/www.invarena.cz\/index.php?rest_route=\/wp\/v2\/posts\/60942","targetHints":{"allow":["GET"]}}],"collection":[{"href":"https:\/\/www.invarena.cz\/index.php?rest_route=\/wp\/v2\/posts"}],"about":[{"href":"https:\/\/www.invarena.cz\/index.php?rest_route=\/wp\/v2\/types\/post"}],"author":[{"embeddable":true,"href":"https:\/\/www.invarena.cz\/index.php?rest_route=\/wp\/v2\/users\/1"}],"replies":[{"embeddable":true,"href":"https:\/\/www.invarena.cz\/index.php?rest_route=%2Fwp%2Fv2%2Fcomments&post=60942"}],"version-history":[{"count":0,"href":"https:\/\/www.invarena.cz\/index.php?rest_route=\/wp\/v2\/posts\/60942\/revisions"}],"wp:featuredmedia":[{"embeddable":true,"href":"https:\/\/www.invarena.cz\/index.php?rest_route=\/wp\/v2\/media\/60944"}],"wp:attachment":[{"href":"https:\/\/www.invarena.cz\/index.php?rest_route=%2Fwp%2Fv2%2Fmedia&parent=60942"}],"wp:term":[{"taxonomy":"category","embeddable":true,"href":"https:\/\/www.invarena.cz\/index.php?rest_route=%2Fwp%2Fv2%2Fcategories&post=60942"},{"taxonomy":"post_tag","embeddable":true,"href":"https:\/\/www.invarena.cz\/index.php?rest_route=%2Fwp%2Fv2%2Ftags&post=60942"}],"curies":[{"name":"wp","href":"https:\/\/api.w.org\/{rel}","templated":true}]}}