{"id":60949,"date":"2025-09-29T13:25:42","date_gmt":"2025-09-29T11:25:42","guid":{"rendered":"https:\/\/www.invarena.cz\/?p=60949"},"modified":"2025-09-29T13:30:40","modified_gmt":"2025-09-29T11:30:40","slug":"nevyclenujme-deti-s-epilepsii-vyzyvaji-odbornici","status":"publish","type":"post","link":"https:\/\/www.invarena.cz\/?p=60949","title":{"rendered":"Nevy\u010dle\u0148ujme d\u011bti s epilepsi\u00ed, vyz\u00fdvaj\u00ed odborn\u00edci"},"content":{"rendered":"\n<p><em>Pro \u0161koly p\u0159ipravili n\u00e1vod, jak na to<\/em><\/p>\n\n\n\n<p><strong>B\u011bhem \u017eivota prod\u011blaj\u00ed epileptick\u00fd z\u00e1chvat des\u00edtky tis\u00edc d\u011bt\u00ed, konkr\u00e9tn\u011b 5&nbsp;a\u017e&nbsp;7&nbsp;%&nbsp;d\u011bt\u00ed. Kv\u016fli sv\u00e9 nemoci se \u010dasto pot\u00fdkaj\u00ed s&nbsp;p\u0159edsudky okol\u00ed, kter\u00e9 je vy\u010dle\u0148uje ze spole\u010dn\u00fdch aktivit, v\u010detn\u011b \u0161koln\u00edch v\u00fdlet\u016f. To by se nyn\u00ed m\u011blo zm\u011bnit \u2013 l\u00e9ka\u0159i a pacientsk\u00e9 organizace p\u0159ipravili spolu s p\u0159\u00edslu\u0161n\u00fdmi ministerstvy <\/strong><a href=\"https:\/\/edu.gov.cz\/sdeleni-msmt-a-mzd-k-zajisteni-zdravotnich-sluzeb-ve-skolach-a-skolskych-zarizenich\/\"><strong>nov\u00fd metodick\u00fd pokyn pro \u0161koly<\/strong><\/a><strong>.<\/strong><\/p>\n\n\n\n<p><strong> Z\u00a0tohoto \u201en\u00e1vodu\u201c se u\u010ditel\u00e9 dozv\u00ed, jak se epilepsie projevuje i jak d\u00edt\u011b bezpe\u010dn\u011b zapojit do aktivit s\u00a0ostatn\u00edmi spolu\u017e\u00e1ky. Dokument tak\u00e9 obsahuje instrukce o prvn\u00ed pomoci p\u0159i epileptick\u00e9m z\u00e1chvatu. Metodick\u00fd pokyn a dal\u0161\u00ed novinky p\u0159edstavuj\u00ed odborn\u00edci u p\u0159\u00edle\u017eitosti <em>N\u00e1rodn\u00edho dne epilepsie (30. z\u00e1\u0159\u00ed).<\/em><\/strong><\/p>\n\n\n\n<p>Epilepsi\u00ed trp\u00ed v&nbsp;\u010cesku p\u0159ibli\u017en\u011b 100 000 lid\u00ed a u ka\u017ed\u00e9ho pacienta se m\u016f\u017ee projevovat jinak. K&nbsp;d\u011btem je proto nutn\u00e9 p\u0159istupovat individu\u00e1ln\u011b a vytvo\u0159it pl\u00e1n, jak postupovat s ohledem na konkr\u00e9tn\u00ed pr\u016fb\u011bh onemocn\u011bn\u00ed. Na jeho p\u0159\u00edprav\u011b by se m\u011bli pod\u00edlet rodi\u010de spolu s&nbsp;vyu\u010duj\u00edc\u00edmi i&nbsp;o\u0161et\u0159uj\u00edc\u00edm l\u00e9ka\u0159em. <em>\u201eK&nbsp;rychl\u00e9mu zastaven\u00ed siln\u011bj\u0161\u00edch z\u00e1chvat\u016f je z\u00e1sadn\u00ed podat tzv. SOS medikaci. Pokud se pod\u00e1 v\u010das, m\u016f\u017ee se zabr\u00e1nit zbyte\u010dn\u00e9 hospitalizaci a n\u011bkdy i ohro\u017een\u00ed \u017eivota a zdrav\u00ed d\u00edt\u011bte dlouh\u00fdm epileptick\u00fdm z\u00e1chvatem. Tyto l\u00e9ky m\u016f\u017ee podat jak\u00fdkoli laik, nejen zdravotn\u00edk. Ve \u0161kol\u00e1ch se dosud \u010dasto st\u00e1valo, \u017ee u\u010ditel\u00e9 se b\u00e1li d\u011btem jak\u00e9koli l\u00e9ky d\u00e1t a hned volali zdravotnickou z\u00e1chranou slu\u017ebu (ZZS) \u2013 obvykle ze strachu z mo\u017en\u00e9 pr\u00e1vn\u00ed odpov\u011bdnosti, pokud by nastal probl\u00e9m. I tomu se v&nbsp;metodick\u00e9m pokynu v\u011bnujeme,\u201c <\/em>vysv\u011btluje prof. MUDr. Pavel Kr\u0161ek, p\u0159ednosta Kliniky d\u011btsk\u00e9 neurologie 2. LF UK a FN Motol a p\u0159edseda \u010cesk\u00e9 ligy proti epilepsii.<\/p>\n\n\n\n<p> V\u00edce ne\u017e 90 % z\u00e1chvat\u016f spont\u00e1nn\u011b odezn\u00ed do n\u011bkolika m\u00e1lo minut a lze je zvl\u00e1dnout i bez zavol\u00e1n\u00ed z\u00e1chranky. Pokud v\u0161ak z\u00e1chvat s&nbsp;poruchou v\u011bdom\u00ed a k\u0159e\u010demi trv\u00e1 d\u00e9le, hroz\u00ed trval\u00e9 n\u00e1sledky<em>.<\/em> Proto je v\u010dasn\u00e9 pod\u00e1n\u00ed z\u00e1chrann\u00e9 medikace p\u0159\u00edmo ve \u0161kole tak d\u016fle\u017eit\u00e9. <em>\u201eObava z&nbsp;odpov\u011bdnosti nen\u00ed na m\u00edst\u011b, naopak pomoc d\u00edt\u011bti s&nbsp;epilepsi\u00ed je zcela legitimn\u00ed i leg\u00e1ln\u00ed po\u017eadavek rodi\u010d\u016f,\u201c<\/em> \u0159\u00edk\u00e1 Mgr. Kamila \u0160rolerov\u00e1, pr\u00e1vni\u010dka Spole\u010dnosti E, kter\u00e1 organizuje na \u0161kol\u00e1ch besedy o&nbsp;epilepsii.<\/p>\n\n\n\n<p>D\u00edky nov\u00e9mu metodick\u00e9mu pokynu Ministerstva zdravotnictv\u00ed a Ministerstva \u0161kolstv\u00ed ml\u00e1de\u017ee a&nbsp;t\u011blov\u00fdchovy (M\u0160MT), na jeho\u017e p\u0159\u00edprav\u011b se pod\u00edlely pacientsk\u00e9 organizace EpiStop, Spole\u010dnost E a&nbsp;Epicana, se \u0161koly dozv\u011bd\u00ed, jak se epilepsie u d\u011bt\u00ed m\u016f\u017ee projevovat, co d\u011blat p\u0159i epileptick\u00e9m z\u00e1chvatu a&nbsp;jak d\u00edt\u011b bezpe\u010dn\u011b zapojit do krou\u017ek\u016f a v\u00fdlet\u016f. <\/p>\n\n\n\n<p><em>\u201eRozum\u00edm obav\u00e1m u\u010ditel\u016f, \u017ee d\u00edt\u011b m\u016f\u017ee nap\u0159\u00edklad na \u0161kole v&nbsp;p\u0159\u00edrod\u011b dostat epileptick\u00fd z\u00e1chvat a oni si nebudou jist\u00ed, jak situaci \u0159e\u0161it. Vy\u010dlenit d\u00edt\u011b z&nbsp;kolektivu kv\u016fli t\u011bmto obav\u00e1m ale nen\u00ed \u0159e\u0161en\u00ed. Lid\u00e9 s&nbsp;epilepsi\u00ed bojuj\u00ed se stigmatem cel\u00fd sv\u016fj \u017eivot a p\u0159edstavuje to pro n\u011b obrovskou z\u00e1t\u011b\u017e. Setk\u00e1v\u00e1me se s&nbsp;t\u00edm, \u017ee v&nbsp;krajn\u00edch p\u0159\u00edpadech rodi\u010de rad\u011bji fakt, \u017ee m\u00e1 jejich d\u00edt\u011b epilepsii, ve \u0161kole zaml\u010d\u00ed. Co\u017e je samoz\u0159ejm\u011b \u0161patn\u00e9 a nebezpe\u010dn\u00e9,\u201c<\/em> \u0159\u00edk\u00e1 Mgr. Kamila \u0160rolerov\u00e1.<\/p>\n\n\n\n<p> Pro pro\u0161kolen\u00ed mohou \u0159editel\u00e9, u\u010ditel\u00e9 a tren\u00e9\u0159i \u0161kol vyu\u017e\u00edt <a href=\"https:\/\/www.epistop.cz\/archiv\/15-o-epistopu\/547-vzdelavaci-kurz-epilepsie-skola-a-sport-pro-ucitele-materskych-zakladnich-a-strednich-skol-vite-jak-na-deti-s-epilepsii\">vzd\u011bl\u00e1vac\u00ed kurz<\/a> <em>Epilepsie, \u0161kola a&nbsp;sport<\/em>, kter\u00fd pro n\u011b p\u0159ipravuje organizace EpiStop. Dal\u0161\u00ed prezen\u010dn\u00ed kurz prob\u011bhne 5. a 19. listopadu ve Fakultn\u00ed nemocnici v Motole. P\u0159\u00edmo od l\u00e9ka\u0159\u016f se na n\u011bm nau\u010d\u00ed z\u00e1klady prvn\u00ed pomoci p\u0159i epileptick\u00e9m z\u00e1chvatu, pod odborn\u00fdm dohledem vytvo\u0159\u00ed pl\u00e1n podpory pro konkr\u00e9tn\u00ed d\u00edt\u011b a&nbsp;proberou, jak\u00e9 sporty jsou pro d\u011bti vhodn\u00e9.<\/p>\n\n\n\n<p> <em>\u201eV\u011bnujeme se tak\u00e9 plav\u00e1n\u00ed, kter\u00e9 je na z\u00e1kladn\u00ed \u0161kole povinn\u00e9. Prezentujeme, jak v\u00fduku uspo\u0159\u00e1dat, aby se do n\u00ed mohly bezpe\u010dn\u011b zapojit i d\u011bti s&nbsp;epilepsi\u00ed. Doporu\u010dujeme mimo jin\u00e9, aby d\u00edt\u011b s&nbsp;epilepsi\u00ed z\u016fst\u00e1valo pod dozorem, aby plavalo v\u017edy v&nbsp;krajn\u00ed dr\u00e1ze a&nbsp;m\u011blo reflexn\u00ed prvek, t\u0159eba formou plaveck\u00e9 \u010depice. V&nbsp;na\u0161ich kurzech se setk\u00e1v\u00e1me s&nbsp;t\u00edm, \u017ee u\u010ditel\u00e9 jsou vst\u0159\u00edcn\u00ed a cht\u011bj\u00ed pomoci, ale chyb\u00ed jim pot\u0159ebn\u00e9 informace a jistota, jak postupovat. Oboj\u00ed mohou v na\u0161ich kurzech z\u00edskat,\u201c <\/em>popisuje Mgr. Kv\u011bta Janou\u0161kov\u00e1, mana\u017eerka spolku EpiStop z&nbsp;2. l\u00e9ka\u0159sk\u00e9 fakulty Univerzity Karlovy.<\/p>\n\n\n\n<p> U p\u0159\u00edle\u017eitosti N\u00e1rodn\u00edho dne epilepsie 30. z\u00e1\u0159\u00ed organizuj\u00ed zm\u00edn\u011bn\u00e9 organizace spole\u010dn\u011b s Ministerstvem zdravotnictv\u00ed pro \u0161koly i rodiny d\u011bt\u00ed s&nbsp;epilepsi\u00ed tak\u00e9 bezplatn\u00fd <a href=\"https:\/\/www.pacientskyhub.cz\/akce\/epilepsie-zdravotni-podpora-ve-skolach-metodika-praxe-zkusenosti.\">online webin\u00e1\u0159<\/a>. Vystoup\u00ed na n\u011bm z\u00e1stupci M\u0160MT a&nbsp;pacientsk\u00fdch organizac\u00ed, kte\u0159\u00ed se pod\u00edleli na p\u0159\u00edprav\u011b metodiky, ale i l\u00e9ka\u0159i \u010di samotn\u00ed rodi\u010de d\u011bt\u00ed s&nbsp;epilepsi\u00ed.<\/p>\n\n\n\n<p>Velk\u00fdm stra\u0161\u00e1kem nejen pro u\u010ditele, ale i pro rodi\u010de a bl\u00edzk\u00e9 je z\u00e1chvat. Odborn\u00edci se proto st\u00e1le sna\u017e\u00ed hledat a vyv\u00edjet nov\u00e9 zp\u016fsoby a postupy, jak z\u00e1chvatu p\u0159edch\u00e1zet nebo jej zastavit, kdy\u017e u\u017e se objev\u00ed. Nyn\u00ed nap\u0159\u00edklad diskutuj\u00ed o nov\u00e9m p\u0159\u00edstupu v&nbsp;l\u00e9\u010db\u011b, tzv. REST konceptu (rapid and early seizure termination \u2013 rychl\u00e9 a v\u010dasn\u00e9 ukon\u010den\u00ed z\u00e1chvatu). Jeho podstatou je zastavit z\u00e1chvat p\u0159ibli\u017en\u011b do dvou minut od pod\u00e1n\u00ed \u00fa\u010dinn\u00e9ho l\u00e9ku.<\/p>\n\n\n\n<p> C\u00edlem je tak p\u0159edej\u00edt zhor\u0161en\u00ed z\u00e1chvatu nebo p\u0159echodu do \u017eivot ohro\u017euj\u00edc\u00edho stavu status epilepticus. Co nejrychlej\u0161\u00ed ukon\u010den\u00ed z\u00e1chvatu toti\u017e sni\u017euje riziko komplikac\u00ed, pot\u0159ebu hospitalizace, a&nbsp;zlep\u0161uje tak kvalitu \u017eivota lid\u00ed s&nbsp;epilepsi\u00ed. <\/p>\n\n\n\n<p>V sou\u010dasn\u00e9 dob\u011b se ale v\u011bt\u0161inou \u010dek\u00e1 na p\u0159\u00edjezd z\u00e1chranky nebo se pou\u017e\u00edvaj\u00ed l\u00e9ky, kter\u00e9 p\u016fsob\u00ed pomaleji. REST by tuto situaci mohl v&nbsp;budoucnu zlep\u0161it. <em>\u201eTato zm\u011bna p\u0159\u00edstupu k&nbsp;\u0159e\u0161en\u00ed prob\u00edhaj\u00edc\u00edho z\u00e1chvatu by znamenala velkou \u00falevu nejen pro pacienty, ale i pro jejich bl\u00edzk\u00e9. Nemuseli by tak dlouho \u010dekat, a\u017e z\u00e1chvat p\u0159ejde, ale mohli by jej rychleji zastavit sami. O\u010dek\u00e1v\u00e1me tak\u00e9, \u017ee by REST mohl zamezit p\u0159\u00edpadn\u00fdm nakupen\u00edm, tj. s\u00e9ri\u00edm kr\u00e1tce po sob\u011b se opakuj\u00edc\u00edch z\u00e1chvat\u016f,\u201c<\/em> \u0159\u00edk\u00e1 prof. MUDr. Milan Br\u00e1zdil, p\u0159ednosta I. neurologick\u00e9 kliniky Fakultn\u00ed nemocnice u&nbsp;sv.&nbsp;Anny v&nbsp;Brn\u011b.<\/p>\n\n\n\n<p><strong>O epilepsii<\/strong><\/p>\n\n\n\n<p>Epilepsie je neurologick\u00e9 onemocn\u011bn\u00ed charakterizovan\u00e9 opakovan\u00fdm v\u00fdskytem neprovokovan\u00fdch epileptick\u00fdch z\u00e1chvat\u016f. Pat\u0159\u00ed mezi nej\u010dast\u011bj\u0161\u00ed onemocn\u011bn\u00ed mozku. Ke stanoven\u00ed diagn\u00f3zy epilepsie zpravidla doch\u00e1z\u00ed p\u0159i v\u00fdskytu dvou a v\u00edce epileptick\u00fdch z\u00e1chvat\u016f, v\u00fdjime\u010dn\u011b ji\u017e po jednom takov\u00e9m z\u00e1chvatu. Epilepsie nen\u00ed jedna nemoc, jedn\u00e1 se sp\u00ed\u0161e o skupinu onemocn\u011bn\u00ed. Hlavn\u00edm projevem jsou epileptick\u00e9 z\u00e1chvaty, kter\u00e9 mohou m\u00edt r\u016fznou podobu. Mohou se projevovat nap\u0159. pouh\u00fdm zahled\u011bn\u00edm, brn\u011bn\u00edm kon\u010detin, v\u00fdpadkem pam\u011bti nebo zn\u00e1m\u00fdmi k\u0159e\u010demi kon\u010detin se ztr\u00e1tou v\u011bdom\u00ed. Vyskytuj\u00ed se jak v pr\u016fb\u011bhu dne, tak v noci b\u011bhem sp\u00e1nku. U&nbsp;p\u0159ev\u00e1\u017en\u00e9 v\u011bt\u0161iny epilepsi\u00ed nen\u00ed p\u0159\u00ed\u010dina doposud zn\u00e1ma. Epilepsii m\u00e1 v \u010cesk\u00e9 republice p\u0159ibli\u017en\u011b 100 000 lid\u00ed. V sou\u010dasn\u00e9 dob\u011b l\u00e9ka\u0159i p\u0159i spr\u00e1vn\u00e9 a v\u010dasn\u00e9 diagnostice a farmakologick\u00e9 l\u00e9\u010db\u011b dostanou nemoc pod kontrolu a\u017e u&nbsp;70 % pacient\u016f. Celosv\u011btov\u011b m\u00e1 epilepsii v\u00edce ne\u017e 50 milion\u016f lid\u00ed, v Evrop\u011b p\u0159es 6 milion\u016f lid\u00ed, z&nbsp;toho p\u0159ibli\u017en\u011b 2 miliony d\u011bt\u00ed.<\/p>\n\n\n\n<p><strong>O EpiStop<\/strong><\/p>\n\n\n\n<p>Zapsan\u00fd spolek EpiStop je platformou pro setk\u00e1v\u00e1n\u00ed, spolupr\u00e1ci a aktivn\u00ed \u010dinnost v\u0161ech skupin a osob, kter\u00e9 maj\u00ed vztah k lidem s&nbsp;epilepsi\u00ed, tedy pacient\u016f, z\u00e1stupc\u016f pacientsk\u00fdch organizac\u00ed, zdravotn\u00edk\u016f, odborn\u00fdch spole\u010dnost\u00ed, soci\u00e1ln\u00edch poradc\u016f, \u00fa\u0159edn\u00edk\u016f st\u00e1tn\u00ed spr\u00e1vy \u010di z\u00e1stupc\u016f m\u00e9di\u00ed. Spole\u010dn\u00fdm c\u00edlem je zlep\u0161it postaven\u00ed lid\u00ed s epilepsi\u00ed ve spole\u010dnosti a pom\u00e1hat lidem s epilepsi\u00ed \u017e\u00edt plnohodnotn\u00fd a aktivn\u00ed \u017eivot. Na webu <a href=\"http:\/\/www.epistop.cz\/\">www.epistop.cz<\/a> je \u0159ada voln\u011b dostupn\u00fdch eduka\u010dn\u00edch text\u016f, z\u00e1sady spr\u00e1vn\u00e9 prvn\u00ed pomoci a&nbsp;informace pro lidi s epilepsi\u00ed i jejich bl\u00edzk\u00e9. EpiStop po\u0159\u00e1d\u00e1 mj. vzd\u011bl\u00e1vac\u00ed kurz, kter\u00fd je ur\u010den pro u\u010ditele mate\u0159sk\u00fdch, z\u00e1kladn\u00edch a&nbsp;st\u0159edn\u00edch \u0161kol, pro dosp\u011bl\u00e9 s epilepsi\u00ed organizuje kurzy Nordic Walking, vyd\u00e1v\u00e1 publikace k epilepsii (nap\u0159. EpiStandardy, \u017dena a&nbsp;epilepsie), pravideln\u011b organizuje osv\u011btov\u00e9 kampan\u011b. EpiStop spolupracuje s\u202fodbornou l\u00e9ka\u0159skou spole\u010dnost\u00ed \u010cesk\u00e1 liga proti epilepsii \u010cLS JEP a je aktivn\u00ed i v r\u00e1mci Mezin\u00e1rodn\u00edho v\u00fdboru pro epilepsie (International Bureau for Epilepsy).<\/p>\n\n\n\n<p><strong>O Spole\u010dnosti E<\/strong><\/p>\n\n\n\n<p>Spole\u010dnost E dod\u00e1v\u00e1 lidem s epilepsi\u00ed a jejich bl\u00edzk\u00fdm s\u00edlu zvl\u00e1dat n\u00e1ro\u010dn\u00e9 \u017eivotn\u00ed situace nap\u0159\u00ed\u010d celou \u010cR a zlep\u0161uje postaven\u00ed a roli lid\u00ed s epilepsi\u00ed ve&nbsp;spole\u010dnosti.&nbsp;\u010cinnost Spole\u010dnosti E stoj\u00ed na \u010dty\u0159ech pil\u00ed\u0159\u00edch, kter\u00fdmi jsou poskytov\u00e1n\u00ed odborn\u00e9ho psychosoci\u00e1ln\u00ed poradenstv\u00ed, peer podpory, virtu\u00e1ln\u00edch skupin a realizace&nbsp;advokacie.&nbsp;Vzd\u011bl\u00e1v\u00e1 lid\u00ed s epilepsi\u00ed a ve\u0159ejnost formou&nbsp;besed,&nbsp;webin\u00e1\u0159\u016f&nbsp;a&nbsp;publika\u010dn\u00ed \u010dinnosti.&nbsp;Prost\u0159ednictv\u00edm PR aktivit \u0161\u00ed\u0159\u00ed osv\u011btu a sni\u017euje p\u0159edsudky o epilepsii. Posledn\u00edm pil\u00ed\u0159em je soci\u00e1ln\u00ed podnik\u00e1n\u00ed v kv\u011btinov\u00e9 d\u00edln\u011b&nbsp;Aran\u017e\u00e9rii. V\u00edce na <a href=\"http:\/\/www.spolecnost-e.cz\/\">www.spolecnost-e.cz<\/a>. &nbsp;<\/p>\n\n\n\n<p><strong>O organizaci EPICANA<\/strong><\/p>\n\n\n\n<p>Pacientsk\u00e1 organizace EPICANA z.\u00fa. m\u00e1 za c\u00edl pom\u00e1hat d\u011btem i dosp\u011bl\u00fdm s neurologick\u00fdm onemocn\u011bn\u00edm epilepsie, zejm\u00e9na se syndromem Dravetov\u00e9. Organizuje kulturn\u00ed, charitativn\u00ed a&nbsp;vzd\u011bl\u00e1vac\u00ed akce na podporu lid\u00ed s&nbsp;epilepsi\u00ed a po\u0159\u00e1d\u00e1 \u201eepit\u00e1bory\u201c a jin\u00e1 setk\u00e1n\u00ed cel\u00fdch rodin d\u011bt\u00ed nemocn\u00fdch s epilepsi\u00ed. Zam\u011b\u0159uje se tak\u00e9 na c\u00edlenou finan\u010dn\u00ed pomoc nemocn\u00fdm d\u011btem formou podpory p\u0159i po\u0159izov\u00e1n\u00ed pot\u0159ebn\u00fdch kompenza\u010dn\u00edch pom\u016fcek, rehabilitac\u00ed, odleh\u010dovac\u00edch slu\u017eeb nebo l\u00e9ka\u0159sk\u00fdch z\u00e1krok\u016f nehrazen\u00fdch zdravotn\u00edmi poji\u0161\u0165ovnami. V\u00edce na&nbsp;<a href=\"http:\/\/www.epicana.cz\/\">www.epicana.cz<\/a>. &nbsp;&nbsp;&nbsp;<\/p>\n","protected":false},"excerpt":{"rendered":"<div class=\"mh-excerpt\"><p>Pro \u0161koly p\u0159ipravili n\u00e1vod, jak na to B\u011bhem \u017eivota prod\u011blaj\u00ed epileptick\u00fd z\u00e1chvat des\u00edtky tis\u00edc d\u011bt\u00ed, konkr\u00e9tn\u011b 5&nbsp;a\u017e&nbsp;7&nbsp;%&nbsp;d\u011bt\u00ed. Kv\u016fli sv\u00e9 nemoci se \u010dasto pot\u00fdkaj\u00ed s&nbsp;p\u0159edsudky okol\u00ed, <a class=\"mh-excerpt-more\" href=\"https:\/\/www.invarena.cz\/?p=60949\" title=\"Nevy\u010dle\u0148ujme d\u011bti s epilepsi\u00ed, vyz\u00fdvaj\u00ed odborn\u00edci\">[&#8230;]<\/a><\/p>\n<\/div>","protected":false},"author":1,"featured_media":24443,"comment_status":"open","ping_status":"closed","sticky":false,"template":"","format":"standard","meta":{"footnotes":""},"categories":[9],"tags":[],"class_list":["post-60949","post","type-post","status-publish","format-standard","has-post-thumbnail","hentry","category-zpravy"],"_links":{"self":[{"href":"https:\/\/www.invarena.cz\/index.php?rest_route=\/wp\/v2\/posts\/60949","targetHints":{"allow":["GET"]}}],"collection":[{"href":"https:\/\/www.invarena.cz\/index.php?rest_route=\/wp\/v2\/posts"}],"about":[{"href":"https:\/\/www.invarena.cz\/index.php?rest_route=\/wp\/v2\/types\/post"}],"author":[{"embeddable":true,"href":"https:\/\/www.invarena.cz\/index.php?rest_route=\/wp\/v2\/users\/1"}],"replies":[{"embeddable":true,"href":"https:\/\/www.invarena.cz\/index.php?rest_route=%2Fwp%2Fv2%2Fcomments&post=60949"}],"version-history":[{"count":0,"href":"https:\/\/www.invarena.cz\/index.php?rest_route=\/wp\/v2\/posts\/60949\/revisions"}],"wp:featuredmedia":[{"embeddable":true,"href":"https:\/\/www.invarena.cz\/index.php?rest_route=\/wp\/v2\/media\/24443"}],"wp:attachment":[{"href":"https:\/\/www.invarena.cz\/index.php?rest_route=%2Fwp%2Fv2%2Fmedia&parent=60949"}],"wp:term":[{"taxonomy":"category","embeddable":true,"href":"https:\/\/www.invarena.cz\/index.php?rest_route=%2Fwp%2Fv2%2Fcategories&post=60949"},{"taxonomy":"post_tag","embeddable":true,"href":"https:\/\/www.invarena.cz\/index.php?rest_route=%2Fwp%2Fv2%2Ftags&post=60949"}],"curies":[{"name":"wp","href":"https:\/\/api.w.org\/{rel}","templated":true}]}}