{"id":60954,"date":"2025-09-30T04:53:05","date_gmt":"2025-09-30T02:53:05","guid":{"rendered":"https:\/\/www.invarena.cz\/?p=60954"},"modified":"2025-09-30T04:53:12","modified_gmt":"2025-09-30T02:53:12","slug":"kompletni-vysetreni-ktera-odhali-potencialni-nadory-v-celem-tele","status":"publish","type":"post","link":"https:\/\/www.invarena.cz\/?p=60954","title":{"rendered":"Kompletn\u00ed vy\u0161et\u0159en\u00ed, kter\u00e1 odhal\u00ed potenci\u00e1ln\u00ed n\u00e1dory v cel\u00e9m t\u011ble"},"content":{"rendered":"\n<p>Prima <\/p>\n\n\n\n<p>Ka\u017ed\u00fd t\u0159et\u00ed obyvatel \u010cesk\u00e9 republiky v pr\u016fm\u011bru sv\u00e9ho \u017eivota onemocn\u00ed rakovinou. P\u0159itom p\u0159ibli\u017en\u011b 50 procent\u016fm n\u00e1dor\u016f by se podle odborn\u00edk\u016f dalo zabr\u00e1nit v\u010dasnou prevenc\u00ed.<\/p>\n\n\n\n<p> <strong>So\u0148a Porupkov\u00e1, moder\u00e1torka<\/strong> Krom\u011b klasick\u00fdch screeningov\u00fdch program\u016f, nap\u0159\u00edklad prostaty, st\u0159ev, prsou nebo plic, existuj\u00ed i kompletn\u00ed vy\u0161et\u0159en\u00ed, kter\u00e1 odhal\u00ed potenci\u00e1ln\u00ed n\u00e1dory v cel\u00e9m t\u011ble. <\/p>\n\n\n\n<p><strong>Michaela,<\/strong> O tom, \u017ee ji podstoup\u00edm, jsem p\u0159em\u00fd\u0161lela u\u017e dlouho. Pak p\u0159i\u0161el covid. Vlastn\u011b hlavn\u00edm d\u016fvodem bylo, \u017ee m\u00e1me v\u00fdskyt rakoviny v rodin\u011b. <\/p>\n\n\n\n<p><strong>redaktor<\/strong> M\u00ed\u0161u od v\u0161emo\u017en\u00fdch onkologick\u00fdch prohl\u00eddek odrazovalo n\u011bkolikadenn\u00ed ob\u00edh\u00e1n\u00ed l\u00e9ka\u0159\u016f. M\u00edsto toho p\u0159i\u0161la na kliniku, kde dok\u00e1\u017e\u00ed vy\u0161et\u0159it cel\u00e9 t\u011blo kompletn\u011b a v\u0161e vy\u0159\u00edd\u00ed do t\u0159\u00ed hodin. Jedin\u00e9, co musela ud\u011blat, bylo vz\u00edt si s sebou dom\u00e1c\u00ed \u00fakol, kter\u00fd dostala p\u0159edem po\u0161tou.<\/p>\n\n\n\n<p> <strong>Michaela P\u0159ikrylov\u00e1, koordin\u00e1torka Centra preventivn\u00ed onkologie, ISCARE<\/strong> Jedn\u00e1 se o to, \u017ee budete sb\u00edrat vzore\u010dek stolice t\u0159i dny, jestli vlastn\u011b v tom, v t\u00e9 stolici nen\u00ed vid\u011bt krv\u00e1cen\u00ed. Je to prevence rakoviny tlust\u00e9ho st\u0159eva.<\/p>\n\n\n\n<p><strong>redaktor<\/strong> Kompletn\u00ed vy\u0161et\u0159en\u00ed se p\u0159itom net\u00fdk\u00e1 jen onkologie, ale tak\u00e9 civiliza\u010dn\u00edch chorob jako jsou zm\u011bny na srdci, vysok\u00fd krevn\u00ed tlak anebo vysok\u00fd cholesterol.<\/p>\n\n\n\n<p> <strong>Michaela P\u0159ikrylov\u00e1, koordin\u00e1torka Centra preventivn\u00ed onkologie, ISCARE<\/strong> Chcete si to zkusit? U\u017e v\u00e1m to n\u011bkdy nat\u00e1\u010deli? <\/p>\n\n\n\n<p><strong>Karel Z\u00eddka, redaktor<\/strong> A nez\u016fstalo jen u jednoho vy\u0161et\u0159en\u00ed, i kdy\u017e pr\u00e1v\u011b m\u011b\u0159en\u00edm EKG se za\u010dalo. N\u00e1sledovalo zm\u011b\u0159en\u00ed tlaku, odb\u011br krve, ze kter\u00e9 se d\u011blaj\u00ed testy dal\u0161\u00ed, a pak druh\u00e1 ordinace, kde se prov\u011b\u0159uje za\u017e\u00edvac\u00ed \u00fastroj\u00ed, p\u0159es ultrazvuk. <\/p>\n\n\n\n<p><strong>Nad\u011b\u017eda Machkov\u00e1, l\u00e9ka\u0159ka gastroenterologie, prim\u00e1\u0159ka l\u016f\u017ekov\u00e9ho odd\u011blen\u00ed ISCARE<\/strong> V tom \u017elu\u010dn\u00edku nevid\u00edme \u017e\u00e1dn\u00e9 kam\u00e9nky. N\u00e1dorov\u00e1 onemocn\u011bn\u00ed, n\u011bkter\u00e1 dlouhou dobu nep\u016fsob\u00ed \u017e\u00e1dn\u00e9 klinick\u00e9 pot\u00ed\u017ee a ve chv\u00edli, kdy za\u010dnou n\u00e1m n\u011bjakou klinickou pot\u00ed\u017ee d\u011blat, tak v\u011bt\u0161inou jsou ji\u017e v pokro\u010dil\u00e9m stadiu a pro toto vy\u0161et\u0159en\u00ed v r\u00e1mci prevence m\u00e1 odhalit v\u010dasn\u00e9 drobn\u00e9 zm\u011bny. <\/p>\n\n\n\n<p><strong> redaktor<\/strong> Statistiky jsou p\u0159esto ne\u00faprosn\u00e9. Ka\u017ed\u00fd t\u0159et\u00ed obyvatel \u010cesk\u00e9 republiky v pr\u016fb\u011bhu sv\u00e9ho \u017eivota onemocn\u00ed rakovinou, p\u0159itom p\u0159ibli\u017en\u011b 50 procent\u016fm n\u00e1dor\u016f by se podle odborn\u00edk\u016f dalo zabr\u00e1nit v\u010dasnou prevenc\u00ed. Na vzestupu jsou mimochodem i d\u0159\u00edve m\u00e9n\u011b obvykl\u00e9 formy posti\u017een\u00ed, jako t\u0159eba u jater.<\/p>\n\n\n\n<p><strong>Nad\u011b\u017eda Machkov\u00e1, l\u00e9ka\u0159ka gastroenterologie, prim\u00e1\u0159ka l\u016f\u017ekov\u00e9ho odd\u011blen\u00ed ISCARE<\/strong> Nejv\u00e1\u017en\u011bj\u0161\u00ed posti\u017een\u00ed jater jsme v\u017edycky zaznamenali u alkoholik\u016f, ale v sou\u010dasn\u00e9 dob\u011b vid\u00edme i t\u011b\u017ek\u00e9 posti\u017een\u00ed jater pr\u00e1v\u011b v d\u016fsledku toho tukovat\u00ed. Jste na tom dob\u0159e? <\/p>\n\n\n\n<p><strong>Karel Z\u00eddka, redaktor<\/strong> Dob\u0159e to nakonec dopadlo i u M\u00ed\u0161i. <\/p>\n\n\n\n<p>Pan\u00ed doktorka m\u011b ujistila, \u017ee vnit\u0159n\u011b zat\u00edm v\u0161echno v po\u0159\u00e1dku.  <\/p>\n\n\n\n<p>CNN Prima News<\/p>\n","protected":false},"excerpt":{"rendered":"<div class=\"mh-excerpt\"><p>Prima Ka\u017ed\u00fd t\u0159et\u00ed obyvatel \u010cesk\u00e9 republiky v pr\u016fm\u011bru sv\u00e9ho \u017eivota onemocn\u00ed rakovinou. P\u0159itom p\u0159ibli\u017en\u011b 50 procent\u016fm n\u00e1dor\u016f by se podle odborn\u00edk\u016f dalo zabr\u00e1nit v\u010dasnou prevenc\u00ed. <a class=\"mh-excerpt-more\" href=\"https:\/\/www.invarena.cz\/?p=60954\" title=\"Kompletn\u00ed vy\u0161et\u0159en\u00ed, kter\u00e1 odhal\u00ed potenci\u00e1ln\u00ed n\u00e1dory v cel\u00e9m t\u011ble\">[&#8230;]<\/a><\/p>\n<\/div>","protected":false},"author":1,"featured_media":15130,"comment_status":"open","ping_status":"closed","sticky":false,"template":"","format":"standard","meta":{"footnotes":""},"categories":[11],"tags":[],"class_list":["post-60954","post","type-post","status-publish","format-standard","has-post-thumbnail","hentry","category-zdravi"],"_links":{"self":[{"href":"https:\/\/www.invarena.cz\/index.php?rest_route=\/wp\/v2\/posts\/60954","targetHints":{"allow":["GET"]}}],"collection":[{"href":"https:\/\/www.invarena.cz\/index.php?rest_route=\/wp\/v2\/posts"}],"about":[{"href":"https:\/\/www.invarena.cz\/index.php?rest_route=\/wp\/v2\/types\/post"}],"author":[{"embeddable":true,"href":"https:\/\/www.invarena.cz\/index.php?rest_route=\/wp\/v2\/users\/1"}],"replies":[{"embeddable":true,"href":"https:\/\/www.invarena.cz\/index.php?rest_route=%2Fwp%2Fv2%2Fcomments&post=60954"}],"version-history":[{"count":0,"href":"https:\/\/www.invarena.cz\/index.php?rest_route=\/wp\/v2\/posts\/60954\/revisions"}],"wp:featuredmedia":[{"embeddable":true,"href":"https:\/\/www.invarena.cz\/index.php?rest_route=\/wp\/v2\/media\/15130"}],"wp:attachment":[{"href":"https:\/\/www.invarena.cz\/index.php?rest_route=%2Fwp%2Fv2%2Fmedia&parent=60954"}],"wp:term":[{"taxonomy":"category","embeddable":true,"href":"https:\/\/www.invarena.cz\/index.php?rest_route=%2Fwp%2Fv2%2Fcategories&post=60954"},{"taxonomy":"post_tag","embeddable":true,"href":"https:\/\/www.invarena.cz\/index.php?rest_route=%2Fwp%2Fv2%2Ftags&post=60954"}],"curies":[{"name":"wp","href":"https:\/\/api.w.org\/{rel}","templated":true}]}}