{"id":6106,"date":"2013-06-04T10:45:21","date_gmt":"2013-06-04T08:45:21","guid":{"rendered":"http:\/\/www.invarena.cz\/?p=6106"},"modified":"2014-10-20T20:11:45","modified_gmt":"2014-10-20T18:11:45","slug":"nahlednete-do-sveta-v-nemz-je-absolutni-ticho-nebo-tma","status":"publish","type":"post","link":"https:\/\/www.invarena.cz\/?p=6106","title":{"rendered":"Nahl\u00e9dn\u011bte do sv\u011bta, v n\u011bm\u017e je absolutn\u00ed ticho nebo tma"},"content":{"rendered":"<p><strong>V\u00edte nap\u0159\u00edklad, co je to absolutn\u00ed klaustrofobie? Takto z\u00e1bavn\u011b si lid\u00e9 na unik\u00e1tn\u00ed v\u00fdstav\u011b Moje cesta mohou vyzkou\u0161et \u017eivot lid\u00ed se zrakov\u00fdm, sluchov\u00fdm nebo t\u011blesn\u00fdm posti\u017een\u00edm. P\u0159esv\u011bd\u010d\u00ed se, \u017ee to jde ud\u011blat i interaktivn\u011b a hrav\u011b.\u00a0<\/strong><\/p>\n<p><strong><!--more--> <\/strong><\/p>\n<p>Co je to absolutn\u00ed klaustrofobie? Kdy\u017e d\u00e1te nevidom\u00e9mu h\u016fl do kbel\u00edku.<\/p>\n<p>Je to sice hodn\u011b \u010dern\u00fd humor, sami nevidom\u00ed ov\u0161em mohou vypr\u00e1v\u011bt drsn\u011bj\u0161\u00ed p\u0159\u00edb\u011bhy, kter\u00e9 za\u017e\u00edvaj\u00ed v &#8222;na\u0161em&#8220; sv\u011bt\u011b pln\u00e9m p\u0159ek\u00e1\u017eek. V n\u011bm se z\u010distajasna objevuj\u00ed neozna\u010den\u00e9 v\u00fdkopy, reklamn\u00ed panely a cyklist\u00e9 uprost\u0159ed chodn\u00edku a naopak bez varov\u00e1n\u00ed miz\u00ed z ulic d\u016fle\u017eit\u00e9 orienta\u010dn\u00ed body.<\/p>\n<p>Ka\u017ed\u00e1 takov\u00e1 zku\u0161enost se lidem se zdrav\u00fdma o\u010dima t\u011b\u017eko sd\u011bluje, milionkr\u00e1t lep\u0161\u00ed je ji pro\u017e\u00edt.<\/p>\n<p>Ode dne\u0161ka m\u00e1 takovou mo\u017enost ka\u017ed\u00fd, kdo nav\u0161t\u00edv\u00ed unik\u00e1tn\u00ed v\u00fdstavu Moje cesta na hole\u0161ovick\u00e9m V\u00fdstavi\u0161ti. Mezi 9. a 18. hodinou se tu od pond\u011bl\u00ed do soboty a\u017e do 29. \u010dervna n\u00e1v\u0161t\u011bvn\u00edk\u016fm otev\u0159e sv\u011bt, v n\u011bm\u017e panuje tma. Nebo ticho, p\u0159\u00edpadn\u011b kde je pohyb mo\u017en\u00fd jen na voz\u00edku.<\/p>\n<p>Ov\u0161em pozor, nen\u00ed to prostor, kde je smutno a jeho\u017e obyvatele je t\u0159eba zahrnout soucitem. V\u00fdstava Moje cesta ukazuje, \u017ee \u017eivoty lid\u00ed se zdravotn\u00edm handicapem a t\u011bch zdrav\u00fdch jsou podobn\u00e9 \u2013 v\u0161ichni mus\u00ed p\u0159ekon\u00e1vat n\u011bjak\u00e9 p\u0159ek\u00e1\u017eky.<\/p>\n<p>&#8222;Jen ka\u017ed\u00fd pot\u0159ebuje na jejich p\u0159ekon\u00e1n\u00ed jin\u00e9 pom\u016fcky,&#8220; shrnuje stru\u010dn\u011b hlavn\u00ed motto v\u00fdstavy Jana Vo\u017eechov\u00e1 z Nadace Sirius, kde m\u00e1 jako projektov\u00e1 mana\u017eerka na starosti v\u00fdstavu Moje cesta i netradi\u010dn\u00ed projekt chodicilide.cz. Ten druh\u00fdm rokem u\u010d\u00ed lidi s posti\u017een\u00edm i bez n\u011bj bo\u0159it vz\u00e1jemn\u00e9 p\u0159edsudky a bari\u00e9ry.<\/p>\n<p>Na V\u00fdstavi\u0161ti je proto v\u00edt\u00e1n ka\u017ed\u00fd, kdo chce do \u017eivota lid\u00ed se zrakov\u00fdm, sluchov\u00fdm a t\u011blesn\u00fdm posti\u017een\u00edm nahl\u00e9dnout, trochu se v n\u011bm zorientovat a pak t\u0159eba m\u011bnit n\u011bkter\u00e9 stereotypy.<\/p>\n<p><strong>\u017d\u00e1dn\u00e9 pou\u010dov\u00e1n\u00ed, hlavn\u011b z\u00e1bava <\/strong><\/p>\n<p>Zvl\u00e1\u0161\u0165 se tu t\u011b\u0161\u00ed na \u0161koln\u00ed v\u00fdpravy a rodi\u010de s d\u011btmi. &#8222;D\u011bti toti\u017e vn\u00edmaj\u00ed lidi s posti\u017een\u00edm bez p\u0159edsudk\u016f, to my, dosp\u011bl\u00ed, v nich tvo\u0159\u00edme zbyte\u010dn\u00e9 bari\u00e9ry. Na v\u00fdstav\u011b m\u016f\u017eou d\u011bti poznat r\u016fzn\u00e9 druhy posti\u017een\u00ed, pt\u00e1t se a doslova si osahat nezn\u00e1m\u00fd sv\u011bt,&#8220; l\u00ed\u010d\u00ed Vo\u017eechov\u00e1.<\/p>\n<p>Proto je tak\u00e9 Moje cesta tak hrav\u00e1. Zapome\u0148te na nudn\u00e9 vitr\u00edny, p\u0159epl\u00e1can\u00e9 panely a pou\u010dn\u00e9 instrukt\u00e1\u017en\u00ed filmy, tady se budete bavit. &#8222;V\u0161echno to po\u0159\u00e1dn\u011b poznat, pro\u017e\u00edt emoce a pak to nechat chv\u00edli vst\u0159eb\u00e1vat. Jen tak mohou lid\u00e9 zm\u011bnit sv\u016fj p\u0159\u00edstup,&#8220; \u0159\u00edk\u00e1 projektov\u00e1 mana\u017eerka, kdy\u017e nad soupisem &#8222;atrakc\u00ed&#8220; vyb\u00edr\u00e1 ty nejzaj\u00edmav\u011bj\u0161\u00ed.<\/p>\n<p>Nen\u00ed to v\u016fbec lehk\u00e9. Co t\u0159eba p\u0159ek\u00e1\u017ekov\u00e1 dr\u00e1ha, kterou n\u00e1v\u0161t\u011bvn\u00edci zdolaj\u00ed na voz\u00edku nebo s pomoc\u00ed b\u00edl\u00e9 hole. Vyzkou\u0161\u00ed si proch\u00e1zku po z\u00e1mkov\u00e9 dla\u017eb\u011b, p\u00edsku \u010di \u0161t\u011brku, za\u017eij\u00ed stoup\u00e1n\u00ed, kles\u00e1n\u00ed, vchod do panel\u00e1ku s n\u011bkolika schody, nerovnosti nebo zdol\u00e1n\u00ed p\u0159echodu se semaforem pro chodce. &#8222;Ter\u00e9n se tak nau\u010d\u00ed vn\u00edmat jinak a sn\u00e1z poznaj\u00ed, kdy lid\u00e9 s posti\u017een\u00edm pot\u0159ebuj\u00ed pomoc,&#8220; \u0159\u00edk\u00e1 Jana Vo\u017eechov\u00e1.<\/p>\n<p>Ti, s nimi\u017e \u0161ijou v\u0161ichni \u010derti, mohou energii vyb\u00edt p\u0159i sportu, proto\u017ee zdravotn\u00ed posti\u017een\u00ed nen\u00ed d\u016fvod zah\u00e1let na gau\u010di. Tak\u017ee si sportovci vyzkou\u0161ej\u00ed volejbal s ozvu\u010den\u00fdm m\u00ed\u010dem, basketbal na voz\u00edku i stoln\u00ed tenis pro nevidom\u00e9.<\/p>\n<p>&#8222;V bezpe\u010dn\u00e9m prost\u0159ed\u00ed z\u00e1jemci zjist\u00ed, \u017ee sportovat se d\u00e1 i jinak,&#8220; nazna\u010duje Vo\u017eechov\u00e1 a p\u0159id\u00e1v\u00e1 dal\u0161\u00ed potenci\u00e1ln\u00ed pro\u017eitky \u2013 t\u0159eba v replice bytu, kter\u00fd je upraven pro pohyb na voz\u00edku. Tady se n\u00e1v\u0161t\u011bvn\u00edci sezn\u00e1m\u00ed s pom\u016fckami, kter\u00e9 t\u011blesn\u011b posti\u017een\u00fdm zjednodu\u0161uj\u00ed \u017eivot, a snad tak\u00e9 pochop\u00ed, kolik p\u0159ek\u00e1\u017eek m\u016f\u017ee \u010d\u00edhat na voz\u00ed\u010dk\u00e1\u0159e v oby\u010dejn\u00e9m byt\u011b.<\/p>\n<p><strong>Jak poznat, \u017ee hrne\u010dek je pln\u00fd <\/strong><\/p>\n<p>Za zkou\u0161ku stoj\u00ed i mal\u00e1 lekce tlumo\u010den\u00ed do znakov\u00e9ho jazyka, kurz psan\u00ed Braillov\u00fdm p\u00edsmem nebo prohl\u00eddka mazan\u00fdch vyn\u00e1lez\u016f: po\u010d\u00edta\u010de ovl\u00e1dan\u00e9ho o\u010dima, indik\u00e1toru, jen\u017e rozpozn\u00e1 des\u00edtky barev nebo kter\u00fd nevidom\u00e9ho upozorn\u00ed, \u017ee je hrn\u00ed\u010dek t\u00e9m\u011b\u0159 pln\u00fd, nen\u00e1padn\u00e9ho osobn\u00edho zesilova\u010de zvuku nebo p\u00e1rova\u010de pono\u017eek.<\/p>\n<p>&#8222;Je toho prost\u011b tolik, \u017ee bude lep\u0161\u00ed, kdy\u017e se ka\u017ed\u00fd p\u0159esv\u011bd\u010d\u00ed p\u0159\u00edmo na V\u00fdstavi\u0161ti,&#8220; zve Jana Vo\u017eechov\u00e1 k n\u00e1v\u0161t\u011bv\u011b a p\u0159ipomene, \u017ee ve v\u0161edn\u00ed den do 15 hodin je v\u00fdstava rezervov\u00e1na pro \u0161koly, odpoledne a v sobotu je otev\u0159eno pro ve\u0159ejnost.<\/p>\n<p>Mlad\u00e1 fronta DNES<\/p>\n<p>Magdalena Nov\u00e1<\/p>\n","protected":false},"excerpt":{"rendered":"<div class=\"mh-excerpt\"><p>V\u00edte nap\u0159\u00edklad, co je to absolutn\u00ed klaustrofobie? Takto z\u00e1bavn\u011b si lid\u00e9 na unik\u00e1tn\u00ed v\u00fdstav\u011b Moje cesta mohou vyzkou\u0161et \u017eivot lid\u00ed se zrakov\u00fdm, sluchov\u00fdm nebo t\u011blesn\u00fdm <a class=\"mh-excerpt-more\" href=\"https:\/\/www.invarena.cz\/?p=6106\" title=\"Nahl\u00e9dn\u011bte do sv\u011bta, v n\u011bm\u017e je absolutn\u00ed ticho nebo tma\">[&#8230;]<\/a><\/p>\n<\/div>","protected":false},"author":1,"featured_media":6107,"comment_status":"open","ping_status":"open","sticky":false,"template":"","format":"standard","meta":{"footnotes":""},"categories":[7],"tags":[],"class_list":["post-6106","post","type-post","status-publish","format-standard","has-post-thumbnail","hentry","category-spolecnost"],"_links":{"self":[{"href":"https:\/\/www.invarena.cz\/index.php?rest_route=\/wp\/v2\/posts\/6106","targetHints":{"allow":["GET"]}}],"collection":[{"href":"https:\/\/www.invarena.cz\/index.php?rest_route=\/wp\/v2\/posts"}],"about":[{"href":"https:\/\/www.invarena.cz\/index.php?rest_route=\/wp\/v2\/types\/post"}],"author":[{"embeddable":true,"href":"https:\/\/www.invarena.cz\/index.php?rest_route=\/wp\/v2\/users\/1"}],"replies":[{"embeddable":true,"href":"https:\/\/www.invarena.cz\/index.php?rest_route=%2Fwp%2Fv2%2Fcomments&post=6106"}],"version-history":[{"count":0,"href":"https:\/\/www.invarena.cz\/index.php?rest_route=\/wp\/v2\/posts\/6106\/revisions"}],"wp:featuredmedia":[{"embeddable":true,"href":"https:\/\/www.invarena.cz\/index.php?rest_route=\/wp\/v2\/media\/6107"}],"wp:attachment":[{"href":"https:\/\/www.invarena.cz\/index.php?rest_route=%2Fwp%2Fv2%2Fmedia&parent=6106"}],"wp:term":[{"taxonomy":"category","embeddable":true,"href":"https:\/\/www.invarena.cz\/index.php?rest_route=%2Fwp%2Fv2%2Fcategories&post=6106"},{"taxonomy":"post_tag","embeddable":true,"href":"https:\/\/www.invarena.cz\/index.php?rest_route=%2Fwp%2Fv2%2Ftags&post=6106"}],"curies":[{"name":"wp","href":"https:\/\/api.w.org\/{rel}","templated":true}]}}