{"id":61254,"date":"2025-10-14T07:02:27","date_gmt":"2025-10-14T05:02:27","guid":{"rendered":"https:\/\/www.invarena.cz\/?p=61254"},"modified":"2025-10-14T07:02:36","modified_gmt":"2025-10-14T05:02:36","slug":"poradaji-tanecni-kurz-pro-lidi-s-handicapem","status":"publish","type":"post","link":"https:\/\/www.invarena.cz\/?p=61254","title":{"rendered":"Po\u0159\u00e1daj\u00ed tane\u010dn\u00ed kurz pro\u00a0lidi\u00a0s\u00a0handicapem"},"content":{"rendered":"\n<p>\u010cT 1<\/p>\n\n\n\n<p>Prvn\u00ed tane\u010dn\u00ed kurz pro lidi s omezenou pohyblivost\u00ed nebo na voz\u00edku se konal v ned\u011bli v teplick\u00e9 nemocnici. Za projektem stoj\u00ed dlouholet\u00fd tane\u010dn\u00edk, kter\u00e9mu byla diagnostikovan\u00e1 roztrou\u0161en\u00e1 skler\u00f3za. Rozhodl se pr\u00e1v\u011b proto pomoci lidem s podobn\u00fdm onemocn\u011bn\u00edm a uk\u00e1zat jim, \u017ee i p\u0159esto lze \u017e\u00edt kvalitn\u00ed \u017eivot. S\u00e1m toti\u017e \u0159\u00edk\u00e1, \u017ee nemoc\u00ed \u010di \u00farazem \u017eivot rozhodn\u011b nekon\u010d\u00ed. <\/p>\n\n\n\n<p>Michal Jank\u016f se tanci v\u011bnuje d\u00e9le ne\u017e 15 let. Posledn\u00edch p\u011bt let ho ale prov\u00e1z\u00ed diagn\u00f3za roztrou\u0161en\u00e9 skler\u00f3zy. Ani ta ho ale v tanci nezastavila. <\/p>\n\n\n\n<p><strong>Michal Jank\u016f, organiz\u00e1tor tane\u010dn\u00edch<\/strong> P\u0159ece jenom jako pacienti s roztrou\u0161enou skler\u00f3zou m\u00e1me sv\u00e1 specifika a pot\u0159ebujeme ur\u010dit\u00fd nadstandardn\u00ed p\u0159\u00edstup. A tento projekt tady de facto do t\u00e9 doby u n\u00e1s v republice a nikde v Evrop\u011b, co m\u00e1m informace, nebyl. <\/p>\n\n\n\n<p>M<strong>arta Vachov\u00e1, prim\u00e1\u0159ka, neurologick\u00e9 odd., Nemocnice Teplice<\/strong> Pacient\u016fm s roztrou\u0161enou skler\u00f3zou pom\u00e1h\u00e1 velmi nejenom k udr\u017een\u00ed, ale i k vylep\u0161en\u00ed jejich st\u00e1vaj\u00edc\u00edch pohybov\u00fdch schopnost\u00ed a tanec je k tomu je\u0161t\u011b p\u0159idan\u00e1 hodnota.<\/p>\n\n\n\n<p><strong>redaktor<\/strong> Ned\u011bln\u00edho tane\u010dn\u00edho kurzu se \u00fa\u010dastnilo 25 lid\u00ed. Dal\u0161\u00ed bude p\u0159esn\u011b za t\u00fdden. Lid\u00e9 se st\u00e1le do n\u011bj mohou p\u0159ihl\u00e1sit.<\/p>\n\n\n\n<p>\u010cesk\u00e1 televize<\/p>\n","protected":false},"excerpt":{"rendered":"<div class=\"mh-excerpt\"><p>\u010cT 1 Prvn\u00ed tane\u010dn\u00ed kurz pro lidi s omezenou pohyblivost\u00ed nebo na voz\u00edku se konal v ned\u011bli v teplick\u00e9 nemocnici. Za projektem stoj\u00ed dlouholet\u00fd tane\u010dn\u00edk, <a class=\"mh-excerpt-more\" href=\"https:\/\/www.invarena.cz\/?p=61254\" title=\"Po\u0159\u00e1daj\u00ed tane\u010dn\u00ed kurz pro\u00a0lidi\u00a0s\u00a0handicapem\">[&#8230;]<\/a><\/p>\n<\/div>","protected":false},"author":1,"featured_media":32292,"comment_status":"open","ping_status":"closed","sticky":false,"template":"","format":"standard","meta":{"footnotes":""},"categories":[9],"tags":[],"class_list":["post-61254","post","type-post","status-publish","format-standard","has-post-thumbnail","hentry","category-zpravy"],"_links":{"self":[{"href":"https:\/\/www.invarena.cz\/index.php?rest_route=\/wp\/v2\/posts\/61254","targetHints":{"allow":["GET"]}}],"collection":[{"href":"https:\/\/www.invarena.cz\/index.php?rest_route=\/wp\/v2\/posts"}],"about":[{"href":"https:\/\/www.invarena.cz\/index.php?rest_route=\/wp\/v2\/types\/post"}],"author":[{"embeddable":true,"href":"https:\/\/www.invarena.cz\/index.php?rest_route=\/wp\/v2\/users\/1"}],"replies":[{"embeddable":true,"href":"https:\/\/www.invarena.cz\/index.php?rest_route=%2Fwp%2Fv2%2Fcomments&post=61254"}],"version-history":[{"count":0,"href":"https:\/\/www.invarena.cz\/index.php?rest_route=\/wp\/v2\/posts\/61254\/revisions"}],"wp:featuredmedia":[{"embeddable":true,"href":"https:\/\/www.invarena.cz\/index.php?rest_route=\/wp\/v2\/media\/32292"}],"wp:attachment":[{"href":"https:\/\/www.invarena.cz\/index.php?rest_route=%2Fwp%2Fv2%2Fmedia&parent=61254"}],"wp:term":[{"taxonomy":"category","embeddable":true,"href":"https:\/\/www.invarena.cz\/index.php?rest_route=%2Fwp%2Fv2%2Fcategories&post=61254"},{"taxonomy":"post_tag","embeddable":true,"href":"https:\/\/www.invarena.cz\/index.php?rest_route=%2Fwp%2Fv2%2Ftags&post=61254"}],"curies":[{"name":"wp","href":"https:\/\/api.w.org\/{rel}","templated":true}]}}