{"id":61453,"date":"2025-10-22T14:22:25","date_gmt":"2025-10-22T12:22:25","guid":{"rendered":"https:\/\/www.invarena.cz\/?p=61453"},"modified":"2025-10-22T14:22:26","modified_gmt":"2025-10-22T12:22:26","slug":"mam-druzstevni-byt-prijdu-o-narok-na-pridavky-na-deti","status":"publish","type":"post","link":"https:\/\/www.invarena.cz\/?p=61453","title":{"rendered":"M\u00e1m dru\u017estevn\u00ed byt, p\u0159ijdu o n\u00e1rok na p\u0159\u00eddavky na d\u011bti?"},"content":{"rendered":"\n<p>\u010cRo Liberec<\/p>\n\n\n\n<p>Hosty jsou Kate\u0159ina Jirkov\u00e1 z ministerstva pr\u00e1ce a soci\u00e1ln\u00edch v\u011bc\u00ed a Marek Male\u0148\u00e1k z gener\u00e1ln\u00edho \u0159editelstv\u00ed \u00da\u0159adu pr\u00e1ce. Poj\u010fme ke konkr\u00e9tn\u00edm dotaz\u016fm. <br \/>Bude-li matka muset \u017e\u00e1dat o superd\u00e1vku, co mus\u00ed dolo\u017eit?<\/p>\n\n\n\n<p><strong>mluv\u010d\u00ed 2,<\/strong> Ano, op\u011bt je d\u016fle\u017eit\u00e9, aby si \u010dlov\u011bk po\u017e\u00e1dal, po\u017e\u00e1dal o tu superd\u00e1vku, i kdy\u017e t\u0159eba bylo zm\u00edn\u011bno, \u017ee bere p\u0159\u00edsp\u011bvek na bydlen\u00ed, tak\u017ee zase jsme v tom re\u017eimu toho p\u0159echodn\u00e9ho obdob\u00ed, o kter\u00e9m jsme se tady bavili u\u017e od za\u010d\u00e1tku. Ale je super, \u017ee to tady po\u0159\u00e1d m\u016f\u017eeme zmi\u0148ovat, abyste v\u011bd\u011bli, jak to funguje a jak to bude. Tak\u017ee pokud p\u0159\u00edsp\u011bvek na bydlen\u00ed berete a ta \u010d\u00e1stka za to z\u00e1\u0159\u00ed je v pohod\u011b, tak m\u016f\u017eete si v r\u00e1mci toho p\u0159echodn\u00e9ho obdob\u00ed od 1. 10. do t\u0159ic\u00e1t\u00e9ho prvn\u00edho dvan\u00e1ct\u00fd zase po\u017e\u00e1dat o tu superd\u00e1vku. Tam bude nutn\u00e9 dolo\u017eit podklady, kter\u00e9 vysko\u010d\u00ed nebo vygeneruj\u00ed se jako ty \u00fakoly, a\u0165 u\u017e na ty p\u0159\u00edjmy nebo n\u00e1klady, nebo t\u0159eba ten pr\u00e1vn\u00ed titul bydlen\u00ed a ve\u0161ker\u00e9 v\u011bci, na z\u00e1klad\u011b kter\u00e9 uvedete do t\u00e9 \u017e\u00e1dosti a na z\u00e1klad\u011b toho si po\u017e\u00e1dat o superd\u00e1vku m\u016f\u017eete.<\/p>\n\n\n\n<p><strong>Tom\u00e1\u0161 Panc\u00ed\u0159, moder\u00e1tor<\/strong> Ta d\u016fle\u017eit\u00e1 odpov\u011b\u010f asi je, \u017ee mus\u00ed po\u017e\u00e1dat. Ot\u00e1zka je, jestli je v\u00fdhodn\u011bj\u0161\u00ed po\u017e\u00e1dat do konce roku, anebo naopak po\u010dkat od ledna, co\u017e z\u00e1vis\u00ed s t\u00edm, jestli vy\u0161\u0161\u00ed bude super d\u00e1vka nebo sou\u010dasn\u00e9 soci\u00e1ln\u00ed d\u00e1vky. Tak je\u0161t\u011b jeden dotaz v tomto bloku, pan Radek z Brna, jak se bere dru\u017estevn\u00ed byt? Pokud m\u00e1m dru\u017estevn\u00ed byt a chatu, p\u0159ijdu o n\u00e1rok na p\u0159\u00eddavky na d\u011bti?<\/p>\n\n\n\n<p><strong>mluv\u010d\u00ed 2,<\/strong> Dru\u017estevn\u00ed byt&#8230; P\u0159edpokl\u00e1d\u00e1m, \u017ee ne, proto\u017ee nen\u00ed vlastn\u00edkem, proto\u017ee tam nen\u00ed vlastnictv\u00ed, tam vlastn\u011b ten byt vlastn\u00ed dru\u017estvo, tak tam by nem\u011bli p\u0159ij\u00edt o ten n\u00e1rok na bonus na d\u00edt\u011b, jo, proto\u017ee nov\u011b u\u017e to nebude samoz\u0159ejm\u011b p\u0159\u00eddavek na d\u00edt\u011b, ale v r\u00e1mci t\u00e9 superd\u00e1vky to bude bonus na d\u00edt\u011b, ale zase je nutn\u00e9 po\u017e\u00e1dat si, po\u017e\u00e1dat si ur\u010dit\u011b o tu super d\u00e1vku, proto\u017ee pokud by si klient nepo\u017e\u00e1dal o tu super d\u00e1vku, tak by mu v\u00fdplata t\u011bch p\u0159\u00eddavk\u016f na d\u00edt\u011b skon\u010dila za prosinec v lednu a musel by si stejn\u011b o tu super d\u00e1vku po\u017e\u00e1dat t\u0159eba v lednu.<\/p>\n\n\n\n<p><strong>Tom\u00e1\u0161 Panc\u00ed\u0159, moder\u00e1tor<\/strong> Co\u017e je mo\u017en\u00e1 u\u017eite\u010dn\u00e9 p\u0159ipomenut\u00ed, proto\u017ee my hodn\u011b mluv\u00edme o p\u0159\u00edsp\u011bvku na bydlen\u00ed, t\u00fdk\u00e1 se to i p\u0159\u00eddavk\u016f na d\u011bti, vlastn\u011b ten model je stejn\u00fd. <\/p>\n\n\n\n<p><\/p>\n","protected":false},"excerpt":{"rendered":"<div class=\"mh-excerpt\"><p>\u010cRo Liberec Hosty jsou Kate\u0159ina Jirkov\u00e1 z ministerstva pr\u00e1ce a soci\u00e1ln\u00edch v\u011bc\u00ed a Marek Male\u0148\u00e1k z gener\u00e1ln\u00edho \u0159editelstv\u00ed \u00da\u0159adu pr\u00e1ce. Poj\u010fme ke konkr\u00e9tn\u00edm dotaz\u016fm. Bude-li <a class=\"mh-excerpt-more\" href=\"https:\/\/www.invarena.cz\/?p=61453\" title=\"M\u00e1m dru\u017estevn\u00ed byt, p\u0159ijdu o n\u00e1rok na p\u0159\u00eddavky na d\u011bti?\">[&#8230;]<\/a><\/p>\n<\/div>","protected":false},"author":1,"featured_media":24123,"comment_status":"open","ping_status":"closed","sticky":false,"template":"","format":"standard","meta":{"footnotes":""},"categories":[18],"tags":[],"class_list":["post-61453","post","type-post","status-publish","format-standard","has-post-thumbnail","hentry","category-poradna"],"_links":{"self":[{"href":"https:\/\/www.invarena.cz\/index.php?rest_route=\/wp\/v2\/posts\/61453","targetHints":{"allow":["GET"]}}],"collection":[{"href":"https:\/\/www.invarena.cz\/index.php?rest_route=\/wp\/v2\/posts"}],"about":[{"href":"https:\/\/www.invarena.cz\/index.php?rest_route=\/wp\/v2\/types\/post"}],"author":[{"embeddable":true,"href":"https:\/\/www.invarena.cz\/index.php?rest_route=\/wp\/v2\/users\/1"}],"replies":[{"embeddable":true,"href":"https:\/\/www.invarena.cz\/index.php?rest_route=%2Fwp%2Fv2%2Fcomments&post=61453"}],"version-history":[{"count":0,"href":"https:\/\/www.invarena.cz\/index.php?rest_route=\/wp\/v2\/posts\/61453\/revisions"}],"wp:featuredmedia":[{"embeddable":true,"href":"https:\/\/www.invarena.cz\/index.php?rest_route=\/wp\/v2\/media\/24123"}],"wp:attachment":[{"href":"https:\/\/www.invarena.cz\/index.php?rest_route=%2Fwp%2Fv2%2Fmedia&parent=61453"}],"wp:term":[{"taxonomy":"category","embeddable":true,"href":"https:\/\/www.invarena.cz\/index.php?rest_route=%2Fwp%2Fv2%2Fcategories&post=61453"},{"taxonomy":"post_tag","embeddable":true,"href":"https:\/\/www.invarena.cz\/index.php?rest_route=%2Fwp%2Fv2%2Ftags&post=61453"}],"curies":[{"name":"wp","href":"https:\/\/api.w.org\/{rel}","templated":true}]}}