{"id":61574,"date":"2025-11-05T14:42:50","date_gmt":"2025-11-05T13:42:50","guid":{"rendered":"https:\/\/www.invarena.cz\/?p=61574"},"modified":"2025-11-05T14:42:51","modified_gmt":"2025-11-05T13:42:51","slug":"beneficni-koncert-svetlo-pro-svetlusku-vydelal-letos-minimalne-55-milionu-korun","status":"publish","type":"post","link":"https:\/\/www.invarena.cz\/?p=61574","title":{"rendered":"Benefi\u010dn\u00ed koncert Sv\u011btlo pro Sv\u011btlu\u0161ku vyd\u011blal letos minim\u00e1ln\u011b 5,5 milionu korun"},"content":{"rendered":"\n<p>Benefi\u010dn\u00ed koncert Sv\u011btlo pro Sv\u011btlu\u0161ku vyd\u011blal letos minim\u00e1ln\u011b 5,5 milionu korun. Nada\u010dn\u00ed fond \u010cesk\u00e9ho rozhlasu akci na podporu t\u011b\u017ece zrakov\u011b posti\u017een\u00fdch po\u0159\u00e1dal u\u017e po jedenadvac\u00e1t\u00e9 v pra\u017esk\u00e9m kin\u011b Vzlet vystoupili v\u010dera ve\u010der spolu s nevidom\u00fdmi zp\u011bv\u00e1ky t\u0159eba Tereza Ma\u0161kov\u00e1, Pok\u00e1\u010d, Ond\u0159ej Ruml anebo Jan Bendig. <\/p>\n\n\n\n<p><strong>Jan Bendig, zp\u011bv\u00e1k<\/strong> C\u00edt\u00edm se mezi v\u0161ema hrozn\u011b v\u00edtanej tady. Je to fakt kr\u00e1sn\u00fd. <\/p>\n\n\n\n<p><strong>Blanka Jane\u010dkov\u00e1, zp\u011bva\u010dka<\/strong> No, j\u00e1, kdy\u017e jsem se dov\u011bd\u011bla o spolupr\u00e1ci s Honzou, tak jsem omdlela. J\u00e1 jsem byla fakt nad\u0161en\u00e1 stra\u0161n\u011b. <\/p>\n\n\n\n<p><strong> redaktorka<\/strong> \u0158\u00edk\u00e1 Jan Bendig a nevidom\u00e1 Blanka Jane\u010dkov\u00e1, kte\u0159\u00ed spole\u010dn\u011b zazp\u00edvali na koncert\u011b Sv\u011btlo pro Sv\u011btlu\u0161ku. Komu vybran\u00e9 pen\u00edze z koncertu pom\u016f\u017eou, popisuje \u0159editel Nada\u010dn\u00edho fondu \u010cesk\u00e9ho rozhlasu Ji\u0159\u00ed V\u00e1\u0148a. <\/p>\n\n\n\n<p><strong>Ji\u0159\u00ed V\u00e1\u0148a, \u0159editel Nada\u010dn\u00edho fondu \u010cRo<\/strong> My v tuhle chv\u00edli v hlavn\u00edm grantov\u00e9m \u0159\u00edzen\u00ed m\u00e1me \u017e\u00e1dosti za 53 milion\u016f, co\u017e samoz\u0159ejm\u011b d\u00edky tomu, \u017ee m\u00e1me dary i z p\u0159edchoz\u00edho obdob\u00ed, tak dok\u00e1\u017eeme n\u011bjak pokr\u00fdt, ale ta pot\u0159eba je velmi velk\u00e1. <\/p>\n\n\n\n<p><strong>redaktorka<\/strong> Pom\u00e1hat nevidom\u00fdm m\u016f\u017eou lid\u00e9 i d\u00e1l, a to zasl\u00e1n\u00edm d\u00e1rcovsk\u00e9 SMS nebo p\u0159isp\u011bn\u00edm p\u0159es sb\u00edrkov\u00e9 konto zve\u0159ejn\u011bn\u00e9 na webu nada\u010dn\u00edho fondu. Radio\u017eurn\u00e1l.<\/p>\n\n\n\n<p>d\u00e1rci p\u0159isp\u011bli na benefi\u010dn\u00edm koncert\u011b Sv\u011btlo pro Sv\u011btlu\u0161ku rekordn\u00ed \u010d\u00e1stkou 5,5 milionu korun.<\/p>\n\n\n\n<p>Nevidom\u00fdm m\u016f\u017eou z\u00e1jemci pom\u00e1hat celoro\u010dn\u011b t\u0159eba zasl\u00e1n\u00edm d\u00e1rcovsk\u00e9 SMS nebo p\u0159\u00edsp\u011bvkem do sb\u00edrkov\u00e9ho konta p\u0159es web nada\u010dn\u00edho fondu.<\/p>\n\n\n\n<p> v pra\u017esk\u00e9m kulturn\u00edm centru Vzlet se na podporu zrakov\u011b handicapovan\u00fdch se\u0161li nevidom\u00ed hudebn\u00edci i zn\u00e1m\u00ed zp\u011bv\u00e1ci, mezi nimi t\u0159eba Tereza Ma\u0161kov\u00e1, Lenka Nov\u00e1 nebo Jan Bendig. <\/p>\n\n\n\n<p><strong> redaktorka<\/strong> Kam v\u0161ude ty pen\u00edze te\u010fka poputuj\u00ed. <\/p>\n\n\n\n<p><strong>mluv\u010d\u00ed 17,<\/strong> My v tuhle chv\u00edli v hlavn\u00edm grantov\u00e9m \u0159\u00edzen\u00ed m\u00e1me \u017e\u00e1dosti za 53 000 000, co\u017e samoz\u0159ejm\u011b d\u00edky tomu, \u017ee m\u00e1me dary i z p\u0159edchoz\u00edho obdob\u00ed, tak dok\u00e1\u017eeme n\u011bjak pokr\u00fdt, ale ta pot\u0159eba je velmi velk\u00e1.<\/p>\n\n\n\n<p><strong> redaktorka<\/strong> Ty pen\u00edze pom\u016f\u017eou nejenom lidem, kte\u0159\u00ed jsou nevidom\u00ed. <\/p>\n\n\n\n<p><strong>mluv\u010d\u00ed 17,<\/strong> u Sv\u011btlu\u0161ky m\u016f\u017eou \u017e\u00e1dat v\u0161ichni lid\u00e9 s t\u011b\u017ek\u00fdm zrakov\u00fdm posti\u017een\u00edm, a\u0165 u\u017e se s t\u00edm zrakov\u00fdm posti\u017een\u00edm narodili nebo p\u0159i\u0161li o zrak t\u0159eba v pr\u016fb\u011bhu \u017eivota a tak\u00e9 senio\u0159i, tak\u017ee jak\u00fdkoliv senior, kter\u00e9mu se zhor\u0161uje zrak a u\u017e je v tom p\u00e1smu t\u011b\u017eko zrakov\u00e9ho posti\u017een\u00ed, tak m\u016f\u017ee \u017e\u00e1dat o sv\u011btlu\u0161ky. Je to vlastn\u011b n\u00e1\u0161 relevantn\u00ed klient. <\/p>\n\n\n\n<p><strong> redaktorka<\/strong> Jedn\u00edm z projekt\u016f je boj o Job, kter\u00fd pom\u00e1h\u00e1 zrakov\u011b posti\u017een\u00fdm p\u0159i hled\u00e1n\u00ed vhodn\u00e9 pr\u00e1ce. Sv\u011btlu\u0161ka, je <strong>v<\/strong>elk\u00fdm ur\u010dit\u011b finan\u010dn\u00edm donorem. Bez n\u00ed by to v\u016fbec ne\u0161lo. <\/p>\n\n\n\n<p><strong>redaktorka<\/strong> \u0158\u00edk\u00e1 zakladatelka projektu boj o Job, prakticky nevidom\u00e1 Charlotta Pol\u00e1\u0161kov\u00e1. Jej\u00ed projekt pom\u00e1h\u00e1 nevidom\u00fdm nejenom s hled\u00e1n\u00edm nov\u00e9 pr\u00e1ce, ale formou terapi\u00ed a kou\u010dov\u00e1n\u00ed se star\u00e1 tak\u00e9 o jejich du\u0161evn\u00ed zdrav\u00ed. <\/p>\n\n\n\n<p><strong>mluv\u010d\u00ed 18,<\/strong> Ti lidi jsou opravdu te\u010f v\u00edc nalad\u011bn\u00ed pro sebe n\u011bco d\u011blat. Tu svoji problematiku konzultuj\u00ed tak, aby t\u0159eba si na\u0161li pr\u00e1ci, ve kter\u00e9 budou spokojen\u00ed a nebudou d\u011blat pr\u00e1ci jenom proto, aby n\u011bco d\u011blali, ale cht\u011bj\u00ed aktivn\u011b hledat pr\u00e1ci, kter\u00e1 by je i bavila. <\/p>\n\n\n\n<p><strong>redaktorka<\/strong>  projekt Boj o Job pomohl i nevidom\u00e9 Lucii. <\/p>\n\n\n\n<p><strong>mluv\u010d\u00ed 18,<\/strong> Studovala jsem zrovna tu speci\u00e1ln\u00ed pedagogiku, kon\u010dila jsem bakal\u00e1\u0159sk\u00fd studium a vlastn\u011b jsem si \u0159\u00edkala, \u017ee ten projekt by mi mohl pomoct. Si ujasn\u00edm, co bych cht\u011bla a nasm\u011brovat m\u011b spr\u00e1vn\u00fdm sm\u011brem, co\u017e te\u010fka jsem v posledn\u00edm ro\u010dn\u00edku magistersk\u00e9ho studia, ale z\u00e1rove\u0148 dobrovoln\u011bj\u0161\u00edm. To, \u017ee jsou to neplacen\u00e9 pozice, ale roz\u0161i\u0159ujete sv\u00e9 obzory a zku\u0161enosti. <\/p>\n\n\n\n<p><strong> redaktorka<\/strong> Pom\u00e1hat nevidom\u00fdm m\u016f\u017eete i d\u00e1l, a to zasl\u00e1n\u00edm d\u00e1rcovsk\u00e9 SMS nebo prost\u0159ednictv\u00edm sb\u00edrkov\u00e9ho konta. Na webu sv\u00edt\u00edmst\u00e1le.CZ <\/p>\n\n\n\n<p><\/p>\n","protected":false},"excerpt":{"rendered":"<div class=\"mh-excerpt\"><p>Benefi\u010dn\u00ed koncert Sv\u011btlo pro Sv\u011btlu\u0161ku vyd\u011blal letos minim\u00e1ln\u011b 5,5 milionu korun. Nada\u010dn\u00ed fond \u010cesk\u00e9ho rozhlasu akci na podporu t\u011b\u017ece zrakov\u011b posti\u017een\u00fdch po\u0159\u00e1dal u\u017e po jedenadvac\u00e1t\u00e9 <a class=\"mh-excerpt-more\" href=\"https:\/\/www.invarena.cz\/?p=61574\" title=\"Benefi\u010dn\u00ed koncert Sv\u011btlo pro Sv\u011btlu\u0161ku vyd\u011blal letos minim\u00e1ln\u011b 5,5 milionu korun\">[&#8230;]<\/a><\/p>\n<\/div>","protected":false},"author":1,"featured_media":52368,"comment_status":"open","ping_status":"closed","sticky":false,"template":"","format":"standard","meta":{"footnotes":""},"categories":[9],"tags":[],"class_list":["post-61574","post","type-post","status-publish","format-standard","has-post-thumbnail","hentry","category-zpravy"],"_links":{"self":[{"href":"https:\/\/www.invarena.cz\/index.php?rest_route=\/wp\/v2\/posts\/61574","targetHints":{"allow":["GET"]}}],"collection":[{"href":"https:\/\/www.invarena.cz\/index.php?rest_route=\/wp\/v2\/posts"}],"about":[{"href":"https:\/\/www.invarena.cz\/index.php?rest_route=\/wp\/v2\/types\/post"}],"author":[{"embeddable":true,"href":"https:\/\/www.invarena.cz\/index.php?rest_route=\/wp\/v2\/users\/1"}],"replies":[{"embeddable":true,"href":"https:\/\/www.invarena.cz\/index.php?rest_route=%2Fwp%2Fv2%2Fcomments&post=61574"}],"version-history":[{"count":0,"href":"https:\/\/www.invarena.cz\/index.php?rest_route=\/wp\/v2\/posts\/61574\/revisions"}],"wp:featuredmedia":[{"embeddable":true,"href":"https:\/\/www.invarena.cz\/index.php?rest_route=\/wp\/v2\/media\/52368"}],"wp:attachment":[{"href":"https:\/\/www.invarena.cz\/index.php?rest_route=%2Fwp%2Fv2%2Fmedia&parent=61574"}],"wp:term":[{"taxonomy":"category","embeddable":true,"href":"https:\/\/www.invarena.cz\/index.php?rest_route=%2Fwp%2Fv2%2Fcategories&post=61574"},{"taxonomy":"post_tag","embeddable":true,"href":"https:\/\/www.invarena.cz\/index.php?rest_route=%2Fwp%2Fv2%2Ftags&post=61574"}],"curies":[{"name":"wp","href":"https:\/\/api.w.org\/{rel}","templated":true}]}}