{"id":61688,"date":"2025-11-07T18:50:29","date_gmt":"2025-11-07T17:50:29","guid":{"rendered":"https:\/\/www.invarena.cz\/?p=61688"},"modified":"2025-11-07T18:50:30","modified_gmt":"2025-11-07T17:50:30","slug":"reichl-budou-se-delat-audity-na-vsech-ministerstvech","status":"publish","type":"post","link":"https:\/\/www.invarena.cz\/?p=61688","title":{"rendered":"Reichl: Budou se d\u011blat audity na v\u0161ech ministerstvech"},"content":{"rendered":"\n<p>Frekvence 1<\/p>\n\n\n\n<p>Dobr\u00fd ve\u010der, tady Hanka z Prahy. V\u0161echny v\u00e1s moc zdrav\u00edm do studia. Zejm\u00e9na pana Reichla, Moc mu d\u011bkuju za to, co pro n\u00e1s pro lidi d\u011bla. Je to prost\u011b \u00fa\u017easn\u00fd. Cel\u00e1 rodina mu fand\u00edme, jsme jeho voli\u010di a te\u010f bych r\u00e1da se pozeptala. A kdy hlavn\u011b, kdy budou \u0159e\u0161eny ty stra\u0161n\u011b podhodnocen\u00fd d\u016fchody a i invalidn\u00ed d\u016fchody, co se t\u00fd\u010de i t\u00e9 valorizace, o kter\u00e9 byli v\u0161ichni tady na\u0161i d\u016fchodci takhle okraden\u011b. J\u00e1 sama ve sv\u00e9m okol\u00ed m\u00e1m celkem dost lid\u00ed, kter\u00e9 jsou opravdu, opravdu na tom mizern\u011b. A ta Jure\u010dkova superd\u00e1vka, tak ta je jen o tom, \u017ee se naopak ub\u00edr\u00e1. Te\u010f vy\u0161la kalkula\u010dka a opravdu se ub\u00edraj\u00ed na cen\u011b vlastn\u011b v\u016fbec jakoby celkov\u00e9, celkov\u00fdch t\u011bch d\u016fchod\u016f, a to skute\u010dn\u011b i t\u011bch invalidn\u00edch d\u016fchod\u016f a pak jsem se je\u0161t\u011b cht\u011bla pozeptat druhou ot\u00e1zku, jestli se budou opravdu d\u011blat audity v\u0161ech t\u011bchhle t\u011bch ministerstev, kde je to podez\u0159en\u00ed, \u017ee prost\u011b nebylo \u00fapln\u011b v\u0161echno ko\u0161er a v\u0161echno v po\u0159\u00e1dku a jestli budou hloubkov\u00e9.D\u011bkuji moc za vysly\u0161en\u00ed, p\u0159\u00edpadn\u011b v\u0161em p\u011bkn\u00fd ve\u010der do studia i d\u011bkuji v\u00e1m.                                                              <\/p>\n\n\n\n<p> <strong>Jind\u0159ich Reichl                                                                                                                                                                                                                                                                                                                                                                                                                                                                                                                                                                                                                                                                                                                                                                                                                                                                                                                                                                                       <\/strong> D\u011bkuju mockr\u00e1t. Za\u010dnu odzadu. Budou se d\u011blat audity na v\u0161ech ministerstvech a to i vztahov\u00e9 audity, proto\u017ee ono nejde o to jenom t\u0159eba, za kolik se to koup\u00ed, ale tak\u00e9 u koho se to objedn\u00e1valo a jak byly vyps\u00e1ny ty jednotliv\u00e9 ve\u0159ejn\u00e9 zak\u00e1zky A co se t\u00fd\u010de d\u016fchod\u016f a invalidn\u00edch d\u016fchod\u016f, to je v\u00fdsm\u011bch. Co p\u0159edvedla vl\u00e1da, p\u011btikoalice, \u017e\u00e1dn\u00e1 d\u016fchodov\u00e1 reforma se tady nekonala. My chceme vr\u00e1tit v\u011bk odchodu do d\u016fchodu na 65 let, u t\u011b\u017ek\u00fdch profes\u00ed dokonce na 60 let, co se t\u00fd\u010de valorizace, tak tu chceme zv\u00fd\u0161it, a to ze t\u0159etiny r\u016fstu re\u00e1ln\u00fdch mezd na polovinu r\u016fstu re\u00e1ln\u00fdch mezd, to znamen\u00e1, \u017ee d\u016fchody postupn\u011b doh\u00e1n\u011bt \u00farove\u0148 pr\u016fm\u011brn\u00e9 mzdy. A j\u00e1 mysl\u00edm, \u017ee st\u00e1t, jeho \u00farove\u0148 se pozn\u00e1 podle toho, jak\u00fdm zp\u016fsobem se star\u00e1 o lidi, kte\u0159\u00ed tu jeho pomoc pot\u0159ebuj\u00ed. Tak\u017ee za m\u011b tohle je absolutn\u00ed priorita. J\u00e1 osobn\u011b ud\u011bl\u00e1m v\u0161echno pro to, abychom pr\u00e1v\u011b tuhle zm\u011bnu prosadili co nejd\u0159\u00edve.<\/p>\n","protected":false},"excerpt":{"rendered":"<div class=\"mh-excerpt\"><p>Frekvence 1 Dobr\u00fd ve\u010der, tady Hanka z Prahy. V\u0161echny v\u00e1s moc zdrav\u00edm do studia. Zejm\u00e9na pana Reichla, Moc mu d\u011bkuju za to, co pro n\u00e1s <a class=\"mh-excerpt-more\" href=\"https:\/\/www.invarena.cz\/?p=61688\" title=\"Reichl: Budou se d\u011blat audity na v\u0161ech ministerstvech\">[&#8230;]<\/a><\/p>\n<\/div>","protected":false},"author":1,"featured_media":1226,"comment_status":"open","ping_status":"closed","sticky":false,"template":"","format":"standard","meta":{"footnotes":""},"categories":[9],"tags":[],"class_list":["post-61688","post","type-post","status-publish","format-standard","has-post-thumbnail","hentry","category-zpravy"],"_links":{"self":[{"href":"https:\/\/www.invarena.cz\/index.php?rest_route=\/wp\/v2\/posts\/61688","targetHints":{"allow":["GET"]}}],"collection":[{"href":"https:\/\/www.invarena.cz\/index.php?rest_route=\/wp\/v2\/posts"}],"about":[{"href":"https:\/\/www.invarena.cz\/index.php?rest_route=\/wp\/v2\/types\/post"}],"author":[{"embeddable":true,"href":"https:\/\/www.invarena.cz\/index.php?rest_route=\/wp\/v2\/users\/1"}],"replies":[{"embeddable":true,"href":"https:\/\/www.invarena.cz\/index.php?rest_route=%2Fwp%2Fv2%2Fcomments&post=61688"}],"version-history":[{"count":0,"href":"https:\/\/www.invarena.cz\/index.php?rest_route=\/wp\/v2\/posts\/61688\/revisions"}],"wp:featuredmedia":[{"embeddable":true,"href":"https:\/\/www.invarena.cz\/index.php?rest_route=\/wp\/v2\/media\/1226"}],"wp:attachment":[{"href":"https:\/\/www.invarena.cz\/index.php?rest_route=%2Fwp%2Fv2%2Fmedia&parent=61688"}],"wp:term":[{"taxonomy":"category","embeddable":true,"href":"https:\/\/www.invarena.cz\/index.php?rest_route=%2Fwp%2Fv2%2Fcategories&post=61688"},{"taxonomy":"post_tag","embeddable":true,"href":"https:\/\/www.invarena.cz\/index.php?rest_route=%2Fwp%2Fv2%2Ftags&post=61688"}],"curies":[{"name":"wp","href":"https:\/\/api.w.org\/{rel}","templated":true}]}}