{"id":61691,"date":"2025-11-07T18:46:56","date_gmt":"2025-11-07T17:46:56","guid":{"rendered":"https:\/\/www.invarena.cz\/?p=61691"},"modified":"2025-11-07T18:46:57","modified_gmt":"2025-11-07T17:46:57","slug":"fenomen-doby-hranice-chudoby","status":"publish","type":"post","link":"https:\/\/www.invarena.cz\/?p=61691","title":{"rendered":"Fenom\u00e9n doby \u2013 Hranice chudoby"},"content":{"rendered":"\n<p>\u010cT 1<\/p>\n\n\n\n<p><strong>Petr Fiala, p\u0159edseda vl\u00e1dy \/ODS\/<\/strong> Na\u0161i ob\u010dan\u00e9 jsou nejm\u00e9n\u011b ohro\u017eeni chudobou v cel\u00e9 Evropsk\u00e9 unii. <\/p>\n\n\n\n<p><strong>Andrej Babi\u0161, p\u0159edseda hnut\u00ed \/ANO\/<\/strong> Vl\u00e1da Petra Fialy naprosto selhala v ochran\u011b oby\u010dejn\u00fdch lid\u00ed p\u0159ed chudobou.<\/p>\n\n\n\n<p> <strong>Luk\u00e1\u0161 Vyhnanovsk\u00fd, pracovn\u00edk Arm\u00e1dy sp\u00e1sy<\/strong> Kdy\u017e vid\u00edm to srovn\u00e1n\u00ed, jak \u017eiju j\u00e1 a jak moji klienti, tak si daleko v\u00edc v\u00e1\u017e\u00edm toho, co m\u00e1m.<\/p>\n\n\n\n<p> <strong>osoba<\/strong> Mysl\u00edm si, \u017ee z t\u011bch na\u0161ich zam\u011bstn\u00e1n\u00ed bychom se asi neu\u017eivili. <\/p>\n\n\n\n<p><strong>Ivana \u0160makalov\u00e1, pracovnice v domov\u011b pro seniory<\/strong> Jeden m\u011bs\u00edc se mi poda\u0159\u00ed na\u0161et\u0159it, dal\u0161\u00ed m\u011bs\u00edc na to s\u00e1hnu. <\/p>\n\n\n\n<p><strong>Daniel Bar\u00e1nek, pracovn\u00edk Akademie v\u011bd<\/strong> Vyskakovat si nem\u016f\u017eeme. Je to po\u0159\u00e1d o hled\u00e1n\u00ed priorit. <strong>osoba<\/strong> Ob\u010das si rozm\u00fd\u0161l\u00edme, jestli koup\u00edme ml\u00e9ko nebo vaj\u00ed\u010dka, k\u00f3r v dne\u0161n\u00ed dob\u011b, proto\u017ee to ty ceny jsou katastrof\u00e1ln\u00ed.<\/p>\n\n\n\n<p> <strong>Luk\u00e1\u0161 Vyhnanovsk\u00fd, pracovn\u00edk Arm\u00e1dy sp\u00e1sy<\/strong> Dobr\u00fd den. J\u00e1 jsem Luk\u00e1\u0161 Vyhnanovsk\u00fd, v Arm\u00e1d\u011b sp\u00e1sy pracuju 15 let a te\u010f jdeme za jedn\u00edm na\u0161\u00edm klientem, kter\u00e9mu pom\u00e1h\u00e1me se soci\u00e1ln\u00ed rehabilitac\u00ed. <\/p>\n\n\n\n<p><strong>Luk\u00e1\u0161 Vyhnanovsk\u00fd, pracovn\u00edk Arm\u00e1dy sp\u00e1sy<\/strong> Dobr\u00fd den. Luk\u00e1\u0161. Tak jsem tady. <\/p>\n\n\n\n<p><strong>redaktor<\/strong> Luk\u00e1\u0161 Vyhnanovsk\u00fd pom\u00e1h\u00e1 lidem, kte\u0159\u00ed se ocitli v t\u00ed\u017eiv\u00e9 finan\u010dn\u00ed situaci, aby se zase postavili na nohy, na\u0161li si pr\u00e1ci a mohli d\u016fstojn\u011b \u017e\u00edt. S\u00e1m ale mus\u00ed nad sv\u00fdmi v\u00fddaji p\u0159em\u00fd\u0161let. I jeho man\u017eelka toti\u017e pracuje v soci\u00e1ln\u00edch slu\u017eb\u00e1ch.<\/p>\n\n\n\n<p> <strong>Luk\u00e1\u0161 Vyhnanovsk\u00fd, pracovn\u00edk Arm\u00e1dy sp\u00e1sy<\/strong> J\u00e1 m\u00e1m \u00favazek 0,8. Te\u010f beru 28 000 \u010dist\u00e9ho. Man\u017eelka m\u00e1 polovi\u010dn\u00ed \u00favazek v dom\u011b pro matky s d\u011btma, tak\u017ee m\u00e1 n\u011bjak\u00fdch 16 000. Do toho je\u0161t\u011b n\u011bjakou pr\u00e1ci pro v\u00fdukovou agenturu. D\u011bti m\u00e1me 11, 8 a 5 let, dva kluky a holku. To nen\u00ed jen tak. P\u011bt let jste ka\u017ed\u00fd m\u011bs\u00edc spl\u00e1cel tolik tis\u00edc bez jedin\u00fdho v\u00fdpadku, m\u00e1te prodlou\u017eenou n\u00e1jemn\u00ed smlouvu a jsou to nov\u00fd podm\u00ednky toho, kolik se plat\u00ed a je to zase na rok. <\/p>\n\n\n\n<p><strong>osoba<\/strong> No jasn\u011b. <\/p>\n\n\n\n<p><strong>redaktor<\/strong> Man\u017eel\u00e9 p\u0159inesou ka\u017ed\u00fd m\u011bs\u00edc dom\u016f dohromady zhruba 50 000 K\u010d. <\/p>\n\n\n\n<p><strong>Luk\u00e1\u0161 Vyhnanovsk\u00fd, pracovn\u00edk Arm\u00e1dy sp\u00e1sy<\/strong> T\u0159eba d\u011btsk\u00fd oble\u010den\u00ed sd\u00edl\u00edme na sloupech a pak to zase pos\u00edl\u00e1me d\u00e1l. My sami taky nem\u00e1me \u017e\u00e1dn\u00fd velk\u00fd v\u00fddaje na oble\u010den\u00ed, taky fungujeme podobn\u011b. Nem\u00e1me automobil, po Praze se dostaneme m\u011bstskou hromadnou, a kdy\u017e jednou za \u010das pot\u0159ebujeme n\u011bkam vyjet, bu\u010fto jedem vlakem, nebo si to auto n\u011bkde p\u016fj\u010d\u00edme. <\/p>\n\n\n\n<p><strong>Daniel Prokop, sociolog<\/strong> Tady je takov\u00fd m\u00fdtus, \u017ee m\u00e1me nejmen\u0161\u00ed chudobu v Evrop\u011b, proto\u017ee vych\u00e1z\u00edme dob\u0159e v jednom ukazateli, to je ta relativn\u00ed p\u0159\u00edjmov\u00e1 chudoba, a ta se po\u010d\u00edt\u00e1 tak, \u017ee vezmete v ka\u017ed\u00e9 zemi medi\u00e1n p\u0159\u00edjmu, st\u0159edn\u00ed p\u0159\u00edjem, z toho spo\u010d\u00edt\u00e1te 60 % a kouk\u00e1te, kolik lid\u00ed spadlo pod to. Probl\u00e9m je, \u017ee ten medi\u00e1n t\u011bch p\u0159\u00edjm\u016f, to, co si za to koup\u00edte, jakou m\u00e1 hodnotu, je v \u010cesku t\u0159eba na polovi\u010dn\u00ed v\u00fd\u0161i ne\u017e v N\u011bmecku, Belgii, v Lucembursku a podobn\u011b.<\/p>\n\n\n\n<p> <strong>Tom\u00e1\u0161 Erv\u00edn Dombrovsk\u00fd, analytik pracovn\u00edho trhu<\/strong> Za posledn\u00edch p\u011bt let opravdu do\u0161lo ke skokov\u00e9mu zhor\u0161en\u00ed \u017eivotn\u00ed \u00farovn\u011b a hospoda\u0159en\u00ed lid\u00ed, zejm\u00e9na s ohledem na energetickou infla\u010dn\u00ed krizi. Od konce roku 2021 a\u017e do konce roku 2023 jsme za\u017eili bezprecedentn\u00ed propad re\u00e1ln\u00fdch p\u0159\u00edjm\u016f. V cel\u00e9 ekonomice \u0159\u00e1dov\u011b o 12 %. <\/p>\n\n\n\n<p><strong>Daniel Prokop, sociolog, PAQ Research<\/strong> Ten chud\u00fd v tom N\u011bmecku se m\u00e1 zhruba stejn\u011b jako ten st\u0159edn\u011b p\u0159\u00edjmov\u00fd \u010dlov\u011bk v \u010cesku. Kdy\u017e to spo\u010d\u00edt\u00e1te dob\u0159e, p\u0159es n\u011bjak\u00fd jako absolutn\u00ed m\u00edry chudoby, tak jsme po\u0159\u00e1d v n\u011bjak\u00e9m lep\u0161\u00edm st\u0159edu Evropy. <\/p>\n\n\n\n<p><strong>Lucie Trlifajov\u00e1, sociolo\u017eka<\/strong> R\u016fzn\u00fd podoby chudoby a ekonomick\u00fd nejistoty dneska dopadaj\u00ed p\u0159edev\u0161\u00edm na pracuj\u00edc\u00ed dom\u00e1cnosti. A bohu\u017eel ve ve\u0159ejn\u00fd debat\u011b tohle po\u0159\u00e1d nen\u00ed adekv\u00e1tn\u011b reflektovan\u00fd.<\/p>\n\n\n\n<p> <strong>Luk\u00e1\u0161 Vyhnanovsk\u00fd, pracovn\u00edk Arm\u00e1dy sp\u00e1sy<\/strong> No, co se t\u00fd\u010de dovolen\u00fdch, my vlastn\u011b hrozn\u011b r\u00e1di vyraz\u00edme n\u011bkam pod stan. D\u011bti jsou na to zvykl\u00e9 a bav\u00ed je to. Pro n\u00e1s je d\u016fle\u017eit\u011bj\u0161\u00ed, aby d\u011bti m\u011bly kvalitn\u00ed \u0161kolu ne\u017e to, \u017ee jdeme do multikina. Kdybysme takhle ne\u017eili, tak n\u00e1m asi ty pen\u00edze nesta\u010d\u00ed.<\/p>\n\n\n\n<p> <strong>Daniel Prokop, sociolog, PAQ Research<\/strong> Kdy\u017e to m\u011b\u0159\u00edte dob\u0159e, tak chudoba se posledn\u00edch 25 let sni\u017euje. Nejv\u00edc samoz\u0159ejm\u011b v dob\u011b t\u00fd konjunktury mezi lety t\u0159eba 2012\u20132020. Od toho covidu a b\u011bhem t\u00e9 infla\u010dn\u00ed krize, tak to se sp\u00ed\u0161 zhor\u0161ilo prost\u011b, ale ta dlouhodob\u00e1 trajektorie je jako pozitivn\u00ed. <\/p>\n\n\n\n<p><strong>Tom\u00e1\u0161 Erv\u00edn Dombrovsk\u00fd, analytik pracovn\u00edho trhu<\/strong> My dneska vid\u00edme, \u017ee a\u017e 60 % zam\u011bstnanc\u016f deklaruje, \u017ee maj\u00ed ur\u010dit\u00e9 pot\u00ed\u017ee vych\u00e1zet se sv\u00fdmi p\u0159\u00edjmy od v\u00fdplaty k v\u00fdplat\u011b a pln\u00e1 \u010dtvrtina deklaruje, \u017ee maj\u00ed bu\u010f velmi v\u00e1\u017en\u00e9 nebo v\u00e1\u017en\u00e9 pot\u00ed\u017ee. \u010ctvrtina ze v\u0161ech zam\u011bstnanc\u016f, to je milion lid\u00ed, kter\u00fdch se to v \u010cesk\u00e9 republice t\u00fdk\u00e1 a jsou to, pros\u00edm p\u011bkn\u011b, pracuj\u00edc\u00ed zam\u011bstnanci, kte\u0159\u00ed maj\u00ed opravdu v\u00e1\u017en\u00e9 pot\u00ed\u017ee vych\u00e1zet s p\u0159\u00edjmem od v\u00fdplaty k v\u00fdplat\u011b. <\/p>\n\n\n\n<p><strong>redaktor<\/strong> Rodinu podle Luk\u00e1\u0161e Vyhnanovsk\u00e9ho zachra\u0148uje hlavn\u011b to, \u017ee nemus\u00ed platit dne\u0161n\u00ed komer\u010dn\u00ed n\u00e1jem. P\u0159ed 15 lety si toti\u017e koupili byt. S hypot\u00e9kou jim pomohli p\u0159\u00edbuzn\u00ed a p\u0159\u00e1tel\u00e9, kte\u0159\u00ed jim dali pen\u00edze do z\u00e1kladu a zaru\u010dili se za n\u011b. Hypot\u00e9ka jim m\u011bs\u00ed\u010dn\u011b p\u0159ijde na zhruba 8 000 K\u010d. <\/p>\n\n\n\n<p><strong>Lucie Trlifajov\u00e1, sociolo\u017eka<\/strong> Pro st\u0159edn\u00ed t\u0159\u00eddu v\u011bt\u0161inou je\u0161t\u011b p\u0159ed 10\u201315 lety bylo mo\u017en\u00fd dos\u00e1hnout na hypot\u00e9ku a postupn\u011b dos\u00e1hnout n\u011bjak\u00e9ho stabiln\u00ed bydlen\u00ed i se st\u0159edn\u00ed mzdou. A posledn\u00edch, \u0159ekn\u011bme, p\u011bt let se to rapidn\u011b prom\u011b\u0148uje, \u017ee najednou \u010dlov\u011bk i s medi\u00e1novou mzdou, pokud nem\u00e1 podporu z rodiny, kter\u00e1 mu nab\u00eddne t\u0159eba vstupn\u00ed kapit\u00e1l, vlastn\u011b na to vlastn\u00ed bydlen\u00ed nedos\u00e1hne. <\/p>\n\n\n\n<p><strong>Luk\u00e1\u0161 Vyhnanovsk\u00fd, pracovn\u00edk Arm\u00e1dy sp\u00e1sy<\/strong> M\u00e1m tady kolegy, kte\u0159\u00ed t\u0159eba maj\u00ed n\u00e1jemn\u00ed bydlen\u00ed, \u017eijou sami a z toho platu jsou sotva schopn\u00ed si to bydlen\u00ed udr\u017eet.<\/p>\n\n\n\n<p> <strong>Lucie Trlifajov\u00e1, sociolo\u017eka<\/strong> V sou\u010dasn\u00fd dob\u011b ty dom\u00e1cnosti, kter\u00fd jsou odk\u00e1z\u00e1ny na n\u00e1jem nebo si mus\u00ed br\u00e1t extr\u00e9mn\u011b vysok\u00fd hypot\u00e9ky nov\u00fd, tak jsou dispropor\u010dn\u011b v\u00edc ohro\u017een\u00fd chudobou. A my to, co vid\u00edme v t\u011bch statistik\u00e1ch, \u017ee se n\u00e1m to prom\u00edt\u00e1 u\u017e do dat o ohro\u017een\u00ed s chudobou u dom\u00e1cnost\u00ed s d\u011btma a mlad\u00fdch dom\u00e1cnost\u00ed obecn\u011b.<\/p>\n\n\n\n<p> <strong>Luk\u00e1\u0161 Vyhnanovsk\u00fd, pracovn\u00edk Arm\u00e1dy sp\u00e1sy<\/strong> Kdybysme museli platit regul\u00e9rn\u00ed n\u00e1jem, tak by n\u011bkdo z n\u00e1s nejsp\u00ed\u0161 musel d\u011blat n\u011bjakou jinou pr\u00e1ci. To jako bezesporu. Tohleto je na\u0161e volba a my jsme si takhle vybrali, ale sou\u010dasn\u011b si uv\u011bdomuju, \u017ee tohle nem\u00e1 b\u00fdt to, jak by m\u011bli lidi v soci\u00e1ln\u00edch slu\u017eb\u00e1ch \u017e\u00edt. <\/p>\n\n\n\n<p><strong>Lucie Trlifajov\u00e1, sociolo\u017eka<\/strong> My jsme po\u010d\u00edtali pro \u010ceskou republiku tzv. minim\u00e1ln\u00ed d\u016fstojnou mzdu, kter\u00e1 m\u00e1 umo\u017enit pokr\u00fdt \u010d\u00e1stky, kter\u00e9 jsou v t\u00e9 spole\u010dnosti vn\u00edman\u00e9 jako standard. Vy\u0161lo to pro \u010ceskou republiku na 45 865 K\u010d, pro Prahu a Brno to \u010d\u00edslo zohled\u0148uje vy\u0161\u0161\u00ed n\u00e1klady na bydlen\u00ed a tam jsme se dostali na cel\u00fd necel\u00fdch 54 000 hrub\u00e9ho. <\/p>\n\n\n\n<p><strong>Daniel Prokop, sociolog, PAQ Research<\/strong> Jako smyslupln\u00e1 podle m\u011b definice chudoby vych\u00e1z\u00ed z t\u011bch ukazatel\u016f pr\u00e1v\u011b, kolik jim zb\u00fdv\u00e1 pen\u011bz, kdy\u017e zaplat\u00ed bydlen\u00ed, jestli generujou n\u011bjak\u00fd \u00faspory prost\u011b v\u016fbec nebo \u017eij\u00ed od v\u00fdplaty k v\u00fdplat\u011b a podobn\u011b. Potom jsou ukazatele typu, jestli v\u016fbec si m\u016f\u017eete t\u0159eba dovolit jednu dovolenou ro\u010dn\u011b, aspo\u0148 v r\u00e1mci \u010cesk\u00fd republiky, co\u017e si 20 % lid\u00ed zhruba nem\u016f\u017ee dovolit.<\/p>\n\n\n\n<p> <strong>Tom\u00e1\u0161 Erv\u00edn Dombrovsk\u00fd, analytik pracovn\u00edho trhu, Alma Career<\/strong> Pak se na to m\u016f\u017eeme pod\u00edvat i t\u0159eba optikou, jak si lidi m\u016f\u017eou dovolit zvl\u00e1dat ne\u010dekan\u00e9 situace, t\u0159eba kdy\u017e se n\u011bco v dom\u00e1cnosti pokaz\u00ed. A v \u010desk\u00e9 populaci op\u011bt 26 % ze v\u0161ech pracuj\u00edc\u00edch si nem\u016f\u017ee dovolit v\u016fbec zaplatit n\u011bjak\u00fd takov\u00fdhle mimo\u0159\u00e1dn\u00fd v\u00fddaj. A dal\u0161\u00edch 35 % m\u00e1 pot\u00ed\u017ee ve chv\u00edli, kdy takov\u00fd v\u00fddaj p\u0159ijde. <strong>redaktor<\/strong> Ivana \u0160makalov\u00e1 je samo\u017eivitelka. Od b\u00fdval\u00e9ho man\u017eela se odst\u011bhovala p\u0159ed necel\u00fdmi dv\u011bma lety. <\/p>\n\n\n\n<p><strong>Ivana \u0160makalov\u00e1, pracovnice v domov\u011b pro seniory<\/strong> Pr\u00e1v\u011b stoj\u00edme p\u0159ed budovou centra pro seniory, kde pracuju osm\u00fdm rokem. A rok a t\u0159i \u010dtvrt\u011b tady pracuju na pozici vedouc\u00ed p\u00e9\u010de. <strong>Lucie Trlifajov\u00e1, sociolo\u017eka<\/strong> A\u0165 m\u00e1me jak\u00fdkoliv m\u011b\u0159en\u00ed chudoby, v\u017edycky samo\u017eivitelky vych\u00e1z\u00ed jako ty nejv\u00edc ohro\u017een\u00fd skupiny.<\/p>\n\n\n\n<p> <strong>Ivana \u0160makalov\u00e1, pracovnice v domov\u011b pro seniory<\/strong> M\u016fj plat je zhruba od 30 do 34 tis\u00edc \u010dist\u00e9ho. Z\u00e1le\u017e\u00ed, jak jsou odm\u011bny, kter\u00e9 samoz\u0159ejm\u011b nejsou pravideln\u00e9. <\/p>\n\n\n\n<p><strong>Ivana \u0160makalov\u00e1, pracovnice v domov\u011b pro seniory<\/strong> V\u00fddaje pravideln\u00e9, co odch\u00e1z\u00ed z m\u00e9ho \u00fa\u010dtu ka\u017ed\u00fd m\u011bs\u00edc, je 21 480 K\u010d. Mn\u011b z\u016fstane m\u011bs\u00ed\u010dn\u011b zhruba kolem 13 000. <\/p>\n\n\n\n<p><strong>Ivana \u0160makalov\u00e1, pracovnice v domov\u011b pro seniory<\/strong> Dobr\u00fd den. Tak jak se m\u00e1te? Dobr\u00fd?<\/p>\n\n\n\n<p> <strong>osoba<\/strong> D\u00e1 se to. <strong>Ivana \u0160makalov\u00e1, pracovnice v domov\u011b pro seniory<\/strong> Jo? Dob\u0159e. <\/p>\n\n\n\n<p><strong>Ivana \u0160makalov\u00e1, pracovnice v domov\u011b pro seniory<\/strong> Ahoj holky. Jak to jde dneska? <strong>osoba<\/strong> Ale jo, dobr\u00fd. <strong>Ivana \u0160makalov\u00e1, pracovnice v domov\u011b pro seniory<\/strong> Ka\u017ed\u00fd m\u011bs\u00edc, kdy\u017e mi p\u0159ijde v\u00fdplata, tak m\u00e1m spo\u010d\u00edtan\u00e9, kolik z toho \u00fa\u010dtu odejde a kolik mi z\u016fstane. To si rozd\u011bl\u00edm na ty t\u00fddny. Jak to vych\u00e1z\u00ed zhruba do dal\u0161\u00ed v\u00fdplaty. <strong>L<\/strong><\/p>\n\n\n\n<p><strong>ucie Trlifajov\u00e1, sociolo\u017eka<\/strong> Ur\u010dit\u011b bude \u010d\u00e1st \u017een, kter\u00e9 z\u016fst\u00e1vaj\u00ed, j\u00e1 bych ne\u0159ekla v\u017edycky n\u00e1siln\u00fdch, ale t\u0159eba v problematick\u00fdch slo\u017eit\u00fdch vztaz\u00edch kv\u016fli tomu, \u017ee d\u00edky tomu jsou schopny zaplatit bydlen\u00ed, jsou schopny jako t\u011bm d\u011btem nab\u00eddnout z\u00e1kladn\u00ed standard. <\/p>\n\n\n\n<p><strong>Ivana \u0160makalov\u00e1, pracovnice v domov\u011b pro seniory<\/strong> Sp\u00edm na rozkl\u00e1dac\u00edm leh\u00e1tku. U\u017e n\u011bkolikr\u00e1t jsem si na postel sice na\u0161et\u0159ila, m\u011bla jsem ji i vybranou, ale nakonec se na\u0161lo v\u017edycky n\u011bco jin\u00e9ho, za co bylo pot\u0159eba ty pen\u00edze utratit. Ale tohle je takov\u00e9to moje z\u00e1zem\u00ed. Tak tady je na\u0161e ob\u00fdv\u00e1kov\u00e1 \u010d\u00e1st a z\u00e1rove\u0148 pokoj\u00ed\u010dek dcery, kdy dcera m\u00e1 tady sv\u00e9 z\u00e1zem\u00ed, takov\u00fd sv\u016fj koutek na hran\u00ed. Z\u00e1rove\u0148 je to n\u00e1\u0161 ob\u00fdv\u00e1k, ale jak vid\u00edte, seda\u010dku nem\u00e1me, nebyla tak d\u016fle\u017eit\u00e1. <\/p>\n\n\n\n<p><strong>Ivana \u0160makalov\u00e1, pracovnice v domov\u011b pro seniory<\/strong> Tak tady jsme v pokoji m\u00e9ho prost\u0159edn\u00edho syna, kter\u00fd vlastn\u011b, kdy\u017e jsem odch\u00e1zela od man\u017eela, tak jeho jedin\u00fdm po\u017eadavkem byl pokoj\u00ed\u010dek za zav\u0159en\u00fdmi dve\u0159mi. <\/p>\n\n\n\n<p><strong>Ivana \u0160makalov\u00e1, pracovnice v domov\u011b pro seniory<\/strong> Nejv\u011bt\u0161\u00ed strach m\u00e1m z toho, \u017ee bych nemohla chodit do pr\u00e1ce. Bez t\u00e9 pr\u00e1ce, kdy\u017e se hodn\u011b uskromn\u00edme a zru\u0161\u00edm pojistky a zru\u0161\u00edm tady ty spo\u0159en\u00ed r\u016fzn\u00e9, tak vydr\u017e\u00edme dva, mo\u017en\u00e1 t\u0159i m\u011bs\u00edce. <\/p>\n\n\n\n<p><strong>Tom\u00e1\u0161 Erv\u00edn Dombrovsk\u00fd, analytik pracovn\u00edho trhu, Alma Career<\/strong> 18 % ze v\u0161ech zam\u011bstnanc\u016f deklaruje, \u017ee nemaj\u00ed v\u016fbec \u017e\u00e1dn\u00e9 rezervy. Dal\u0161\u00edch 22 m\u00e1 rezervy nejv\u00fd\u0161e na m\u011bs\u00edc. A tohle podvazuje schopnost lid\u00ed t\u0159eba z vlastn\u00ed v\u016fle proch\u00e1zet zm\u011bnami pr\u00e1ce a dost\u00e1vat se k l\u00e9pe placen\u00fdm p\u0159\u00edle\u017eitostem, jejich\u017e hled\u00e1n\u00ed v\u017edycky n\u011bjak\u00fd \u010das trv\u00e1. Vid\u00edme i takov\u00fd fenom\u00e9n, \u017ee kdyby pr\u00e1ci ztratili, tak klidn\u011b vezmou o n\u011bco h\u016f\u0159e placenou pr\u00e1ci, ale hlavn\u011b co nejrychleji, aby nem\u011bli pokud mo\u017eno \u017e\u00e1dn\u00fd v\u00fdpadek p\u0159\u00edjm\u016f. <\/p>\n\n\n\n<p><strong>Daniel Bar\u00e1nek, pracovn\u00edk Akademie v\u011bd<\/strong> Kdybychom m\u011bli d\u011blat to, co jsme vystudovali, to, co n\u00e1s bav\u00ed&#8230;<\/p>\n\n\n\n<p> <strong>Nat\u00e1lie Bar\u00e1nkov\u00e1, u\u010ditelka v mate\u0159sk\u00e9 \u0161kolce, pracovnice v neziskov\u00e9 organizaci<\/strong> V \u010dem vid\u00edme smysl. <\/p>\n\n\n\n<p><strong>Daniel Bar\u00e1nek, pracovn\u00edk Akademie v\u011bd<\/strong> V \u010dem vid\u00edme smysl, tak z toho bychom nevy\u017eili. <\/p>\n\n\n\n<p><strong>Nat\u00e1lie Bar\u00e1nkov\u00e1, u\u010ditelka v mate\u0159sk\u00e9 \u0161kolce, pracovnice v neziskov\u00e9 organizaci<\/strong> Ur\u010dit\u011b ne s d\u011btmi. Mo\u017en\u00e1 ani sami dva. <strong>redaktor<\/strong> Daniel Bar\u00e1nek vystudoval historii a hebraistiku na Filozofick\u00e9 fakult\u011b Univerzity Karlovy. M\u00e1 doktor\u00e1t z \u010desk\u00fdch d\u011bjin a u\u017e p\u0159es p\u011bt let pracuje na Akademii v\u011bd. Stejnou vysokou \u0161kolu vystudovala i jeho man\u017eelka. Spole\u010dn\u011b vychov\u00e1vaj\u00ed t\u0159i d\u011bti. <\/p>\n\n\n\n<p><strong>Daniel Bar\u00e1nek, pracovn\u00edk Akademie v\u011bd<\/strong> Nejt\u011b\u017e\u0161\u00ed to bylo asi p\u0159ed rokem a p\u016fl, kdy mi skon\u010dily granty. V tom moment\u011b mi sice na akademii nab\u00eddli, \u017ee m\u011b d\u00e1le budou zam\u011bstn\u00e1vat, ale ze sv\u00fdch pen\u011bz, kter\u00e9 byly n\u011bco okolo 32 hrub\u00e9ho. Plat\u00edme n\u011bjak\u00fdch 27 n\u00e1jem a energie, tak prost\u011b to nebylo na vy\u017eit\u00ed. Nakonec jsme tu situaci vy\u0159e\u0161ili tak, \u017ee jsem ve v\u011bd\u011b z\u016fstal jenom na polovi\u010dn\u00ed \u00favazek a ten druh\u00fd polovi\u010dn\u00ed \u00favazek d\u011bl\u00e1m fakultn\u00edho rozvrh\u00e1\u0159e na \u010cVUT, kde ten p\u0159\u00edjem je stabiln\u00ed, ta pozice je stabiln\u00ed. <\/p>\n\n\n\n<p><strong>Tom\u00e1\u0161 Erv\u00edn Dombrovsk\u00fd, analytik pracovn\u00edho trhu<\/strong> Ztr\u00e1c\u00edme prost\u011b talenty z v\u00fdzkumu nebo z akademick\u00e9 sf\u00e9ry jenom ve prosp\u011bch toho, aby se u\u017eivili tady a te\u010f na n\u011bjak\u00fdch b\u011b\u017en\u00fdch pozic\u00edch, kter\u00e9 ale z dlouhodob\u00e9ho hlediska m\u016f\u017eou b\u00fdt vlastn\u011b sp\u00ed\u0161e zbytn\u00e9. <\/p>\n\n\n\n<p><strong>Nat\u00e1lie Bar\u00e1nkov\u00e1, u\u010ditelka v mate\u0159sk\u00e9 \u0161kolce, pracovnice v neziskov\u00e9 organizaci<\/strong> Moc m\u011b mrz\u00ed, \u017ee se Dan nem\u016f\u017ee v\u011bnovat v\u011bd\u011b naplno. V\u00edm, \u017ee by toho dok\u00e1zal hodn\u011b a \u017ee se dlouho sna\u017eil to n\u011bjak jako prost\u011b vykompenzovat, ust\u00e1t po ve\u010derech, prost\u011b vybojovat. Mrz\u00ed m\u011b to a vlastn\u011b jsem sp\u00ed\u0161 na\u0161tvan\u00e1. <strong>redaktor<\/strong> I Nat\u00e1lie Bar\u00e1nkov\u00e1 opustila sv\u016fj obor. Je zam\u011bstnan\u00e1 na zkr\u00e1cen\u00fd \u00favazek v mate\u0159sk\u00e9 \u0161kolce se speci\u00e1ln\u00ed p\u00e9\u010d\u00ed a do toho pracuje pro neziskovku. <\/p>\n\n\n\n<p><strong>Daniel Bar\u00e1nek, pracovn\u00edk Akademie v\u011bd<\/strong> Te\u010f m\u00e1me p\u0159\u00edjmy 70 \u010dist\u00e9ho, ale d\u00edky r\u016fzn\u00fdm p\u0159iv\u00fdd\u011blk\u016fm, a\u0165 u\u017e je man\u017eelka dou\u010dovala, anebo \u017ee&#8230; <\/p>\n\n\n\n<p><strong>Nat\u00e1lie Bar\u00e1nkov\u00e1, u\u010ditelka v mate\u0159sk\u00e9 \u0161kolce, pracovnice v neziskov\u00e9 organizaci<\/strong> Jsem vedla t\u0159eba \u010dty\u0159i t\u00fddny p\u0159\u00edm\u011bstsk\u00fdch t\u00e1bor\u016f v l\u00e9t\u011b, kter\u00e9 byly prost\u011b dob\u0159e placen\u00e9 a vlastn\u011b jsme z nich pokryli potom jeden rok krou\u017eku. <\/p>\n\n\n\n<p><strong>Tom\u00e1\u0161 Erv\u00edn Dombrovsk\u00fd, analytik pracovn\u00edho trhu, Alma Career<\/strong> Ty z\u00e1kladn\u00ed \u017eivotn\u00ed n\u00e1klady na bydlen\u00ed, potraviny, energie, tak oni jsou dneska typicky ve v\u011bt\u0161\u00edch m\u011bstech v \u010cesk\u00e9 republice prakticky srovnateln\u00e9 se z\u00e1padn\u00edmi zem\u011bmi, ale p\u0159\u00edjmy lid\u00ed jsou t\u0159etinov\u00e9 v porovn\u00e1n\u00ed t\u0159eba s Rakouskem, N\u011bmeckem. A to je ten hlavn\u00ed rozd\u00edl. <\/p>\n\n\n\n<p><strong>Nat\u00e1lie Bar\u00e1nkov\u00e1, u\u010ditelka v mate\u0159sk\u00e9 \u0161kolce, pracovnice v neziskov\u00e9 organizaci<\/strong> Hodn\u011b pracujeme, pracujeme oba dva. A kdyby se n\u00e1m jednomu z n\u00e1s n\u011bco stalo, tak najednou jakoby propadneme hrozn\u011b jako n\u00edzko, \u017ee vlastn\u011b pokryjeme v\u0161echny ty n\u00e1klady rodinn\u00e9, kter\u00e9 se poj\u00ed \u017eivotem prost\u011b s t\u0159ema d\u011btma docela mal\u00fdma, jenom si mus\u00edme hodn\u011b \u0159\u00edct, co je d\u016fle\u017eit\u00e9 a co ne. <\/p>\n\n\n\n<p><strong>Tom\u00e1\u0161 Erv\u00edn Dombrovsk\u00fd, analytik pracovn\u00edho trhu, Alma Career<\/strong> Pravd\u011bpodobn\u011b nej\u010dast\u011bj\u0161\u00edm \u0159e\u0161en\u00edm toho, jak lidi \u0161patn\u011b vych\u00e1zej\u00ed se sv\u00fdmi p\u0159\u00edjmy a maj\u00ed n\u00edzk\u00e9 p\u0159\u00edjmy obecn\u011b, jsou p\u0159es\u010dasy. To je nejb\u011b\u017en\u011bj\u0161\u00ed \u0159e\u0161en\u00ed. 40 % lid\u00ed pracuje pom\u011brn\u011b b\u011b\u017en\u011b p\u0159es\u010das, pro 27 % je to podstatn\u00e1 a nezbytn\u00e1 sou\u010d\u00e1st p\u0159\u00edjmu. Jin\u00fdmi slovy, tito lid\u00e9 by se bez p\u0159es\u010dasov\u00e9 pr\u00e1ce proplacen\u00e9 neu\u017eivili. Druh\u00fdm nej\u010dast\u011bj\u0161\u00edm \u0159e\u0161en\u00edm je dodate\u010dn\u00fd p\u0159\u00edjem k hlavn\u00ed pr\u00e1ci. To m\u00e1 \u010dtvrtina lid\u00ed, \u010dtvrtina pracuj\u00edc\u00edch. S t\u00edm, \u017ee n\u011bjak\u00fdch 16\u201317 % m\u00e1 opravdu druh\u00e9 zam\u011bstn\u00e1n\u00ed.<\/p>\n\n\n\n<p> <strong>redaktor<\/strong> Tato \u017eena, pro zachov\u00e1n\u00ed anonymity j\u00ed \u0159\u00edkejme t\u0159eba Kl\u00e1ra, \u017eije se sv\u00fdm man\u017eelem a t\u0159emi d\u011btmi v obci nedaleko Rakovn\u00edka. Ona pracuje v dru\u017ein\u011b, jej\u00ed man\u017eel jako ostraha. <\/p>\n\n\n\n<p><strong>Kl\u00e1ra, pracovnice v dru\u017ein\u011b<\/strong> Bereme p\u0159es\u010dasy a m\u00e1me sez\u00f3nn\u00ed brig\u00e1dy. V sou\u010dasn\u00fd dob\u011b chod\u00edm do lesa sb\u00edrat \u017ealudy. Obn\u00e1\u0161\u00ed to to, \u017ee ka\u017ed\u00fd den vstanu v \u0161est hodin, vyprav\u00edm d\u011bti, odvezu je do \u0161koly a do \u0161kolky, jdu do lesa a tam sb\u00edr\u00e1m do t\u00fd doby, ne\u017e mus\u00edm j\u00edt vlastn\u011b do pr\u00e1ce. A za ty 2\u20133 hodiny si p\u0159ivyd\u011bl\u00e1m t\u0159eba 600 K\u010d.<\/p>\n\n\n\n<p> <strong>Tom\u00e1\u0161 Erv\u00edn Dombrovsk\u00fd, analytik pracovn\u00edho trhu, <\/strong><\/p>\n\n\n\n<p><strong>Alma Career<\/strong> Tohle se d\u00e1 zvl\u00e1dat v relativn\u011b mlad\u00e9 populaci. \u0158\u00e1dov\u011b 60 % lid\u00ed v t\u00fdhle zemi je vlastn\u011b ve st\u0159edn\u00edm a vy\u0161\u0161\u00edm v\u011bku. A tam ta schopnost m\u00edt druhou pr\u00e1ci nebo velmi \u010dast\u00e9 p\u0159es\u010dasy, aby se v\u016fbec u\u017eivili, bude klesat a velmi pravd\u011bpodobn\u011b se n\u00e1m \u010d\u00e1st lid\u00ed bude dost\u00e1vat je\u0161t\u011b do siln\u011bj\u0161\u00edch pot\u00ed\u017e\u00ed a za dan\u00e9 pen\u00edze to nebude vych\u00e1zet finan\u010dn\u011b.<\/p>\n\n\n\n<p> <strong>Kl\u00e1ra, pracovnice v dru\u017ein\u011b<\/strong> Kolikr\u00e1t u\u017e t\u0159eba na za\u010d\u00e1tku toho m\u011bs\u00edce, kdy\u017e n\u00e1m p\u0159ijdou ty v\u00fdplaty, tak v\u00edm, \u017ee t\u0159eba nem\u016f\u017eeme s t\u00edm jako vyj\u00edt, tak\u017ee u\u017e pl\u00e1nujeme jako, v \u010dem se zkrouhneme. Man\u017eel t\u0159eba te\u010fko za\u010dal p\u0159esp\u00e1vat v pr\u00e1ci, sp\u00ed v aut\u011b, proto\u017ee t\u00edm taky u\u0161et\u0159\u00edme hodn\u011b. A v\u00fddaje? Dohromady vlastn\u011b bez j\u00eddla a bez hygieny je to n\u011bco okolo 40 600 K\u010d.<\/p>\n\n\n\n<p> <strong>Lucie Trlifajov\u00e1, sociolo\u017eka<\/strong> Velk\u00e1 \u010d\u00e1st lid\u00ed, co jsou chud\u00ed, se vlastn\u011b velmi \u010dasto jako sna\u017e\u00ed a tvrd\u011b pracujou. A oni sami sebe necht\u011bj\u00ed ozna\u010dovat jako ty chud\u00fd, proto\u017ee to ozna\u010den\u00ed chud\u00fd je \u010dasto spojen\u00fd s lidma, kter\u00fd se jako nesna\u017e\u00ed, berou d\u00e1vky, zneu\u017e\u00edvaj\u00ed syst\u00e9m.<\/p>\n\n\n\n<p> <strong>Luk\u00e1\u0161 Vyhnanovsk\u00fd, pracovn\u00edk Arm\u00e1dy sp\u00e1sy<\/strong> Mn\u011b p\u0159ijde, \u017ee kdy\u017e si srovnou situaci t\u011bch na\u0161ich klient\u016f a na\u0161i, tak ten nejv\u011bt\u0161\u00ed rozd\u00edl je, \u017ee my m\u00e1me n\u011bjak\u00fd velk\u00fd soci\u00e1ln\u00ed kapit\u00e1l. My m\u00e1me rodinu, kter\u00e1 n\u00e1s podporuje, t\u00edm p\u00e1dem sami nejsme n\u011bjak ohro\u017een\u00ed. Vlastn\u011b my se nec\u00edt\u00edme b\u00fdt chud\u00ed, \u017ee jsme n\u011bjak byli vychovan\u00ed k tomu, \u017ee \u017eijeme n\u011bjak skromn\u011b.<\/p>\n\n\n\n<p> <strong>Tom\u00e1\u0161 Erv\u00edn Dombrovsk\u00fd, analytik pracovn\u00edho trhu, Alma Career<\/strong> Sp\u00ed\u0161e je to n\u011bjak\u00fd ti\u0161e obecn\u011b p\u0159ij\u00edman\u00fd fakt, \u017ee takhle to m\u00e1 docela velk\u00e1 \u010d\u00e1st lid\u00ed a je to vlastn\u011b norm\u00e1ln\u00ed, \u017ee nesta\u010d\u00ed p\u0159\u00edjem z jedn\u00e9 pr\u00e1ce, \u017ee mus\u00ed m\u00edt \u010dlov\u011bk p\u0159es\u010dasy nebo p\u0159iv\u00fdd\u011blky. Ten pod\u00edl lid\u00ed je tak obrovsk\u00fd kolem t\u0159etiny, \u017ee je to vn\u00edm\u00e1no vlastn\u011b jako norm\u00e1ln\u00ed. <\/p>\n\n\n\n<p><strong>Kl\u00e1ra, pracovnice v dru\u017ein\u011b<\/strong> Nemysl\u00edm si, \u017ee bychom \u017eili na hranici chudoby. V\u00edm, jak jsou na tom n\u011bkte\u0159\u00ed lidi \u0161patn\u011b, t\u0159eba samo\u017eivitelky.<\/p>\n\n\n\n<p> <strong>Sa\u0161a Uhlov\u00e1, novin\u00e1\u0159ka<\/strong> Na pracuj\u00edc\u00ed chud\u00fd jednak jako v\u0161ichni ka\u0161lou a nikdo nezved\u00e1 to t\u00e9ma a jednak vlastn\u011b trochu ka\u0161lou oni sami na sebe, proto\u017ee p\u0159es n\u011bjakou hrdost a neschopnost vlastn\u011b jakoby artikulovat to, co to jakoby m\u00e1 b\u00fdt: \u201eJ\u00e1 pracuju a jak to, \u017ee se neu\u017eiv\u00edm?\u201c To si mysl\u00edm, \u017ee vlastn\u011b jakoby na tom nen\u00ed nic, za co by se \u010dlov\u011bk m\u011bl styd\u011bt. To nen\u00ed vlastn\u011b jeho chyba. Je to chyba prost\u011b toho, jak je nastaven\u00e1 ta spole\u010dnost. A dokud se o tom nebude mluvit, tak se to asi nezm\u011bn\u00ed.<\/p>\n\n\n\n<p> <strong>Lucie Trlifajov\u00e1, soci\u00e1ln\u00ed antropolo\u017eka, Centrum pro spole\u010densk\u00e9 ot\u00e1zky<\/strong> Velk\u00e1 \u010d\u00e1st lid\u00ed u n\u00e1s v krizov\u00fd situaci se neobr\u00e1c\u00ed na soci\u00e1ln\u00ed st\u00e1t nebo se obrac\u00ed, ale ten st\u00e1t mu nepom\u016f\u017ee, a berou si p\u016fj\u010dky. To znamen\u00e1, j\u00e1 kdy\u017e p\u0159ijdu o pr\u00e1ci, abych doplatila bydlen\u00ed, vezmu si p\u016fj\u010dky. Rozbije se mi pra\u010dka, vezmu si p\u016fj\u010dku. V\u011bt\u0161ina lid\u00ed, kdy\u017e jsme tam m\u011bli v\u00fdzkum, to n\u011bjakou dobu zvl\u00e1d\u00e1 spl\u00e1cet, ale pokud p\u0159ijde dal\u0161\u00ed krize, tak velmi lehce se to p\u0159ehoupne do situace, \u017ee ten \u010dlov\u011bk nen\u00ed schopn\u00fd spl\u00e1cet a dost\u00e1v\u00e1 se do exekuce.<\/p>\n\n\n\n<p> <strong>Eva, ukl\u00edze\u010dka<\/strong> J\u00e1 sv\u00fdm zp\u016fsobem jsem na sebe hrd\u00e1, \u017ee to je\u0161t\u011b zvl\u00e1d\u00e1me, \u017ee vlastn\u011b n\u00e1m nikdo nevyhro\u017eoval, \u017ee n\u00e1m vezme d\u011bti, proto\u017ee nem\u00e1me na j\u00eddlo, neskon\u010dili jsme na ulici, furt se takhle sna\u017e\u00edme, ale je mi to l\u00edto v\u016f\u010di t\u011bm d\u011btem t\u0159eba. <\/p>\n\n\n\n<p><strong>redaktor<\/strong> Ani tato \u017eena nechce b\u00fdt jmenov\u00e1na. \u0158\u00edkejme j\u00ed t\u0159eba Eva. \u017dije se sv\u00fdm man\u017eelem a \u010dty\u0159mi d\u011btmi v pronajat\u00e9m byt\u011b v Brn\u011b. Oba dva man\u017eel\u00e9 pracuj\u00ed, Eva jako ukl\u00edze\u010dka na polovi\u010dn\u00ed \u00favazek, aby se mohla postarat o d\u011bti. Jej\u00ed man\u017eel je zam\u011bstn\u00e1n v nep\u0159etr\u017eit\u00e9m provozu v Ku\u0159imi. Oba dva jsou v insolvenci. <\/p>\n\n\n\n<p><strong>Eva, ukl\u00edze\u010dka<\/strong> J\u00e1 bohu\u017eel m\u00e1m insolvence z minulosti, a to kv\u016fli tomu, \u017ee jsem byla d\u016fv\u011b\u0159iv\u00e1, hloup\u00e1 a naivn\u00ed. Man\u017eel m\u00e1 vlastn\u011b insolvenci skrze dluhy, co jsme si brali na bydlen\u00ed, vybaven\u00ed dom\u00e1cnost\u00ed, ty kauce a ty n\u00e1jmy, to bylo nejhor\u0161\u00ed. A t\u00edm vznikla ta nejv\u011bt\u0161\u00ed p\u016fj\u010dka. Potom to byly n\u011bjak\u00fd men\u0161\u00ed p\u016fj\u010dky skrze to, \u017ee t\u0159eba na p\u011bt m\u011bs\u00edc\u016f vypadla v\u00fdplata d\u00e1vek, nikoho to nezaj\u00edmalo v\u016fbec. <\/p>\n\n\n\n<p><strong>Lucie Trlifajov\u00e1, soci\u00e1ln\u00ed antropolo\u017eka, Centrum pro spole\u010densk\u00e9 ot\u00e1zky<\/strong> Ka\u017ed\u00fd \u010dlov\u011bk, kter\u00fd je v exekuci nebo insolvenci, je velmi pravd\u011bpodobn\u011b chudej nebo ohro\u017eenej chudobou. Z\u00e1rove\u0148 naprost\u00e1 v\u011bt\u0161ina lid\u00ed v \u010cesku, kter\u00fd proch\u00e1z\u00ed procesem insolvence nebo jsou v exekuci, pracujou. Obrovsk\u00fd probl\u00e9m je, \u017ee ty \u010d\u00e1stky, co lid\u00e9 m\u016f\u017eou leg\u00e1ln\u011b z\u00edsk\u00e1vat ze mzdy, jsou extr\u00e9mn\u011b n\u00edzk\u00fd. A v\u016fbec neodpov\u00eddaj\u00ed \u010dasto ani \u010d\u00e1stk\u00e1m, kter\u00fd bysme mohli pokr\u00fdt n\u00e1klady na bydlen\u00ed pro dom\u00e1cnost, kter\u00e1 je v n\u00e1jmu. <strong>Eva, ukl\u00edze\u010dka<\/strong> Tak man\u017eel vyd\u011bl\u00e1v\u00e1 45 000 \u010dist\u00e9ho a z toho se vlastn\u011b strhne ta insolvence, tak\u017ee \u010dist\u00e9ho mu p\u0159ijde na \u00fa\u010det 30\u201331 tis\u00edc. M\u00e1m t\u011bch 6000\u20138000 taky \u010dist\u00e9ho. Tady plat\u00edme n\u00e1jem n\u011bjak\u00fdch 27 500, z\u016fst\u00e1v\u00e1 n\u00e1m vlastn\u011b po zaplacen\u00ed n\u00e1jmu a v\u0161ech nutn\u00fdch v\u00fddaj\u016f -5000 m\u011bs\u00ed\u010dn\u011b. <\/p>\n\n\n\n<p><strong>redaktor<\/strong> Rodina nakonec nekon\u010d\u00ed v minusu jen d\u00edky p\u0159\u00eddavk\u016fm na d\u011bti a p\u0159\u00edsp\u011bvku na bydlen\u00ed, kter\u00e9 pr\u00fd dohromady \u010din\u00ed zhruba 10 000 K\u010d. Pravideln\u011b \u017e\u00e1daj\u00ed o dotovan\u00e9 ob\u011bdy pro d\u011bti a o \u00falevu od \u0161kolkovn\u00e9ho. S potravinami jim pom\u00e1h\u00e1 potravinov\u00e1 banka. <\/p>\n\n\n\n<p><strong>Eva, ukl\u00edze\u010dka<\/strong> Ob\u010das si rozm\u00fd\u0161l\u00edme, jestli koup\u00edme ml\u00e9ko nebo vaj\u00ed\u010dka. Te\u010f ani do norm\u00e1ln\u00edch obchod\u016f nejezd\u00edme. Jezd\u00edme do zlevn\u011bnky a nakupujeme ve zlevn\u011bnce, ale do klasick\u00e9ho obchodu prost\u011b je to nemo\u017en\u00fd.<\/p>\n\n\n\n<p> <strong>Tom\u00e1\u0161 Erv\u00edn Dombrovsk\u00fd, analytik pracovn\u00edho trhu, Alma Career<\/strong> U t\u011bch rodin nebo lid\u00ed, kte\u0159\u00ed jsou zat\u00ed\u017een\u00fd tou chudobou s t\u00edm, \u017ee nejsou schopni platit v\u0161echny v\u00fddaje, k\u00f3r n\u011bjak\u00e9 zbytn\u00e9 ve smyslu dou\u010dov\u00e1n\u00ed z\u00e1jmov\u00fdch aktivit a krou\u017ek\u016f pro d\u011bti, tak se m\u00e1 ten probl\u00e9m tendenci replikovat a vid\u00edme, \u017ee ta chudoba se de facto d\u011bd\u00ed. <\/p>\n\n\n\n<p><strong>Eva, ukl\u00edze\u010dka<\/strong> My nem\u00e1me krou\u017eky, my nejezd\u00edme na v\u00fdlety, my nechod\u00edme do zoologick\u00e9 zahrady, my nechod\u00edme na koupali\u0161t\u011b, nechod\u00edme nikam. Bu\u010f d\u011bti jdou na h\u0159i\u0161t\u011b, anebo sed\u00edme prost\u011b doma spole\u010dn\u011b. <\/p>\n\n\n\n<p><strong>redaktor<\/strong> Eva vid\u00ed p\u0159\u00ed\u010dinu \u0161patn\u00e9 situace hlavn\u011b v syst\u00e9mu insolven\u010dn\u00edch sr\u00e1\u017eek. M\u00e1 pocit, \u017ee i kdyby se sna\u017eili sebev\u00edc, dokud nebudou m\u00edt insolvenci splacenou, nepolep\u0161\u00ed si. <\/p>\n\n\n\n<p><strong>Eva, ukl\u00edze\u010dka<\/strong> Man\u017eel d\u011blal p\u0159es\u010dasy, abysme \u2013 po\u010d\u00edtali jsme s t\u00edm, \u017ee prost\u011b m\u00e1 p\u0159es\u010dasy, \u017ee to zvl\u00e1dne, \u017ee to bude prost\u011b v pohod\u011b, \u017ee prost\u011b ud\u011bl\u00e1 si p\u00e1r p\u0159es\u010das\u016f. Jenom\u017ee bohu\u017eel jak\u00fdkoliv p\u0159es\u010das, cokoliv nav\u00edc, oni mu seberou. <\/p>\n\n\n\n<p><strong>Daniel Prokop, sociolog, PAQ Research<\/strong> A te\u010fka nen\u00ed to v\u0161ude takhle. Prost\u011b v D\u00e1nsku, tam funguje t\u0159eba oddlu\u017een\u00ed tak, \u017ee si dohodnete podle va\u0161ich mo\u017enost\u00ed, kolik m\u016f\u017eete vyd\u011bl\u00e1vat, tak v\u00e1m ur\u010d\u00ed \u201evy byste si m\u011bl vyd\u011blat 40 000 ve va\u0161\u00ed profesi\u201c, z toho se nastav\u00ed ty spl\u00e1tky a v\u0161echno nad to, co si vyd\u011bl\u00e1te, je va\u0161e, \u017ee se to u\u017e v\u016fbec nesr\u00e1\u017e\u00ed. A ti lidi jsou stra\u0161n\u011b motivovan\u00fd vlastn\u011b jakoby za\u010d\u00edt pracovat leg\u00e1ln\u011b, za\u010d\u00edt pracovat na maximum. <\/p>\n\n\n\n<p><strong>Lucie Trlifajov\u00e1, soci\u00e1ln\u00ed antropolo\u017eka, Centrum pro spole\u010densk\u00e9 ot\u00e1zky<\/strong> Druh\u00fd probl\u00e9m je situace, kdy je \u010dlov\u011bk v exekuci nebo insolvenci a z\u00e1rove\u0148 \u010derp\u00e1 soci\u00e1ln\u00ed d\u00e1vky. Soci\u00e1ln\u00ed d\u00e1vky se po\u010d\u00edtaj\u00ed z p\u0159\u00edjmu p\u0159ed exeku\u010dn\u00edma nebo insolven\u010dn\u00edma sr\u00e1\u017ekama. Kdy\u017e za\u010dne m\u00edt vy\u0161\u0161\u00ed p\u0159\u00edjem, d\u00e1vky se mu sn\u00ed\u017eej, ale ta \u010d\u00e1stka, co mu z\u016fstane, se nenavy\u0161uje tak rychle, aby dorovnala ten pokles soci\u00e1ln\u00edch d\u00e1vek. Nav\u00fd\u0161en\u00ed p\u0159\u00edjm\u016f m\u016f\u017ee b\u00fdt velmi \u010dasto finan\u010dn\u011b nev\u00fdhodn\u00fd.<\/p>\n\n\n\n<p> <strong>Daniel Prokop, sociolog, PAQ Research<\/strong> Hlavn\u00ed faktor v\u00fdsledk\u016f voleb bylo, \u017ee se mobilizovaly ty chud\u0161\u00ed regiony a byla ta vysok\u00e1 \u00fa\u010dast. Hodn\u011b hlasovalo proti p\u011btikoalici a hodn\u011b \u010dasto pro hnut\u00ed ANO. A to vlastn\u011b jakoby u\u017e ty st\u0159edoprav\u00fd liber\u00e1ln\u00ed strany nem\u016f\u017eou porazit tou podporou v t\u011bch m\u011bstech bohat\u00fdch. <strong>Eva, ukl\u00edze\u010dka<\/strong> J\u00e1 jsem volila SPD. <\/p>\n\n\n\n<p><strong>uk\u00e1zka<\/strong> Dejme mlad\u00fdm \u0161anci&#8230; <strong>uk\u00e1zka<\/strong> &#8230;na vlastn\u00ed bydlen\u00ed. <\/p>\n\n\n\n<p><strong>Eva, ukl\u00edze\u010dka<\/strong> Rozhodovala jsem se mezi Motoristama, ANO a SPD. A tak jsem si \u0159\u00edkala, \u017ee ANO to m\u00e1 jasn\u00fd, Motoristi nev\u00edm, tak jsem to dala SPD. Dopadlo to, jak to dopadlo a douf\u00e1m, \u017ee to bude lep\u0161\u00ed. <\/p>\n\n\n\n<p><strong>Daniel Prokop, sociolog, PAQ Research<\/strong> Je\u0161t\u011b v t\u011bch datech vid\u00edme, \u017ee se odkl\u00e1n\u011bli v posledn\u00edch \u010dty\u0159ech letech od vl\u00e1dn\u00ed koalice voli\u010di, kte\u0159\u00ed zchudli b\u011bhem t\u00e9 ekonomick\u00e9 krize, a z\u00e1rove\u0148 se mobilizovali ne\u00fa\u010dastn\u00edci. Pokud na n\u011b dopadla ta krize, tak ti lidi, kte\u0159\u00ed nevolili v roce 2021, tak hodn\u011b \u010dasto te\u010fka p\u0159i\u0161li k volb\u00e1m. Tak\u017ee ta ekonomika jako hraje roli. Je to jedna ze z\u00e1sadn\u00edch v\u011bc\u00ed pro to, jak vol\u00edte a jestli jdete k t\u011bm volb\u00e1m nebo ne.<\/p>\n\n\n\n<p> <strong>Ji\u0159\u00ed Pehe, politolog<\/strong> V\u00edme z cel\u00e9 \u0159ady sociologick\u00fdch pr\u016fzkum\u016f, \u017ee lid\u00e9, kte\u0159\u00ed jsou chud\u0161\u00ed, tak maj\u00ed tendenci volit v sou\u010dasnosti strany sp\u00ed\u0161e populistick\u00e9 nebo dokonce krajn\u011b pravicov\u00e9, proto\u017ee si p\u0159edstavuj\u00ed, \u017ee ta strana, kter\u00e1 slibuje rychlou n\u00e1pravu, jim z t\u00e9 jejich t\u00ed\u017eiv\u00e9 situace pom\u016f\u017ee. <\/p>\n\n\n\n<p><strong>Eva, ukl\u00edze\u010dka<\/strong> M\u011b p\u0159esv\u011bd\u010dilo to SPD v tom, \u017ee by umo\u017enili, \u017ee by se vlastn\u011b, co se d\u00e1vek t\u00fd\u010de, tak po\u010d\u00edtali p\u0159\u00edjmy a\u017e po ve\u0161ker\u00fdch sr\u00e1\u017ek\u00e1ch, insolvenc\u00ed a exekuci. A j\u00e1 v to douf\u00e1m, \u017ee snad by aspo\u0148 tohle vlastn\u011b pro n\u00e1s mohlo b\u00fdt. A to by n\u00e1m pomohlo, to by n\u00e1m ulevilo. <\/p>\n\n\n\n<p><strong>Kl\u00e1ra, pracovnice v dru\u017ein\u011b<\/strong> Byla jsem volit a volila jsem jako v\u017edycky Pir\u00e1ty. L\u00edb\u00ed se mi, \u017ee se zam\u011b\u0159uj\u00ed prost\u011b i na ty men\u0161\u00ed v\u011bci. <\/p>\n\n\n\n<p><strong>Ji\u0159\u00ed Pehe, politolog<\/strong> Ne v\u0161ichni lidi, kte\u0159\u00ed jsou posti\u017eeni chudobou, tak vol\u00ed extremisty nebo populisty. Dost \u010dasto to souvis\u00ed tak\u00e9 se vzd\u011bl\u00e1n\u00edm, s t\u00edm, kde ti lid\u00e9 \u017eij\u00ed a s \u010d\u00edm se srovn\u00e1vaj\u00ed. <\/p>\n\n\n\n<p><strong>Luk\u00e1\u0161 Vyhnanovsk\u00fd, pracovn\u00edk Arm\u00e1dy sp\u00e1sy<\/strong> Mysl\u00edm si, \u017ee v\u011bt\u0161ina koleg\u016f prim\u00e1rn\u00ed, co \u0159e\u0161\u00ed, je: \u201eVolme stranu, kter\u00e1 p\u0159em\u00fd\u0161l\u00ed soci\u00e1ln\u011b.\u201c Pro m\u011b to jsou Pir\u00e1ti, ale t\u00edm ne\u0159\u00edk\u00e1m, \u017ee jin\u00fd strany tohle nemaj\u00ed. Je to n\u011bjak\u00e1 moje volba. <\/p>\n\n\n\n<p><strong>Tom\u00e1\u0161 Erv\u00edn Dombrovsk\u00fd, analytik pracovn\u00edho trhu, Alma Career<\/strong> V posledn\u00edm roce se situace pom\u011brn\u011b rychle za\u010dala zlep\u0161ovat, ale je pot\u0159eba si uv\u011bdomit, \u017ee my teprve p\u0159ekon\u00e1v\u00e1me ty p\u0159edchoz\u00ed propady re\u00e1ln\u00fdch p\u0159\u00edjm\u016f. D\u00e1 se o\u010dek\u00e1vat, \u017ee a\u017e na konci leto\u0161n\u00edho nebo po\u010d\u00e1tku p\u0159\u00ed\u0161t\u00edho roku v\u011bt\u0161ina lid\u00ed bude m\u00edt re\u00e1ln\u00e9 p\u0159\u00edjmy vy\u0161\u0161\u00ed ne\u017e na po\u010d\u00e1tku roku 2021.<\/p>\n\n\n\n<p> <strong>Lucie Trlifajov\u00e1, soci\u00e1ln\u00ed antropolo\u017eka, Centrum pro spole\u010densk\u00e9 ot\u00e1zky<\/strong> Pokud m\u00e1me velkou \u010d\u00e1st spole\u010dnosti, kter\u00e1 m\u00e1 pocit, \u017ee i kdy\u017e vyd\u011bl\u00e1v\u00e1, tak nedos\u00e1hne na d\u016fstojn\u00fd \u017eivot, tak to velmi sni\u017euje d\u016fv\u011bru v demokracii, ve ve\u0159ejn\u00fd instituce a v n\u011bjak\u00fd pocit zastoupen\u00ed. Ta spole\u010dnost dneska za\u010d\u00edn\u00e1 b\u00fdt \u010d\u00edm d\u00e1l v\u00edc polarizovan\u00e1. Roste tady v\u00fdznam stran, kter\u00fd dlouhodob\u011b t\u0159eba nevid\u00ed na\u0161i budoucnost v Evropsk\u00fd unii, neklon\u00ed se k n\u011bjak\u00fdm demokratick\u00fdm princip\u016fm. A tohle to se v \u010dase vlastn\u011b jako m\u016f\u017ee je\u0161t\u011b akcelerovat. <\/p>\n\n\n\n<p><strong>Kl\u00e1ra, pracovnice v dru\u017ein\u011b<\/strong> Jako mysl\u00edm si, \u017ee se tady ne\u017eije \u0161patn\u011b, ale \u017ee se \u010dlov\u011bk mus\u00ed prost\u011b ot\u00e1\u010det. Je to na ka\u017ed\u00e9m z n\u00e1s, jak\u00fdm zp\u016fsobem se do toho op\u0159e. A jako pen\u00edze se ur\u010dit\u011b daj\u00ed tady vyd\u011blat. <\/p>\n\n\n\n<p><strong>Eva, ukl\u00edze\u010dka<\/strong> Douf\u00e1m, \u017ee jednou bude l\u00edp. \u0160t\u011bst\u00ed n\u00e1m p\u0159in\u00e1\u0161\u00ed ty d\u011bti, \u017ee jo, \u00fasm\u011bv, radost, a to \u010dlov\u011bk zapomene na v\u0161echno tr\u00e1pen\u00ed na chvili\u010dku.<\/p>\n\n\n\n<p> <strong>Luk\u00e1\u0161 Vyhnanovsk\u00fd, pracovn\u00edk Arm\u00e1dy sp\u00e1sy<\/strong> Kdyby te\u010f za mnou n\u011bkdo p\u0159i\u0161el a dal mi 25 milion\u016f, j\u00e1 vlastn\u011b nev\u00edm, co bych ud\u011blal. Jako prvn\u00ed, co m\u011b napad\u00e1, je, \u017ee bych ty pen\u00edze dal do slu\u017eeb, ale t\u0159eba bych si \u0159ekl \u201ete\u010f m\u00e1m prachy a za\u010dnu si \u017e\u00edt\u201c, j\u00e1 nev\u00edm.<\/p>\n","protected":false},"excerpt":{"rendered":"<div class=\"mh-excerpt\"><p>\u010cT 1 Petr Fiala, p\u0159edseda vl\u00e1dy \/ODS\/ Na\u0161i ob\u010dan\u00e9 jsou nejm\u00e9n\u011b ohro\u017eeni chudobou v cel\u00e9 Evropsk\u00e9 unii. Andrej Babi\u0161, p\u0159edseda hnut\u00ed \/ANO\/ Vl\u00e1da Petra Fialy <a class=\"mh-excerpt-more\" href=\"https:\/\/www.invarena.cz\/?p=61691\" title=\"Fenom\u00e9n doby \u2013 Hranice chudoby\">[&#8230;]<\/a><\/p>\n<\/div>","protected":false},"author":1,"featured_media":5657,"comment_status":"open","ping_status":"closed","sticky":false,"template":"","format":"standard","meta":{"footnotes":""},"categories":[7],"tags":[],"class_list":["post-61691","post","type-post","status-publish","format-standard","has-post-thumbnail","hentry","category-spolecnost"],"_links":{"self":[{"href":"https:\/\/www.invarena.cz\/index.php?rest_route=\/wp\/v2\/posts\/61691","targetHints":{"allow":["GET"]}}],"collection":[{"href":"https:\/\/www.invarena.cz\/index.php?rest_route=\/wp\/v2\/posts"}],"about":[{"href":"https:\/\/www.invarena.cz\/index.php?rest_route=\/wp\/v2\/types\/post"}],"author":[{"embeddable":true,"href":"https:\/\/www.invarena.cz\/index.php?rest_route=\/wp\/v2\/users\/1"}],"replies":[{"embeddable":true,"href":"https:\/\/www.invarena.cz\/index.php?rest_route=%2Fwp%2Fv2%2Fcomments&post=61691"}],"version-history":[{"count":0,"href":"https:\/\/www.invarena.cz\/index.php?rest_route=\/wp\/v2\/posts\/61691\/revisions"}],"wp:featuredmedia":[{"embeddable":true,"href":"https:\/\/www.invarena.cz\/index.php?rest_route=\/wp\/v2\/media\/5657"}],"wp:attachment":[{"href":"https:\/\/www.invarena.cz\/index.php?rest_route=%2Fwp%2Fv2%2Fmedia&parent=61691"}],"wp:term":[{"taxonomy":"category","embeddable":true,"href":"https:\/\/www.invarena.cz\/index.php?rest_route=%2Fwp%2Fv2%2Fcategories&post=61691"},{"taxonomy":"post_tag","embeddable":true,"href":"https:\/\/www.invarena.cz\/index.php?rest_route=%2Fwp%2Fv2%2Ftags&post=61691"}],"curies":[{"name":"wp","href":"https:\/\/api.w.org\/{rel}","templated":true}]}}