{"id":61693,"date":"2025-11-06T22:06:10","date_gmt":"2025-11-06T21:06:10","guid":{"rendered":"https:\/\/www.invarena.cz\/?p=61693"},"modified":"2025-11-06T22:06:11","modified_gmt":"2025-11-06T21:06:11","slug":"pripravy-na-potravinovou-sbirku","status":"publish","type":"post","link":"https:\/\/www.invarena.cz\/?p=61693","title":{"rendered":"P\u0159\u00edpravy na potravinovou sb\u00edrku"},"content":{"rendered":"\n<p>\u010cT 1<\/p>\n\n\n\n<p>Fini\u0161uj\u00ed p\u0159\u00edpravy na podzimn\u00ed kolo N\u00e1rodn\u00ed potravinov\u00e9 sb\u00edrky. Jak v obchodech, tak v bank\u00e1ch, kter\u00e9 j\u00eddlo pro pot\u0159ebn\u00e9 shroma\u017e\u010fuj\u00ed. Z\u00e1jem o n\u011bj roste, hlavn\u011b mezi samo\u017eiviteli a seniory, a p\u0159ibylo i prodejen, kde lze trvanliv\u00e9 a drogistick\u00e9 zbo\u017e\u00ed darovat. Je jich 2800.<\/p>\n\n\n\n<p> <strong>Lea Surovcov\u00e1, redaktorka \u010cT<\/strong> V pond\u011bl\u00ed r\u00e1no se pravideln\u011b otev\u00edr\u00e1 v\u00fddejna na pra\u017esk\u00e9 novom\u011bstsk\u00e9 radnici. J\u00eddlo z\u00edsk\u00e1vaj\u00ed z potravinov\u00e9 banky, pro to si z\u00e1hy p\u0159ich\u00e1z\u00ed i pe\u010dovatelka, kter\u00e1 p\u0159i\u0161la ne\u010dekan\u011b o pr\u00e1ci. <\/p>\n\n\n\n<p><strong>nezam\u011bstan\u00e1 pe\u010dovatelka<\/strong> Nikdy jsem nebyla na tom tak, \u017ee bych ji pot\u0159ebovala, a\u010dkoliv jsem sama jako je\u0161t\u011b v minulosti do t\u011bch sb\u00edrek p\u0159isp\u00edvala, douf\u00e1m, \u017ee to p\u0159ekon\u00e1m jako \u00fapln\u011b v pohod\u011b. <\/p>\n\n\n\n<p><strong>Lucie Pechov\u00e1, m\u00edstostarostka M\u010c Praha 2 \/ODS\/<\/strong> V\u011bt\u0161ina t\u011bch doporu\u010den\u00ed vych\u00e1z\u00ed rovnou od n\u00e1s z humanitn\u00edho odboru.<\/p>\n\n\n\n<p> <strong>Lea Surovcov\u00e1, redaktorka \u010cT<\/strong> Mark\u00e9ta p\u0159i\u0161la s d\u011btmi, o kter\u00e9 se star\u00e1 sama.<\/p>\n\n\n\n<p> <strong>Mark\u00e9ta, samo\u017eivitelka, matka 2 d\u011bt\u00ed<\/strong> Nejsme na tom natolik dob\u0159e, abysme si mohli dovolit jenom tak chodit prost\u011b na n\u00e1kupy, tak\u017ee tohle pro n\u00e1s je hodn\u011b d\u016fle\u017eit\u00fd. <\/p>\n\n\n\n<p><strong>Jaroslav, senior bez domova<\/strong> Sp\u00ed\u0161 by bylo dobr\u00fd n\u011bco slad\u0161\u00edho<\/p>\n\n\n\n<p>. <strong>Richard, nezam\u011bstnan\u00fd<\/strong> M\u00e1m je\u0161t\u011b dv\u011b zn\u00e1m\u00fd, jsou to invalidn\u00ed d\u016fchodkyn\u011b, kter\u00fdm to nos\u00edm, \u010dek\u00e1m na d\u016fchod, kter\u00fd mo\u017en\u00e1 dostanu. A jinak j\u00e1 jsem vysoko\u0161kolskej profese, u\u010dil jsem na univerzit\u011b. <\/p>\n\n\n\n<p><strong>Lea Surovcov\u00e1, redaktorka \u010cT<\/strong> Za posledn\u00ed dva roky z\u00edskalo podobn\u011b jen p\u0159es v\u00fddejny pomoc 50 000 lid\u00ed. Jen\u017ee na hranici chudoby jich \u017eije v \u010cesku p\u0159es milion. <\/p>\n\n\n\n<p><strong>Ale\u0161 Slav\u00ed\u010dek, p\u0159edseda \u010cesk\u00e9 federace potravinov\u00fdch bank<\/strong> My vlastn\u011b se ro\u010dn\u011b dost\u00e1v\u00e1me ke 400 000 t\u011bchto lid\u00ed, tak\u017ee st\u00e1le je vlastn\u011b mo\u017enost je\u0161t\u011b podpo\u0159it dal\u0161\u00ed, kte\u0159\u00ed t\u0159eba o n\u00e1s nevid\u00ed nebo jsou v n\u011bjak\u00fdch odlehl\u00fdch lokalit\u00e1ch. <\/p>\n\n\n\n<p><strong>Lea Surovcov\u00e1, redaktorka \u010cT<\/strong> Proto p\u0159ib\u00fdv\u00e1 prodejen, kter\u00e9 se do podzimn\u00edho kola potravinov\u00e9 sb\u00edrky zapojuj\u00ed. Na za\u010d\u00e1tku jich bylo p\u0159es 700, Letos u\u017e 2800.<\/p>\n\n\n\n<p> <strong>Eva Dou\u0161ov\u00e1, \u0159editelka Potravinov\u00e9 banky pro Prahu a St\u0159edo\u010desk\u00fd kraj<\/strong> Sv\u00e1\u017e\u00edme velik\u00e9 mno\u017estv\u00ed pe\u010diva, ovoce, zeleniny a nikdy nep\u0159ivezeme cukr, olej, mouku, d\u011btsk\u00e9 pleny. A to v\u0161echno, o to my pros\u00edme ka\u017ed\u00fd p\u016flrok p\u0159i sb\u00edrce. <\/p>\n\n\n\n<p><strong>Tom\u00e1\u0161 Prouza, prezident Svazu obchodu a cestovn\u00edho ruchu \u010cR<\/strong> Vid\u00edme, \u017ee roste popt\u00e1vka nejenom od r\u016fzn\u00fdch soci\u00e1ln\u00edch za\u0159\u00edzen\u00ed, ale i od jednotlivc\u016f. <\/p>\n\n\n\n<p><strong>Lea Surovcov\u00e1, redaktorka \u010cT<\/strong> V sobotu se do sb\u00edrky zapoj\u00ed p\u0159es 5000 dobrovoln\u00edk\u016f. Lidem budou radit nap\u0159\u00edklad s potravinov\u00fdmi seznamy. <\/p>\n\n\n\n<p>\u010cesk\u00e1 televize<\/p>\n\n\n\n<p><\/p>\n","protected":false},"excerpt":{"rendered":"<div class=\"mh-excerpt\"><p>\u010cT 1 Fini\u0161uj\u00ed p\u0159\u00edpravy na podzimn\u00ed kolo N\u00e1rodn\u00ed potravinov\u00e9 sb\u00edrky. Jak v obchodech, tak v bank\u00e1ch, kter\u00e9 j\u00eddlo pro pot\u0159ebn\u00e9 shroma\u017e\u010fuj\u00ed. Z\u00e1jem o n\u011bj roste, <a class=\"mh-excerpt-more\" href=\"https:\/\/www.invarena.cz\/?p=61693\" title=\"P\u0159\u00edpravy na potravinovou sb\u00edrku\">[&#8230;]<\/a><\/p>\n<\/div>","protected":false},"author":1,"featured_media":29469,"comment_status":"open","ping_status":"closed","sticky":false,"template":"","format":"standard","meta":{"footnotes":""},"categories":[9],"tags":[],"class_list":["post-61693","post","type-post","status-publish","format-standard","has-post-thumbnail","hentry","category-zpravy"],"_links":{"self":[{"href":"https:\/\/www.invarena.cz\/index.php?rest_route=\/wp\/v2\/posts\/61693","targetHints":{"allow":["GET"]}}],"collection":[{"href":"https:\/\/www.invarena.cz\/index.php?rest_route=\/wp\/v2\/posts"}],"about":[{"href":"https:\/\/www.invarena.cz\/index.php?rest_route=\/wp\/v2\/types\/post"}],"author":[{"embeddable":true,"href":"https:\/\/www.invarena.cz\/index.php?rest_route=\/wp\/v2\/users\/1"}],"replies":[{"embeddable":true,"href":"https:\/\/www.invarena.cz\/index.php?rest_route=%2Fwp%2Fv2%2Fcomments&post=61693"}],"version-history":[{"count":0,"href":"https:\/\/www.invarena.cz\/index.php?rest_route=\/wp\/v2\/posts\/61693\/revisions"}],"wp:featuredmedia":[{"embeddable":true,"href":"https:\/\/www.invarena.cz\/index.php?rest_route=\/wp\/v2\/media\/29469"}],"wp:attachment":[{"href":"https:\/\/www.invarena.cz\/index.php?rest_route=%2Fwp%2Fv2%2Fmedia&parent=61693"}],"wp:term":[{"taxonomy":"category","embeddable":true,"href":"https:\/\/www.invarena.cz\/index.php?rest_route=%2Fwp%2Fv2%2Fcategories&post=61693"},{"taxonomy":"post_tag","embeddable":true,"href":"https:\/\/www.invarena.cz\/index.php?rest_route=%2Fwp%2Fv2%2Ftags&post=61693"}],"curies":[{"name":"wp","href":"https:\/\/api.w.org\/{rel}","templated":true}]}}