{"id":61697,"date":"2025-11-06T22:03:14","date_gmt":"2025-11-06T21:03:14","guid":{"rendered":"https:\/\/www.invarena.cz\/?p=61697"},"modified":"2025-11-06T22:04:00","modified_gmt":"2025-11-06T21:04:00","slug":"diskriminace-senioru","status":"publish","type":"post","link":"https:\/\/www.invarena.cz\/?p=61697","title":{"rendered":"Diskriminace senior\u016f je ve spole\u010dnosti v\u00edce ne\u017e diskriminace genderov\u00e9"},"content":{"rendered":"\n<p>\u010cT 1<\/p>\n\n\n\n<p>po\u0159ad Sama doma <\/p>\n\n\n\n<p>Dr. Lucie Vidovi\u010dov\u00e1 z Fakulty soci\u00e1ln\u00edch studi\u00ed Masarykovy univerzity<\/p>\n\n\n\n<p>moder\u00e1torka Mysl\u00edm, \u017ee o genderov\u00e9 diskriminaci se mluv\u00ed docela \u010dasto, ale o t\u00e9 v\u011bkov\u00e9 vlastn\u011b ne tak \u00fapln\u011b \u010dasto, kolik j\u00ed kolem sebe m\u00e1me?<\/p>\n\n\n\n<p><strong>mluv\u010d\u00ed 3,<\/strong> M\u00e1me ji mnohem dokonce v\u00edc ne\u017e v t\u00e9 genderov\u00e9. Ten rozd\u00edl v tom, kolik to diskutujeme, je n\u011bco, co m\u011b samotnou tro\u0161ku zar\u00e1\u017e\u00ed, proto\u017ee opakovan\u011b ze sociologick\u00fdch v\u00fdzkum\u016f, kter\u00e9 t\u0159eba i na institutu pr\u00e1ce a soci\u00e1ln\u00edch v\u011bc\u00ed realizujeme, je vid\u011bt, \u017ee dokonce n\u00e1sobn\u011b \u010dast\u011bji jsme diskriminov\u00e1ni na z\u00e1klad\u011b v\u011bku a n\u011bjakou formu v\u011bkov\u00e9 diskriminace v z\u00e1sad\u011b v \u017eivot\u011b potk\u00e1 ka\u017ed\u00fd z n\u00e1s, a\u0165 u\u017e jsme mlad\u0161\u00ed nebo star\u0161\u00ed nebo st\u0159edn\u00edho v\u011bku. Ona se nez\u0159\u00eddka kombinuje s tou diskriminac\u00ed na z\u00e1klad\u011b pohlav\u00ed, proto\u017ee i v obdob\u00ed, kter\u00e1 t\u0159eba jsou takov\u00e9 jakoby utlumen\u011bj\u0161\u00ed z pohledu v\u011bkov\u00e9 diskriminace, tak \u017eeny b\u00fdvaj\u00ed v\u011bkov\u011b diskriminov\u00e1ny \u010dast\u011bji, tak\u017ee ty v\u011bci se kombinuj\u00ed nez\u0159\u00eddka, ale p\u0159esto v pr\u016fm\u011bru zhruba v sou\u010dasn\u00e9 dob\u011b kolem 30 % \u010desk\u00e9 populace reportuje, \u017ee t\u0159eba v posledn\u00edm roce se setkali s n\u011bjak\u00fdm znev\u00fdhod\u0148uj\u00edc\u00edm jedn\u00e1n\u00edm na z\u00e1klad\u011b v\u011bku a hrozn\u011b zaj\u00edmav\u00e9 je, \u017ee to m\u00e1 takov\u00fd v pr\u016fb\u011bhu toho \u017eivota nebo pro r\u016fzn\u00e9 v\u011bkov\u00e9 skupiny tvar, n\u011bco jako fajfka, kdy velice siln\u011b tu v\u011bkovou diskriminaci pro\u017e\u00edvaj\u00ed respondenti mezi 18 a 30 lety, pak je relativn\u011b klid do n\u011bjak\u00e9 pades\u00e1tky a pak to zase strm\u011b stoup\u00e1. P\u0159ece kolem roku 2007 ten pod\u00edl byl jenom 19 %, tak\u017ee jsme vlastn\u011b t\u00e9m\u011b\u0159 zdvojn\u00e1sobili tenhle ten pod\u00edl a u t\u011bch junior\u016f jsme dokonce na 50 %, co\u017e je obrovsk\u00e9 \u010d\u00edslo, \u017ee by vlastn\u011b p\u016flka jako mlad\u0161\u00ed populace referuje o tom, \u017ee se k n\u00ed choval n\u011bkdo \u0161patn\u011b. Na z\u00e1klad\u011b v\u011bku. <\/p>\n\n\n\n<p><strong>mluv\u010d\u00ed 4,<\/strong> U\u017e v\u00edme, pro\u010d to tak je, pro\u010d se ta \u010d\u00edsla hor\u0161\u00ed. <\/p>\n\n\n\n<p><strong>mluv\u010d\u00ed 3,<\/strong> A tahle ta cesta n\u00e1s je\u0161t\u011b \u010dek\u00e1 do t\u011bch anal\u00fdz. Nicm\u00e9n\u011b zd\u00e1 se, \u017ee \u010cesk\u00e1 republika dlouhodob\u011b jednou z nejageisti\u010dt\u011bj\u0161\u00edch spole\u010dnost\u00ed v Evrop\u011b, mo\u017en\u00e1 i celosv\u011btov\u011b, on t\u011bch v\u00fdzkum\u016f zase ani nen\u00ed tolik. Pr\u00e1v\u011b to je dal\u0161\u00ed handicap, kter\u00fd m\u00e1me v\u016f\u010di t\u00e9 diskriminaci na z\u00e1klad\u011b pohlav\u00ed, kter\u00e1 je mnohem \u010dast\u011bji prozkoum\u00e1na, tak\u017ee i ty d\u016fvody tak sp\u00ed\u0161 jako odhadujeme, nicm\u00e9n\u011b je to ur\u010ditou fascinac\u00ed, v\u011bkem, jak je pro n\u00e1s d\u016fle\u017eit\u00fd. Jakkoliv jdeme \u017eivotem, tak u\u017e se narod\u00edme a samoz\u0159ejm\u011b na n\u00e1s p\u0159ilepen\u00e1 ta n\u00e1lepka toho v\u011bku a postupn\u011b oslavujeme nebo n\u011bkte\u0159\u00ed neradi, ale n\u011bkte\u0159\u00ed velice r\u00e1di oslavuj\u00ed ty p\u0159echody, ale i t\u0159eba v legislativn\u00edm nebo v z\u00e1konech je spousta takov\u00fdch r\u016fzn\u00fdch polo\u017eek, kdy najednou s n\u011bjak\u00fdm v\u011bkem n\u011bco m\u016f\u017eeme nebo nesm\u00edme, jsou n\u00e1m d\u00e1v\u00e1na r\u016fzn\u00e1 pr\u00e1va a povinnosti, ale i v t\u00e9 vlastn\u011b mezilidsk\u00fdch vztaz\u00edch, v t\u00e9 interakci se \u010dasto setk\u00e1te s t\u00edm, na tohle se\u0161 je\u0161t\u011b moc mlad\u00e1, na takovej n\u00e1zor. Nebo je nad 30, m\u011bla bys m\u00edt d\u011bti, anebo naopak na tohle se\u0161 t\u0159eba moc star\u00fd, star\u00e1 t\u0159eba na to, aby si vstupoval do politiky, to je takov\u00fd \u010dast\u00fd n\u00e1zor, kter\u00fd zase spousta \u010cech\u016f a \u010ce\u0161ek podporuje. <\/p>\n\n\n\n<p><strong>Barbora \u010cerno\u0161kov\u00e1, moder\u00e1torka<\/strong> Zm\u00ednila jste term\u00edn ageismus, tak\u017ee ten s t\u00edm tedy \u00fazce souvis\u00ed a o tom mluv\u00edme. <\/p>\n\n\n\n<p><strong>mluv\u010d\u00ed 3,<\/strong> N\u011bkdy se to pou\u017e\u00edv\u00e1 jako synonyma, ale Sv\u011btov\u00e1 zdravotnick\u00e1 organizace vlastn\u011b hovo\u0159\u00ed o tom, \u017ee ageismus je to, jak p\u0159em\u00fd\u0161l\u00edme, jak c\u00edt\u00edme, jak jedn\u00e1me v\u016f\u010di ostatn\u00edm lidem na z\u00e1klad\u011b jejich v\u011bku, ale i v\u016f\u010di sami sob\u011b, proto\u017ee ageismus m\u00e1 takovou zvl\u00e1\u0161tn\u00ed formu, \u017ee a\u0165 u\u017e ty stereotypy, p\u0159edsudky nebo ta diskriminace, kter\u00e1 do toho pat\u0159\u00ed, vlastn\u011b m\u016f\u017eeme m\u00edt nejenom v\u016f\u010di ostatn\u00edm lidem kolem ale i v\u016f\u010di sami sob\u011b. A n\u011bkdy takov\u00fd ten pocit, na tohle u\u017e jsem star\u00e1, abych t\u0159eba nosila kr\u00e1tk\u00e9 sukn\u011b, tak je takov\u00fdm p\u0159\u00edkladem, kter\u00fd se \u010dasto pou\u017e\u00edv\u00e1 v tom, \u017ee to je takov\u00fd agismus v\u016f\u010di s\u00e1m sob\u011b.<\/p>\n\n\n\n<p><strong>Barbora \u010cerno\u0161kov\u00e1, moder\u00e1torka<\/strong> M\u00e1me se dnes zab\u00fdvat p\u0159edev\u0161\u00edm tedy diskriminac\u00ed senior\u016f, jak ohro\u017een\u00e1 je to skupina v souvislosti pr\u00e1v\u011b s t\u00edmhle t\u00edm sv\u011bton\u00e1zorem. <\/p>\n\n\n\n<p><strong>mluv\u010d\u00ed 3,<\/strong> A velice je to, je to vlastn\u011b \u010dasto takov\u00e1 prvn\u00ed indicie, kterou \u010dlov\u011bk se dov\u00ed, \u017ee je vn\u00edm\u00e1n jako senior pr\u00e1v\u011b z toho d\u016fvodu, \u017ee mu t\u0159eba nen\u00ed poskytnuta n\u011bjak\u00e1 slu\u017eba, nebo \u017ee ho n\u011bkdo hrub\u011b oslov\u00ed t\u0159eba v prost\u0159edku hromadn\u00e9 dopravy, ale je vid\u011bt, \u017ee i ty prost\u0159ed\u00ed nebo ty kontexty, ve kter\u00fdch se to objevuje, se postupn\u011b vlastn\u011b m\u011bn\u00ed s t\u00edm, jak jdeme t\u00edm \u017eivotem a m\u011bn\u00ed se a roste. Tak\u017ee i, jak jsem \u0159\u00edkala, zhruba od t\u00e9 pades\u00e1tky. Respondenti tedy st\u00e1le \u010dast\u011bji hovo\u0159\u00ed o tom, \u017ee se setk\u00e1vaj\u00ed s v\u011bkovou diskriminac\u00ed i na trhu pr\u00e1ce, co\u017e je vlastn\u011b zvl\u00e1\u0161tn\u00ed, proto\u017ee ta je tedy zak\u00e1zan\u00e1 z\u00e1konem u n\u00e1s jako jedin\u00e1 a u\u017e vlastn\u011b pom\u011brn\u011b dlouhou dobu ale v ostatn\u00edch kontextech takov\u00fd z\u00e1kon nen\u00ed. D\u0159\u00edve se i diskutovalo, \u017ee by pr\u00e1v\u011b t\u0159eba v\u011bkov\u00e1 diskriminace v oblasti slu\u017eeb nebo zbo\u017e\u00ed m\u011bla b\u00fdt vlastn\u011b postaven\u00e1 mimo z\u00e1kon, ale ten zat\u00edm tedy neexistuje. A ty debaty kolem toho vlastn\u011b i utichli. A potom jsou to dal\u0161\u00ed oblasti, jako jsou pr\u00e1v\u011b t\u0159eba poskytov\u00e1n\u00ed slu\u017eeb, a to nejenom t\u011bch pe\u010dovatelsk\u00fdch, abychom si nemysleli, by\u0165 pr\u00e1v\u011b t\u0159eba hrub\u00e9 zach\u00e1zen\u00ed s velmi star\u00fdmi seniory se pova\u017euje za vlastn\u011b extr\u00e9mn\u00ed projev ageismu, extr\u00e9mn\u00ed projev toho, \u017ee nejenom, \u017ee ka\u017ed\u00fd v\u011bk, ka\u017ed\u00e1 v\u011bkov\u00e1 skupina jsou jin\u00e9, ale \u017ee jsou kvalitativn\u011b odli\u0161n\u00e9, \u017ee n\u011bjak\u00e9 v\u011bky jsou hor\u0161\u00ed, \u017ee lid\u00e9, kte\u0159\u00ed maj\u00ed ur\u010dit\u00fd v\u011bk, tak vlastn\u011b nemaj\u00ed t\u0159eba pr\u00e1vo na sv\u00e1 v\u0161echna lidsk\u00e1 pr\u00e1va nebo na to abychom s nimi zach\u00e1zeli d\u016fstojn\u011b a potom se to v tom extr\u00e9mu m\u016f\u017ee projevit pr\u00e1v\u011b i t\u011bmi v\u011bcmi, kter\u00e9 p\u0159ekra\u010duj\u00ed z\u00e1kon pr\u00e1v\u011b t\u0159eba v p\u00e9\u010di o seniory, ale t\u0159eba Kancel\u00e1\u0159 ve\u0159ejn\u00e9ho ochr\u00e1nce pr\u00e1v \u0159e\u0161ili a velice \u00fasp\u011b\u0161n\u011b p\u0159\u00edpad, kdy vlastn\u011b star\u0161\u00ed man\u017eel\u00e9 cht\u011bli vycestovat do zahrani\u010d\u00ed, ale nebyla jim poskytnuta kreditn\u00ed karta, proto\u017ee u\u017e m\u011bli vy\u0161\u0161\u00ed v\u011bk a kdy\u017e si nem\u016f\u017eou m\u00edt kreditn\u00ed kartu, tak nemohou si p\u016fj\u010dit auto, tak\u017ee se obr\u00e1tili na Kancel\u00e1\u0159 ve\u0159ejn\u00e9ho ochr\u00e1nce pr\u00e1v a tam vlastn\u011b oni byli schopni jako upozornit tu banku, aby zas\u00e1hla, aby vlastn\u011b tuhletu diskrimina\u010dn\u00ed praktiku upravila, co\u017e se tedy vlastn\u011b na z\u00e1klad\u011b toho jejich podn\u011btu stalo.Tak to mn\u011b p\u0159i\u0161lo jako hezk\u00fd p\u0159\u00edb\u011bh, \u017ee ur\u010dit\u011b se v\u017edycky oplat\u00ed se ozvat.<\/p>\n\n\n\n<p><strong>Barbora \u010cerno\u0161kov\u00e1, moder\u00e1torka<\/strong> Mn\u011b to p\u0159ijde naprosto p\u0159\u00ed\u0161ern\u00fd p\u0159\u00edb\u011bh o tom, jak jsme nevysp\u011bl\u00e1 spole\u010dnost. <strong>mluv\u010d\u00ed 3,<\/strong> A s dobr\u00fdm koncem. V tomhle p\u0159\u00edpad\u011b.<\/p>\n\n\n\n<p> <strong>mluv\u010d\u00ed 4,<\/strong> P\u00e1nb\u016fh zaple\u0165 za to. Zmi\u0148ovala jste trh pr\u00e1ce, ten pracovn\u00ed trh, jak se tam projev\u00ed ten ageismus, jak se tam projev\u00ed ta diskriminace. <strong>mluv\u010d\u00ed 3,<\/strong> St\u00e1le \u010dast\u011bji? V t\u011bch na\u0161ich v\u00fdzkumech vypl\u00fdv\u00e1, \u017ee si vlastn\u011b \u010ce\u0161i a \u010ce\u0161ky mysl\u00ed a z\u0159ejm\u011b opr\u00e1vn\u011bn\u011b \u017ee pr\u00e1v\u011b na v\u011bku na trhu pr\u00e1ce velice z\u00e1le\u017e\u00ed, a to ve v\u0161ech mo\u017en\u00fdch oblastech, a\u0165 u\u017e p\u0159i p\u0159ij\u00edm\u00e1n\u00ed do pr\u00e1ce, p\u0159i odm\u011b\u0148ov\u00e1n\u00ed, p\u0159i nab\u00edzen\u00ed n\u011bjak\u00fdho dal\u0161\u00edho vzd\u011bl\u00e1v\u00e1n\u00ed, tr\u00e9ninku a potom i p\u0159i propou\u0161t\u011bn\u00ed. Bohu\u017eel ty p\u0159\u00edklady toho, \u017ee vlastn\u011b v t\u00e9 skupin\u011b 50, 55 plus m\u00e1me velik\u00fd pod\u00edl lid\u00ed, kte\u0159\u00ed jsou dlouhodob\u011b t\u0159eba v registru nezam\u011bstnan\u00fdch, co\u017e pr\u00e1v\u011b se ukazuje, \u017ee je takov\u00e9 jakosi k\u0159ehk\u00e9 m\u00edsto, kde, a n\u011bkdy zam\u011bstnavatel\u00e9 maj\u00ed pocit, \u017ee ti lid\u00e9 u\u017e jsou sta\u0159\u00ed, u\u017e budou nev\u00edkonn\u00ed, nemocn\u00ed a v\u016fbec jim nenab\u00edzej\u00ed vlastn\u011b ta m\u00edsta nebo je ani nezvou t\u0159eba k pohovor\u016fm, ale net\u00fdk\u00e1 se to vlastn\u011b jenom, dejme tomu, t\u0159eba n\u011bjak\u00fdch pozic, kter\u00e9 bychom o\u010dek\u00e1vali, \u017ee t\u0159eba to t\u011blo u\u017e bude n\u011bjak\u00e9 unaven\u011bj\u0161\u00ed, nebude zvl\u00e1dat, ale maj\u00ed s t\u00edm probl\u00e9my vlastn\u011b lid\u00e9 t\u0159eba i ve st\u0159edn\u00edm managementu a jednou takovou, a to nev\u00edme, jestli to je zdroj nebo vlastn\u011b d\u016fsledek ageismu nebo v\u011bkov\u00e9 diskriminace je to, \u017ee \u010dasto vlastn\u011b pracujeme ve v\u011bkov\u011b vlastn\u011b velice stejnorod\u00fdch t\u00fdmech, to znamen\u00e1, \u017ee my se ani nem\u00e1me moc p\u0159\u00edle\u017eitost\u00ed u\u010dit o tom, jak jednotliv\u00e9 generace funguj\u00ed, jak spolu mluvit a potom, kdy\u017e t\u0159eba kolem t\u0159eba i 40, 45 chcete n\u011bkam nastoupit nov\u011b a ten t\u00fdm je velice mlad\u00fd, tak oni maj\u00ed t\u0159eba obavy v\u00e1s p\u0159ijmout, proto\u017ee najednou p\u0159in\u00e1\u0161\u00edte n\u011bco jin\u00e9ho, na co oni nejsou zvykl\u00ed v t\u00e9 a sv\u00e9, vlastn\u011b tomu \u0159\u00edk\u00e1me homogenita, prost\u011b, \u017ee jsou si hodn\u011b podobn\u00ed, tak\u017ee tyhle ty drobnosti, kter\u00e9 v sou\u010dasn\u00e9 dob\u011b u\u017e t\u0159eba personalist\u00e9 uva\u017euj\u00ed o tom, \u017ee jak maj\u00ed nastaven\u00e9 syst\u00e9my, v\u00fdb\u011bry t\u011bch uchaze\u010d\u016f, proto\u017ee to dneska u\u017e \u010dist\u00ed takzvan\u011b AI a tam \u010dasto pr\u00e1v\u011b p\u0159es n\u011bjak\u00e9, by\u0165 tedy tam nem\u016f\u017ee b\u00fdt explicitn\u011b v\u011bk, ale n\u011bjak\u00e9 zku\u0161enosti a podobn\u00e9 v\u011bci vlastn\u011b takhle skryt\u011b v\u011bkov\u011b diskriminuj\u00ed, proto\u017ee vlastn\u011b ani nedostanou star\u0161\u00ed uchaze\u010di a p\u0159\u00edle\u017eitost vlastn\u011b p\u0159edv\u00e9st sv\u00e9 dovednosti.<\/p>\n\n\n\n<p> <strong>mluv\u010d\u00ed 4,<\/strong> D\u00e1 se tomu br\u00e1nit&#8230;. <\/p>\n\n\n\n<p><strong>mluv\u010d\u00ed 3,<\/strong> N\u011bkdy velmi obt\u00ed\u017en\u011b, proto\u017ee ona tahle ta v\u011bkov\u00e1 diskriminace je v n\u00e1s velice hluboce zako\u0159en\u011bn\u00e1 a my v t\u00e9 odborn\u00e9 debat\u011b se bav\u00edme i o tom, co je vlastn\u011b opakem ageismu, jestli to, aby jsme byli \u00fapln\u011b v\u011bkov\u011b slep\u00fd a v\u016fbec vlastn\u011b se o v\u011bku nebavili a nebyl pro n\u00e1s n\u011bkde d\u016fle\u017eit\u00fd, anebo naopak, na druh\u00e9 stran\u011b, abychom ten v\u011bk vlastn\u011b oslavovali, abychom byli na n\u011bj hrd\u00ed, abysme se jakoby nestyd\u011bli vlastn\u011b \u0159\u00edkat, kolik n\u00e1m je let. A ono to m\u00e1 i ty praktick\u00e9 dopady, \u017ee v \u0159ad\u011b kolonek m\u00e1me uv\u00e1d\u011bt nebo n\u011bkde dokonce mus\u00edme uv\u00e1d\u011bt v\u011bk, ale m\u011b mo\u017en\u00e1 u\u017e nazrala doba na to, abychom se ptali, jestli je to nutn\u00e9 te\u010f na posledn\u00ed, v posledn\u00edm obdob\u00ed. M\u011b vlastn\u011b p\u0159ivedlo k uva\u017eov\u00e1n\u00ed, kdy\u017e jsme dostali volebn\u00ed l\u00edstky, tak tam je v\u017edycky napsan\u00fd v\u011bk zam\u011bstn\u00e1n\u00ed. A tak\u00e9 ot\u00e1zka, jestli vlastn\u011b je to informace, kter\u00e1 jakoby je nutn\u00e1 a zrovna ta debata kolem n\u00edzk\u00e9ho v\u011bku nov\u00fdch poslanky\u0148 je p\u0159esn\u011b vlastn\u011b uk\u00e1zkou toho, jak AGE funguje, jak je n\u00e1siln\u00fd, jak se ten v\u011bk st\u00e1v\u00e1 vlastn\u011b t\u00e9matem k diskuzi.<\/p>\n\n\n\n<p> <strong>Barbora \u010cerno\u0161kov\u00e1, moder\u00e1torka<\/strong> Jak\u00e9 kolem toho bylo. Hal\u00f3. Lucie, moc v\u00e1m d\u011bkuju za dal\u0161\u00ed \u00fa\u017easn\u011b zaj\u00edmavou debatu. A mus\u00edm \u0159\u00edct, \u017ee u n\u00e1s na fakult\u011b soci\u00e1ln\u00edch v\u011bd, na kated\u0159e \u017eurnalistiky m\u00e1me velmi nehomogenn\u00ed t\u00fdm z hlediska v\u011bku a je to \u00fapln\u011b \u00fa\u017easn\u00e9. J\u00e1 to prost\u0159ed\u00ed miluju a opravdu bych ho p\u0159\u00e1la ka\u017ed\u00e9mu. <\/p>\n\n\n\n<p><strong>mluv\u010d\u00ed 3,<\/strong> Ur\u010dit\u011b. P\u0159eju to vlastn\u011b i diva\u010dk\u00e1m a div\u00e1k\u016fm. <\/p>\n\n\n\n<p><strong>mluv\u010d\u00ed 4,<\/strong> Moc d\u00edky za n\u00e1v\u0161t\u011bvu. <\/p>\n\n\n\n<p><\/p>\n","protected":false},"excerpt":{"rendered":"<div class=\"mh-excerpt\"><p>\u010cT 1 po\u0159ad Sama doma Dr. Lucie Vidovi\u010dov\u00e1 z Fakulty soci\u00e1ln\u00edch studi\u00ed Masarykovy univerzity moder\u00e1torka Mysl\u00edm, \u017ee o genderov\u00e9 diskriminaci se mluv\u00ed docela \u010dasto, ale <a class=\"mh-excerpt-more\" href=\"https:\/\/www.invarena.cz\/?p=61697\" title=\"Diskriminace senior\u016f je ve spole\u010dnosti v\u00edce ne\u017e diskriminace genderov\u00e9\">[&#8230;]<\/a><\/p>\n<\/div>","protected":false},"author":1,"featured_media":15769,"comment_status":"open","ping_status":"closed","sticky":false,"template":"","format":"standard","meta":{"footnotes":""},"categories":[7],"tags":[],"class_list":["post-61697","post","type-post","status-publish","format-standard","has-post-thumbnail","hentry","category-spolecnost"],"_links":{"self":[{"href":"https:\/\/www.invarena.cz\/index.php?rest_route=\/wp\/v2\/posts\/61697","targetHints":{"allow":["GET"]}}],"collection":[{"href":"https:\/\/www.invarena.cz\/index.php?rest_route=\/wp\/v2\/posts"}],"about":[{"href":"https:\/\/www.invarena.cz\/index.php?rest_route=\/wp\/v2\/types\/post"}],"author":[{"embeddable":true,"href":"https:\/\/www.invarena.cz\/index.php?rest_route=\/wp\/v2\/users\/1"}],"replies":[{"embeddable":true,"href":"https:\/\/www.invarena.cz\/index.php?rest_route=%2Fwp%2Fv2%2Fcomments&post=61697"}],"version-history":[{"count":0,"href":"https:\/\/www.invarena.cz\/index.php?rest_route=\/wp\/v2\/posts\/61697\/revisions"}],"wp:featuredmedia":[{"embeddable":true,"href":"https:\/\/www.invarena.cz\/index.php?rest_route=\/wp\/v2\/media\/15769"}],"wp:attachment":[{"href":"https:\/\/www.invarena.cz\/index.php?rest_route=%2Fwp%2Fv2%2Fmedia&parent=61697"}],"wp:term":[{"taxonomy":"category","embeddable":true,"href":"https:\/\/www.invarena.cz\/index.php?rest_route=%2Fwp%2Fv2%2Fcategories&post=61697"},{"taxonomy":"post_tag","embeddable":true,"href":"https:\/\/www.invarena.cz\/index.php?rest_route=%2Fwp%2Fv2%2Ftags&post=61697"}],"curies":[{"name":"wp","href":"https:\/\/api.w.org\/{rel}","templated":true}]}}