{"id":6175,"date":"2013-06-05T11:07:41","date_gmt":"2013-06-05T09:07:41","guid":{"rendered":"http:\/\/www.invarena.cz\/?p=6175"},"modified":"2014-10-20T20:11:45","modified_gmt":"2014-10-20T18:11:45","slug":"kdyz-zena-jeden-prs-ztrati-ztraci-i-rovnovahu","status":"publish","type":"post","link":"https:\/\/www.invarena.cz\/?p=6175","title":{"rendered":"&#8222;Kdy\u017e \u017eena jeden prs ztrat\u00ed, ztr\u00e1c\u00ed i rovnov\u00e1hu&#8220;"},"content":{"rendered":"<p><strong>Pan\u00ed Jana p\u0159ed dv\u011bma lety zjistila, \u017ee m\u00e1 n\u00e1dor v lev\u00e9m prsu. Proto\u017ee ji\u017e 22 let \u017eije v africk\u00e9 Namibii, podstoupila l\u00e9\u010dbu tam. Prs j\u00ed byl amputov\u00e1n. Sm\u00ed\u0159ila se s \u017eivotem bez jednoho \u0148adra. Po roce se v\u0161ak kv\u016fli bolesti zad rozhodla prs znovu zrekonstruovat.<\/strong><\/p>\n<p><!--more--><\/p>\n<p><strong>&#8211; Jak jste pro\u017e\u00edvala ztr\u00e1tu prsu?<\/strong><\/p>\n<p>V Namibii jin\u00e1 mo\u017enost nebyla. L\u00e9ka\u0159i mi prs prost\u011b odejmuli. P\u016fvodn\u011b jsem si myslela, \u017ee takhle budu prost\u011b \u017e\u00edt d\u00e1l, po roce jsem ale zm\u011bnila n\u00e1zor. Lid\u00e9 si \u010dasto neuv\u011bdomuj\u00ed, \u017ee kdy\u017e \u017eena jeden prs ztrat\u00ed, ztr\u00e1c\u00ed i rovnov\u00e1hu. Bylo to velice nep\u0159\u00edjemn\u00e9.<\/p>\n<p><strong>&#8211; Je to tedy hlavn\u011b o psychice?<\/strong><\/p>\n<p>Nem\u011bla jsem ani probl\u00e9m s psychikou. Beru to tak, jak to p\u0159ijde. Je mi jedno, jestli jeden prs m\u00e1m, nebo nem\u00e1m. Ale pravdou je, \u017ee m\u00edt jenom jedno \u0148adro je velice nep\u0159\u00edjemn\u00e9. Byla bych snad rad\u011bji, kdyby mi vzali prsy oba, aby se to vyv\u00e1\u017eilo, to ale \u017e\u00e1dn\u00fd doktor neud\u011bl\u00e1. Zdrav\u00fd prs v\u00e1m nikdo neodebere.<\/p>\n<p><strong>&#8211; P\u016fvodn\u011b jste byla sm\u00ed\u0159en\u00e1 se \u017eivotem s jedn\u00edm prsem. Kdy jste zm\u011bnila n\u00e1zor?<\/strong><\/p>\n<p>Pot\u00e9 co mi odebrali prs, \u017eila jsem rok s jedn\u00edm. Tehdy jsem zjistila, \u017ee u\u017e to d\u00e1l nejde. M\u011bla jsem bolesti zad a r\u016fzn\u00e9 dal\u0161\u00ed probl\u00e9my. Jenom\u017ee t\u00edm, \u017ee mi v Namibii u\u0159\u00edzli cel\u00fd prs, u\u0159\u00edzli i k\u016f\u017ei. Na plastiku jsem se rozhodla vr\u00e1tit do \u010cech. Tady mi museli srostlou k\u016f\u017ei znovu nafouknout. Dali mi pod k\u016f\u017ei takzvan\u00fd expand\u00e9r &#8211; balonek, kter\u00fd mi pravideln\u011b dopou\u0161t\u011bli, aby se k\u016f\u017ee znovu vyt\u00e1hla. Ten kone\u010dn\u011b nahrad\u00ed norm\u00e1ln\u00ed implant\u00e1t.<\/p>\n<p>Mlad\u00e1 fronta DNES<\/p>\n<p>Karol\u00edna Kyselov\u00e1<\/p>\n","protected":false},"excerpt":{"rendered":"<div class=\"mh-excerpt\"><p>Pan\u00ed Jana p\u0159ed dv\u011bma lety zjistila, \u017ee m\u00e1 n\u00e1dor v lev\u00e9m prsu. Proto\u017ee ji\u017e 22 let \u017eije v africk\u00e9 Namibii, podstoupila l\u00e9\u010dbu tam. Prs j\u00ed <a class=\"mh-excerpt-more\" href=\"https:\/\/www.invarena.cz\/?p=6175\" title=\"&#8222;Kdy\u017e \u017eena jeden prs ztrat\u00ed, ztr\u00e1c\u00ed i rovnov\u00e1hu&#8220;\">[&#8230;]<\/a><\/p>\n<\/div>","protected":false},"author":1,"featured_media":6176,"comment_status":"open","ping_status":"open","sticky":false,"template":"","format":"standard","meta":{"footnotes":""},"categories":[11],"tags":[],"class_list":["post-6175","post","type-post","status-publish","format-standard","has-post-thumbnail","hentry","category-zdravi"],"_links":{"self":[{"href":"https:\/\/www.invarena.cz\/index.php?rest_route=\/wp\/v2\/posts\/6175","targetHints":{"allow":["GET"]}}],"collection":[{"href":"https:\/\/www.invarena.cz\/index.php?rest_route=\/wp\/v2\/posts"}],"about":[{"href":"https:\/\/www.invarena.cz\/index.php?rest_route=\/wp\/v2\/types\/post"}],"author":[{"embeddable":true,"href":"https:\/\/www.invarena.cz\/index.php?rest_route=\/wp\/v2\/users\/1"}],"replies":[{"embeddable":true,"href":"https:\/\/www.invarena.cz\/index.php?rest_route=%2Fwp%2Fv2%2Fcomments&post=6175"}],"version-history":[{"count":0,"href":"https:\/\/www.invarena.cz\/index.php?rest_route=\/wp\/v2\/posts\/6175\/revisions"}],"wp:featuredmedia":[{"embeddable":true,"href":"https:\/\/www.invarena.cz\/index.php?rest_route=\/wp\/v2\/media\/6176"}],"wp:attachment":[{"href":"https:\/\/www.invarena.cz\/index.php?rest_route=%2Fwp%2Fv2%2Fmedia&parent=6175"}],"wp:term":[{"taxonomy":"category","embeddable":true,"href":"https:\/\/www.invarena.cz\/index.php?rest_route=%2Fwp%2Fv2%2Fcategories&post=6175"},{"taxonomy":"post_tag","embeddable":true,"href":"https:\/\/www.invarena.cz\/index.php?rest_route=%2Fwp%2Fv2%2Ftags&post=6175"}],"curies":[{"name":"wp","href":"https:\/\/api.w.org\/{rel}","templated":true}]}}