{"id":61802,"date":"2025-11-11T20:53:40","date_gmt":"2025-11-11T19:53:40","guid":{"rendered":"https:\/\/www.invarena.cz\/?p=61802"},"modified":"2025-11-11T20:53:41","modified_gmt":"2025-11-11T19:53:41","slug":"primar-tomas-zelenka-chceme-aby-byli-pacienti-nasledne-pece-aktivni","status":"publish","type":"post","link":"https:\/\/www.invarena.cz\/?p=61802","title":{"rendered":"Prim\u00e1\u0159 Tom\u00e1\u0161 Zelenka: Chceme, aby byli pacienti n\u00e1sledn\u00e9 p\u00e9\u010de aktivn\u00ed"},"content":{"rendered":"\n<p>L\u00e9\u010den\u00ed, respektive dol\u00e9\u010den\u00ed a rehabilitace pacient\u016f s p\u0159ev\u00e1\u017en\u011b chronick\u00fdmi chorobami. A po stabilizaci akutn\u00edch onemocn\u011bn\u00ed spolupr\u00e1ce prakticky v\u0161ech l\u00e9ka\u0159sk\u00fdch obor\u016f vyjma pediatrie, nejv\u00edce interny, neurologie, ortopedie, traumatologie, chirurgie. Poskytov\u00e1n\u00ed komplexn\u00ed odborn\u00e9 l\u00e9ka\u0159sk\u00e9, o\u0161et\u0159ovatelsk\u00e9 a rehabilita\u010dn\u00ed p\u00e9\u010de \u2013 fyzioterapie i ergoterapie. To v\u0161echno zaji\u0161\u0165uje Odd\u011blen\u00ed n\u00e1sledn\u00e9 p\u00e9\u010de Nemocnice Most se s\u00eddlem v Zahra\u017eanech poskytuj\u00edc\u00ed n\u00e1slednou l\u016f\u017ekovou zdravotn\u00ed p\u00e9\u010di p\u0159edev\u0161\u00edm pro pacienty z Mostecka. Jeho prim\u00e1\u0159em je MUDr. Tom\u00e1\u0161 Zelenka.<\/p>\n\n\n\n<p>V leto\u0161n\u00edm roce odd\u011blen\u00ed oslavilo deset let od p\u0159echodu z p\u0159\u00edsp\u011bvkov\u00e9 organizace \u00dasteck\u00e9ho kraje do Krajsk\u00e9 zdravotn\u00ed, pod Nemocnici Most. Co to pro va\u0161e zdravotnick\u00e9 pracovi\u0161t\u011b znamenalo?<\/p>\n\n\n\n<p>D\u016fle\u017eit\u00e9 bylo, \u017ee st\u00e1vaj\u00edc\u00ed p\u00e9\u010de byla nejen zachovan\u00e1, ale tak\u00e9 roz\u0161\u00ed\u0159en\u00e1. Je to v souvislosti s celkov\u00fdm trendem nejen celorepublikov\u00fdm, ale i celosv\u011btov\u00fdm, kdy se za\u010dal kl\u00e1st d\u016fraz na p\u00e9\u010di o seniory. Ti jsou procentu\u00e1ln\u011b st\u00e1le v\u00fdznamn\u011bji zastoupeni v populaci. Demografick\u00fd v\u00fdvoj nahr\u00e1v\u00e1 tomu, \u017ee bude nar\u016fstat po\u010det senior\u016f a t\u00edm p\u00e1dem i mno\u017estv\u00ed zdravotn\u00ed p\u00e9\u010de, kterou budou nuceni \u010derpat. Porostou n\u00e1klady. My v\u0161ak mus\u00edme nejen udr\u017eet tuto p\u00e9\u010di, ale zvy\u0161ovat ji. Jak ji\u017e n\u011bkdo moudr\u00fd pravil: Vysp\u011blost spole\u010dnosti se m\u011b\u0159\u00ed podle toho, jak je schopna se postarat o star\u00e9 a nemohouc\u00ed.<\/p>\n\n\n\n<p>LDN, co\u017e je zn\u00e1m\u00e1 zkratka pro l\u00e9\u010debnu dlouhodob\u011b nemocn\u00fdch, a n\u00e1sledn\u00e1 p\u00e9\u010de, rehabilitace. Tyto pojmy si je\u0161t\u011b mnoho lid\u00ed plete. M\u016f\u017eete je osv\u011btlit, a hlavn\u011b vysv\u011btlit rozd\u00edly mezi nimi?<\/p>\n\n\n\n<p>Z\u00e1sadn\u00ed rozd\u00edl mezi LDN, co\u017e je v podstat\u011b l\u016f\u017ekov\u00e1 dlouhodob\u00e1 p\u00e9\u010de, a n\u00e1slednou p\u00e9\u010d\u00ed je v tom, \u017ee do n\u00e1sledn\u00e9 p\u00e9\u010de se p\u0159ekl\u00e1daj\u00ed pacienti, kte\u0159\u00ed maj\u00ed tendenci zlep\u0161en\u00ed zdravotn\u00edho stavu, k n\u00e1vratu do norm\u00e1ln\u00edho \u017eivota. Jsou to pacienti, kte\u0159\u00ed pot\u0159ebuj\u00ed dol\u00e9\u010dit, intenzivn\u011b rehabilitovat. Nepe\u010duje o n\u011b jen jeden specialista, ale cel\u00fd t\u00fdm odborn\u00edk\u016f, ta p\u00e9\u010de je multidisciplin\u00e1rn\u00ed. V LDN jsou pacienti, jejich\u017e zdravotn\u00ed stav je chronick\u00fd, stacion\u00e1rn\u00ed, nep\u0159edpokl\u00e1d\u00e1 se jeho zlep\u0161en\u00ed, a naopak se \u010dek\u00e1 na n\u011bjak\u00e9 soci\u00e1ln\u00ed \u0159e\u0161en\u00ed pacientovy situace. Jsou to nap\u0159. lid\u00e9, kte\u0159\u00ed nejsou schopni vr\u00e1tit se do dom\u00e1c\u00edho prost\u0159ed\u00ed. Ned\u00edlnou sou\u010d\u00e1st\u00ed n\u00e1sledn\u00e9 p\u00e9\u010de mus\u00ed b\u00fdt rehabilitace. Na tom si zakl\u00e1d\u00e1me i na na\u0161em zdravotnick\u00e9m pracovi\u0161ti. Sna\u017e\u00edme se o rehabilitaci co nejintenzivn\u011bj\u0161\u00ed \u2013 samoz\u0159ejm\u011b s p\u0159ihl\u00e9dnut\u00edm k zdravotn\u00edmu stavu, psychick\u00e9mu stavu pacienta. To je hlavn\u00ed, co lidi, krom\u011b je\u0161t\u011b dal\u0161\u00ed l\u00e9\u010dby stav\u00ed na nohy, d\u00e1v\u00e1 jim s\u00edlu a v\u00edru, \u017ee se je\u0161t\u011b dok\u00e1\u017e\u00ed do b\u011b\u017en\u00e9ho \u017eivota vr\u00e1tit.<\/p>\n\n\n\n<p>N\u00e1sledn\u00e1 p\u00e9\u010de je st\u00e1le je\u0161t\u011b trochu tabuizovan\u00e1. Pro\u010d tomu, podle va\u0161eho n\u00e1zoru, tak je?<\/p>\n\n\n\n<p>To je d\u00e1no historicky. Prakticky 99 % populace, a t\u00edm nemysl\u00edm jen t\u00e9 laick\u00e9, ale i zdravotn\u00edky, si plete n\u00e1slednou p\u00e9\u010di a LDN. Je v tom v\u0161ak z\u00e1sadn\u00ed rozd\u00edl, jak jsme si vysv\u011btlili. Do norm\u00e1ln\u00edho \u017eivota se z na\u0161eho odd\u011blen\u00ed je\u0161t\u011b p\u0159ed n\u011bkolika lety vracelo 60 % pacient\u016f. A d\u00e1 se \u0159\u00edci, \u017ee ve stavu, v jak\u00e9m byli p\u0159ed nemoc\u00ed \u010di \u00farazem. Zam\u011b\u0159ujeme si na intenzivn\u00ed rehabilitaci. Za jak dlouho dobu se jim to povede, z\u00e1le\u017e\u00ed na tom, jak se jim na probl\u00e9m choroby nabaluj\u00ed, na v\u011bku pacienta a na dal\u0161\u00edm aspektech. Ta \u00fasp\u011b\u0161nost se ale za\u010d\u00edn\u00e1 sni\u017eovat, proto\u017ee doch\u00e1z\u00ed ke zm\u011bn\u011b skladby pacient\u016f, proto\u017ee se zhor\u0161uje kvalita jejich \u017eivota a dost\u00e1vaj\u00ed se k n\u00e1m v z\u00e1va\u017en\u011bj\u0161\u00ed, t\u011b\u017e\u0161\u00ed pacienti. A tak se n\u011bkdy mus\u00edme sm\u00ed\u0159it i s t\u00edm, \u017ee a\u010dkoli jsme ud\u011blali maximum, stav pacienta m\u00e1 svou hranici, za kterou u\u017e nikdo nedok\u00e1\u017ee j\u00edt. Vid\u00edm, \u017ee ta \u00fasp\u011b\u0161nost se sni\u017euje \u2013 i p\u0159esto, \u017ee p\u00e9\u010de a jej\u00ed podm\u00ednky se zlep\u0161uj\u00ed.<\/p>\n\n\n\n<p>P\u0159edstavte pros\u00edm stru\u010dn\u011b va\u0161e odd\u011blen\u00ed. V\u00edte o n\u011b\u010dem, v \u010dem se vymyk\u00e1 v porovn\u00e1n\u00ed s obdobn\u00fdmi za\u0159\u00edzen\u00edmi?<\/p>\n\n\n\n<p>Na\u0161e odd\u011blen\u00ed n\u00e1sledn\u00e9 p\u00e9\u010de m\u00e1 99 l\u016f\u017eek, p\u0159eb\u00edr\u00e1me p\u0159edev\u0161\u00edm pacienty z jin\u00fdch odd\u011blen\u00ed mosteck\u00e9 nemocnice a obecn\u011b z Mostecka. Mus\u00edm zd\u016fraznit, \u017ee se nestar\u00e1me jen o ty geriatrick\u00e9, ale m\u00e1me zde i mlad\u00e9 pacienty s paliativn\u00ed l\u00e9\u010dbou pro onkologick\u00e1 onemocn\u011bn\u00ed nebo po z\u00e1va\u017en\u00e9 c\u00e9vn\u00ed mozkov\u00e9 p\u0159\u00edhod\u011b, kte\u0159\u00ed vy\u017eaduj\u00ed dlouhodobou rehabilita\u010dn\u00ed p\u00e9\u010di. Podle toho, jak se k n\u00e1m dost\u00e1vaj\u00ed pacienti z r\u016fzn\u00fdch nemocni\u010dn\u00edch odd\u011blen\u00ed, s n\u00e1mi na l\u00e9\u010db\u011b spolupracuj\u00ed l\u00e9ka\u0159\u0161t\u00ed specialist\u00e9 dal\u0161\u00edch obor\u016f. Sna\u017e\u00edme se pacienty co nejv\u00edce aktivizovat, maxim\u00e1ln\u011b rehabilitovat. I v r\u00e1mci ergoterapie, kter\u00e1 u n\u00e1s prob\u00edh\u00e1 a na n\u00ed\u017e m\u00e1me prostory. Zaj\u00edm\u00e1 n\u00e1s, jak se pacient c\u00edt\u00ed, jak\u00fd pocit m\u00e1 ze samotn\u00e9 rehabilitace. Sna\u017e\u00edme se usp\u00ed\u0161it dol\u00e9\u010den\u00ed a o intenzivn\u00ed rehabilitaci.<\/p>\n\n\n\n<p>Jak se pacienti tv\u00e1\u0159\u00ed, \u017ee u nich o\u010dek\u00e1v\u00e1te aktivitu?<\/p>\n\n\n\n<p>Jsou dva typy pacient\u016f. Jeden m\u00e1 z minulosti za\u017eit\u00e9, \u017ee n\u00e1sledn\u00e1 p\u00e9\u010de je to sam\u00e9, co je LDN, a \u017ee se sem chod\u00ed um\u00edrat. S t\u00edm p\u0159ich\u00e1z\u00ed u\u017e z nemocnice: s obavami, \u017ee na odd\u011blen\u00ed n\u00e1sledn\u00e9 p\u00e9\u010de se z n\u011bj stane le\u017e\u00e1k a odsud se u\u017e nevr\u00e1t\u00ed. Jsou proto p\u0159ekvapeni, v\u011bt\u0161inou p\u0159\u00edjemn\u011b. Druh\u00fd typ pacienta zase p\u0159ich\u00e1z\u00ed, vzhledem ke sv\u00e9 nemoci, s nadm\u011brn\u00fdmi o\u010dek\u00e1v\u00e1n\u00edmi. Mysl\u00ed si, \u017ee v\u0161echno bude do \u010dtrn\u00e1cti dn\u016f hotovo, \u017ee bude chodit a vyl\u00e9\u010den\u00fd. Ono to ale takto nefunguje. V\u0161echno m\u00e1 sv\u016fj \u010das, v\u0161e m\u00e1 svou dynamiku a z\u00e1le\u017e\u00ed na velmi mnoha prom\u011bnn\u00fdch: jak pacient reaguje, jak\u00e9 m\u00e1 l\u00e9ky, jak\u00e9 m\u00e1 p\u0159idru\u017een\u00e9 choroby\u2026 Toto v\u0161echno d\u011bl\u00e1 skl\u00e1da\u010dku, kter\u00e1 n\u00e1m d\u00e1 v\u00fdsledek.<\/p>\n\n\n\n<p>Do jak\u00e9 m\u00edry je d\u016fle\u017eit\u00e1 psychika?<\/p>\n\n\n\n<p>Psychika a t\u011blo jsou spojen\u00e9 n\u00e1doby. Nebude-li \u010dlov\u011bk nastaven psychicky, t\u011blo mu odejde taky. A jestli\u017ee nebude fungovat t\u011blo, bude sr\u00e1\u017eet psychiku pacienta. Aby psychika zvedla t\u011blo bez pomoci, se st\u00e1v\u00e1 m\u00e1lokdy. Jak funguje vztah mezi fyzick\u00fdm a du\u0161evn\u00edm stavem \u010dlov\u011bka, zn\u00e1me od lidsk\u00fdch po\u010d\u00e1tk\u016f. Proto\u017ee to upnut\u00ed k my\u0161lence vyl\u00e9\u010den\u00ed se je pro pacienta samo o sob\u011b stres, doporu\u010duji mu, a\u0165 si n\u011b\u010d\u00edm, co m\u00e1 r\u00e1d, ud\u011bl\u00e1 pohodu \u2013 t\u0159eba dobr\u00e9 pivo k televizi, kter\u00e9 mu man\u017eelka zakazuje. Je to pro n\u011bj ale sv\u011btlo, by\u0165 jen takov\u00fd mal\u00fd z\u00e1blesk. Ale j\u00e1 t\u0159eba po m\u011bs\u00edci na kontrole vid\u00edm, \u017ee je usm\u011bvav\u011bj\u0161\u00ed a za\u010d\u00edn\u00e1 v\u011b\u0159it ve zlep\u0161en\u00ed.<\/p>\n\n\n\n<p>Jak se sna\u017e\u00edte lidem pobyt tady uleh\u010dit, zp\u0159\u00edjemnit?<\/p>\n\n\n\n<p>Abychom dos\u00e1hli k\u00fd\u017een\u00e9ho v\u00fdsledku l\u00e9\u010dby, b\u00fdv\u00e1 pobyt u n\u00e1s \u010dasto n\u011bkolikam\u011bs\u00ed\u010dn\u00ed. Sna\u017e\u00edme se jim p\u0159ipravit trochu dom\u00e1c\u00ed prost\u0159ed\u00ed a zajistit nad b\u011b\u017en\u00fd r\u00e1mec za\u0159\u00edzen\u00ed tohoto typu n\u011bco v\u00edc, jako je nap\u0159. canisterapie, dobrovoln\u00edci, m\u00e1me zaji\u0161t\u011bny slu\u017eby kade\u0159n\u00edka. D\u00e1my, kter\u00e9 tu le\u017e\u00ed i n\u011bkolik m\u011bs\u00edc\u016f, nabud\u00ed, \u017ee vypadaj\u00ed k sv\u011btu, maj\u00ed t\u0159eba nabarven\u00e9 vlasy a v zrcadle vid\u00ed tu p\u0159\u00edjemnou prom\u011bnu. Stejn\u011b tak k n\u00e1m doch\u00e1z\u00ed pedik\u00e9rka. \u017deny si zakl\u00e1daj\u00ed na tom, \u017ee maj\u00ed p\u011bst\u011bn\u00e9 nehty. Co\u017e je v d\u016fsledku velmi d\u016fle\u017eit\u00e9 pro jejich psychiku a perspektivu n\u00e1vratu do norm\u00e1ln\u00edho \u017eivota, jak jsme se o tom bavili. Zapojujeme v rozhodov\u00e1n\u00ed o um\u00edst\u011bn\u00ed pacienta na pokoj i trochu psychologie a sociologie. Pokud je to mo\u017en\u00e9, d\u00e1v\u00e1me spole\u010dn\u011b pacienty, kte\u0159\u00ed jsou komunikativn\u00ed, pot\u0159ebuj\u00ed si s n\u011bk\u00fdm pov\u00eddat. Na druhou stranu se sna\u017e\u00edme respektovat povahu a osobnost, pokud je n\u011bkdo introvertn\u00ed, a do takov\u00e9ho kolektivu ho ned\u00e1vat. Spolupracujeme s celou \u0159adou mosteck\u00fdch z\u00e1kladn\u00edch \u0161kol, st\u0159edn\u00edm odborn\u00fdm u\u010dili\u0161t\u011bm zahradnick\u00fdm, kter\u00e9 zvelebuje n\u00e1\u0161 park, v n\u011bm\u017e pacienti r\u00e1di pob\u00fdvaj\u00ed. Sna\u017e\u00edme se jim d\u00e1t co nejv\u00edc. Vid\u00edme, \u017ee pak spoust\u011b lid\u00ed se vrac\u00ed chu\u0165 do \u017eivota.<\/p>\n\n\n\n<p>Od lo\u0148sk\u00e9ho l\u00e9ta m\u00e1te v are\u00e1lu nov\u00e9 fyzioterapeutick\u00e9 h\u0159i\u0161t\u011b. Jak se osv\u011bd\u010duje?<\/p>\n\n\n\n<p>Je sou\u010d\u00e1st\u00ed pohybov\u00e9 a kognitivn\u00ed terapie pro v\u0161echny v\u011bkov\u00e9 kategorie a pom\u00e1h\u00e1 v rekonvalescenci a l\u00e9\u010db\u011b pacient\u016f po mrtvici, s roztrou\u0161enou skler\u00f3zou, ment\u00e1ln\u00edm posti\u017een\u00edm nebo s neurologick\u00fdmi onemocn\u011bn\u00edmi. Chod\u00ed na n\u011b s pacienty za odpov\u00eddaj\u00edc\u00edho po\u010das\u00ed na\u0161e fyzioterapeutky, nebo ten, kdo chce a je schopn\u00fd, si m\u016f\u017ee sem p\u0159ij\u00edt samostatn\u011b zacvi\u010dit. Jsme za rehabilita\u010dn\u00ed h\u0159i\u0161t\u011b, kter\u00e9 jsme mohli po\u0159\u00eddit d\u00edky daru spole\u010dnosti Vr\u0161ansk\u00e1 uheln\u00e1, moc r\u00e1di.<\/p>\n\n\n\n<p>Co pova\u017eujete za nejv\u011bt\u0161\u00ed \u00fasp\u011bch ve va\u0161\u00ed pr\u00e1ci? A co je naopak na va\u0161\u00ed pr\u00e1ci to nejt\u011b\u017e\u0161\u00ed?<\/p>\n\n\n\n<p>M\u00e1me radost z ka\u017ed\u00e9ho pacienta, kter\u00fd se d\u00edky na\u0161emu \u00fasil\u00ed m\u016f\u017ee vr\u00e1tit do norm\u00e1ln\u00edho \u017eivota. Kdy\u017e se n\u00e1m da\u0159\u00ed d\u00e1vat lidem nad\u011bji, kdy\u017e vid\u00ed postupn\u00e9, by\u0165 mal\u00e9 pokroky v rehabilitaci. Takov\u00e9 sv\u011btlo na konci tunelu je pro pacientovu psychiku nesm\u00edrn\u011b d\u016fle\u017eit\u00e9, jak jsem ji\u017e i \u0159ekl. Na druh\u00e9 stran\u011b je asi nejt\u011b\u017e\u0161\u00ed p\u0159ipravit ty, u nich\u017e u\u017e nem\u016f\u017eeme p\u0159edpokl\u00e1dat po opu\u0161t\u011bn\u00ed odd\u011blen\u00ed sob\u011bsta\u010dnost jako d\u0159\u00edve, na nov\u00fd \u017eivot s ur\u010dit\u00fdmi omezen\u00edmi. Aby tu skute\u010dnost p\u0159ijali. To ale \u010dastokr\u00e1t b\u00fdv\u00e1 t\u011b\u017e\u0161\u00ed s bl\u00edzk\u00fdmi t\u011bch pacient\u016f.<\/p>\n\n\n\n<p>Odhadnete, jak\u00fdm sm\u011brem se bude v\u00e1\u0161 obor ub\u00edrat v n\u00e1sleduj\u00edc\u00edch deseti letech?<\/p>\n\n\n\n<p>Je jasn\u00e9, \u017ee k navy\u0161ov\u00e1n\u00ed po\u010dtu l\u016f\u017eek na odd\u011blen\u00edch n\u00e1sledn\u00e9 p\u00e9\u010de mus\u00ed doch\u00e1zet, stejn\u011b jako k navy\u0161ov\u00e1n\u00ed po\u010dtu fyzioterapeut\u016f, kte\u0159\u00ed jsou nesm\u00edrn\u011b d\u016fle\u017eit\u00ed. Kte\u0159\u00ed v\u011bd\u00ed, jak v r\u00e1mci gerontologie se star\u0161\u00edmi lidmi cvi\u010dit. Ale pozor, je i spousta mlad\u00fdch lid\u00ed, kte\u0159\u00ed v dne\u0161n\u00edm usp\u011bchan\u00e9m sv\u011bt\u011b tzv. jedou \u017eivot na doraz a dostanou infarkt nebo mozkovou mrtvici. Tyto p\u0159\u00edpady jsou \u010d\u00edm d\u00e1l \u010dast\u011bj\u0161\u00ed. A pro n\u011b nem\u00e1me \u0161anci na um\u00edst\u011bn\u00ed \u2013 nespl\u0148uj\u00ed d\u016fchodov\u00fd v\u011bk. Za\u0159\u00edzen\u00ed pro n\u011b velmi chyb\u00ed. V\u0161eobecn\u011b panuje zkreslen\u00e1 p\u0159edstava, \u017ee v\u0161ichni mlad\u00ed mus\u00ed b\u00fdt zdrav\u00ed. Jen kolik lid\u00ed se po prod\u011blan\u00e9m onemocn\u011bn\u00ed COVID-19 nedostalo do kondice, v n\u00ed\u017e byli p\u0159ed n\u00edm, a probl\u00e9my jim trvale z\u016fst\u00e1vaj\u00ed. My se o n\u011b mus\u00edme v r\u00e1mci zdravotnicko-soci\u00e1ln\u00edho syst\u00e9mu postarat. Z toho jednozna\u010dn\u011b vypl\u00fdv\u00e1, \u017ee zm\u011bna p\u0159ij\u00edt mus\u00ed, se systematick\u00fdm \u0159e\u0161en\u00edm mus\u00ed p\u0159ij\u00edt st\u00e1t, pota\u017emo ministerstvo zdravotnictv\u00ed.<\/p>\n\n\n\n<p>Den\u00edk.cz<\/p>\n\n\n\n<p><a href=\"https:\/\/pr.denik.cz\" target=\"_blank\" rel=\"noreferrer noopener\">https:\/\/pr.denik.cz<\/a><\/p>\n","protected":false},"excerpt":{"rendered":"<div class=\"mh-excerpt\"><p>L\u00e9\u010den\u00ed, respektive dol\u00e9\u010den\u00ed a rehabilitace pacient\u016f s p\u0159ev\u00e1\u017en\u011b chronick\u00fdmi chorobami. A po stabilizaci akutn\u00edch onemocn\u011bn\u00ed spolupr\u00e1ce prakticky v\u0161ech l\u00e9ka\u0159sk\u00fdch obor\u016f vyjma pediatrie, nejv\u00edce interny, neurologie, <a class=\"mh-excerpt-more\" href=\"https:\/\/www.invarena.cz\/?p=61802\" title=\"Prim\u00e1\u0159 Tom\u00e1\u0161 Zelenka: Chceme, aby byli pacienti n\u00e1sledn\u00e9 p\u00e9\u010de aktivn\u00ed\">[&#8230;]<\/a><\/p>\n<\/div>","protected":false},"author":1,"featured_media":29847,"comment_status":"open","ping_status":"closed","sticky":false,"template":"","format":"standard","meta":{"footnotes":""},"categories":[9],"tags":[],"class_list":["post-61802","post","type-post","status-publish","format-standard","has-post-thumbnail","hentry","category-zpravy"],"_links":{"self":[{"href":"https:\/\/www.invarena.cz\/index.php?rest_route=\/wp\/v2\/posts\/61802","targetHints":{"allow":["GET"]}}],"collection":[{"href":"https:\/\/www.invarena.cz\/index.php?rest_route=\/wp\/v2\/posts"}],"about":[{"href":"https:\/\/www.invarena.cz\/index.php?rest_route=\/wp\/v2\/types\/post"}],"author":[{"embeddable":true,"href":"https:\/\/www.invarena.cz\/index.php?rest_route=\/wp\/v2\/users\/1"}],"replies":[{"embeddable":true,"href":"https:\/\/www.invarena.cz\/index.php?rest_route=%2Fwp%2Fv2%2Fcomments&post=61802"}],"version-history":[{"count":0,"href":"https:\/\/www.invarena.cz\/index.php?rest_route=\/wp\/v2\/posts\/61802\/revisions"}],"wp:featuredmedia":[{"embeddable":true,"href":"https:\/\/www.invarena.cz\/index.php?rest_route=\/wp\/v2\/media\/29847"}],"wp:attachment":[{"href":"https:\/\/www.invarena.cz\/index.php?rest_route=%2Fwp%2Fv2%2Fmedia&parent=61802"}],"wp:term":[{"taxonomy":"category","embeddable":true,"href":"https:\/\/www.invarena.cz\/index.php?rest_route=%2Fwp%2Fv2%2Fcategories&post=61802"},{"taxonomy":"post_tag","embeddable":true,"href":"https:\/\/www.invarena.cz\/index.php?rest_route=%2Fwp%2Fv2%2Ftags&post=61802"}],"curies":[{"name":"wp","href":"https:\/\/api.w.org\/{rel}","templated":true}]}}