{"id":61824,"date":"2025-11-11T22:04:40","date_gmt":"2025-11-11T21:04:40","guid":{"rendered":"https:\/\/www.invarena.cz\/?p=61824"},"modified":"2025-11-11T22:04:41","modified_gmt":"2025-11-11T21:04:41","slug":"spal-na-zemi-hladovel-a-musel-snaset-biti-za-tyrani-postizeneho-syna-stoji-dvojice-z-plzne-pred-soudem","status":"publish","type":"post","link":"https:\/\/www.invarena.cz\/?p=61824","title":{"rendered":"Spal na zemi, hladov\u011bl a musel sn\u00e1\u0161et bit\u00ed. Za t\u00fdr\u00e1n\u00ed posti\u017een\u00e9ho syna stoj\u00ed dvojice z Plzn\u011b p\u0159ed soudem"},"content":{"rendered":"\n<p>Se zahalen\u00fdm obli\u010dejem dorazili v \u00fater\u00fd k plze\u0148sk\u00e9mu soudu man\u017eel\u00e9, kte\u0159\u00ed podle ob\u017ealoby t\u00fdrali posti\u017een\u00e9ho syna. Ze spisu vypl\u00fdv\u00e1, \u017ee se k jeden\u00e1ctilet\u00e9mu chlapci s t\u011b\u017ekou ment\u00e1ln\u00ed retardac\u00ed m\u011bli chovat h\u016f\u0159 ne\u017e ke zv\u00ed\u0159eti.<\/p>\n\n\n\n<p>St\u00e1tn\u00ed z\u00e1stupce \u0160tefan Oravec zm\u00ednil, \u017ee hoch m\u011bl sv\u00e9 m\u00edsto v chodb\u011b na podlaze, dost\u00e1val zbytky j\u00eddel ve \u0161pinav\u00e9 misce a musel sn\u00e1\u0161et bit\u00ed, a to i od sv\u00e9 o dva roky star\u0161\u00ed sestry, kter\u00e1 si na n\u011bm vyb\u00edjela vlastn\u00ed agresivitu.<\/p>\n\n\n\n<p>Cel\u00fd \u010dl\u00e1nek naleznete na novinky.cz: <a href=\"https:\/\/www.novinky.cz\/clanek\/krimi-spal-na-zemi-hladovel-a-musel-snaset-biti-za-tyrani-postizeneho-syna-stoji-dvojice-z-plzne-pred-soudem-40548252\" target=\"_blank\" rel=\"noreferrer noopener\">https:\/\/www.novinky.cz\/clanek\/krimi-spal-na-zemi-hladovel-a-musel-snaset-biti-za-tyrani-postizeneho-syna-stoji-dvojice-z-plzne-pred-soudem-40548252<\/a><\/p>\n","protected":false},"excerpt":{"rendered":"<div class=\"mh-excerpt\"><p>Se zahalen\u00fdm obli\u010dejem dorazili v \u00fater\u00fd k plze\u0148sk\u00e9mu soudu man\u017eel\u00e9, kte\u0159\u00ed podle ob\u017ealoby t\u00fdrali posti\u017een\u00e9ho syna. Ze spisu vypl\u00fdv\u00e1, \u017ee se k jeden\u00e1ctilet\u00e9mu chlapci s <a class=\"mh-excerpt-more\" href=\"https:\/\/www.invarena.cz\/?p=61824\" title=\"Spal na zemi, hladov\u011bl a musel sn\u00e1\u0161et bit\u00ed. Za t\u00fdr\u00e1n\u00ed posti\u017een\u00e9ho syna stoj\u00ed dvojice z Plzn\u011b p\u0159ed soudem\">[&#8230;]<\/a><\/p>\n<\/div>","protected":false},"author":1,"featured_media":14702,"comment_status":"open","ping_status":"closed","sticky":false,"template":"","format":"standard","meta":{"footnotes":""},"categories":[9],"tags":[],"class_list":["post-61824","post","type-post","status-publish","format-standard","has-post-thumbnail","hentry","category-zpravy"],"_links":{"self":[{"href":"https:\/\/www.invarena.cz\/index.php?rest_route=\/wp\/v2\/posts\/61824","targetHints":{"allow":["GET"]}}],"collection":[{"href":"https:\/\/www.invarena.cz\/index.php?rest_route=\/wp\/v2\/posts"}],"about":[{"href":"https:\/\/www.invarena.cz\/index.php?rest_route=\/wp\/v2\/types\/post"}],"author":[{"embeddable":true,"href":"https:\/\/www.invarena.cz\/index.php?rest_route=\/wp\/v2\/users\/1"}],"replies":[{"embeddable":true,"href":"https:\/\/www.invarena.cz\/index.php?rest_route=%2Fwp%2Fv2%2Fcomments&post=61824"}],"version-history":[{"count":0,"href":"https:\/\/www.invarena.cz\/index.php?rest_route=\/wp\/v2\/posts\/61824\/revisions"}],"wp:featuredmedia":[{"embeddable":true,"href":"https:\/\/www.invarena.cz\/index.php?rest_route=\/wp\/v2\/media\/14702"}],"wp:attachment":[{"href":"https:\/\/www.invarena.cz\/index.php?rest_route=%2Fwp%2Fv2%2Fmedia&parent=61824"}],"wp:term":[{"taxonomy":"category","embeddable":true,"href":"https:\/\/www.invarena.cz\/index.php?rest_route=%2Fwp%2Fv2%2Fcategories&post=61824"},{"taxonomy":"post_tag","embeddable":true,"href":"https:\/\/www.invarena.cz\/index.php?rest_route=%2Fwp%2Fv2%2Ftags&post=61824"}],"curies":[{"name":"wp","href":"https:\/\/api.w.org\/{rel}","templated":true}]}}