{"id":61856,"date":"2025-11-13T13:00:52","date_gmt":"2025-11-13T12:00:52","guid":{"rendered":"https:\/\/www.invarena.cz\/?p=61856"},"modified":"2025-11-13T13:01:36","modified_gmt":"2025-11-13T12:01:36","slug":"zajem-o-ockovani-proti-chripce-v-lekarnach","status":"publish","type":"post","link":"https:\/\/www.invarena.cz\/?p=61856","title":{"rendered":"Z\u00e1jem o o\u010dkov\u00e1n\u00ed proti ch\u0159ipce v l\u00e9k\u00e1rn\u00e1ch"},"content":{"rendered":"\n<p>\u010cT 1<\/p>\n\n\n\n<p>Zku\u0161ebn\u00ed o\u010dkov\u00e1n\u00ed v l\u00e9k\u00e1rn\u00e1ch m\u00e1 v\u00fdsledky podle odborn\u00fdch garant\u016f byl z\u00e1jem velk\u00fd. V budoucnu by ho tak mohli vyu\u017e\u00edt i lid\u00e9 v na\u0161ich regionech. B\u011bhem \u0159\u00edjnov\u00e9ho pilotn\u00edho projektu se v Praze, Brn\u011b a Ostrav\u011b nechalo nao\u010dkovat proti ch\u0159ipce pr\u00e1v\u011b v l\u00e9k\u00e1rn\u00e1ch p\u0159es 700 lid\u00ed. C\u00edlem bylo zv\u00fd\u0161it dostupnost a tedy proo\u010dkovanost. <\/p>\n\n\n\n<p><strong>Silvie \u0160k\u00e1bov\u00e1, redaktorka \u010cT<\/strong> Online objedn\u00e1n\u00ed na v\u00edkendov\u00fd term\u00edn v l\u00e9k\u00e1rn\u011b, na m\u00edst\u011b pak vy\u0161et\u0159en\u00ed l\u00e9ka\u0159em, v\u010detn\u011b zm\u011b\u0159en\u00ed tlaku a teploty a nakonec samotn\u00e1 aplikace o\u010dkovac\u00ed l\u00e1tky proti ch\u0159ipce. Za 15 minut hotovo.<\/p>\n\n\n\n<p> <strong>Ivana L\u00e1nov\u00e1, odborn\u00e1 garantka projektu o\u010dkov\u00e1n\u00ed v l\u00e9k\u00e1rn\u00e1ch<\/strong> My jsme cht\u011bli tady t\u00edm projektem uk\u00e1zat, \u017ee ho o\u010dkov\u00e1n\u00ed v l\u00e9k\u00e1rn\u011b je velk\u00fd z\u00e1jem. <\/p>\n\n\n\n<p><strong>Silvie \u0160k\u00e1bov\u00e1, redaktorka \u010cT<\/strong> A pomohl i fakt, \u017ee \u0161lo o v\u00edkendov\u00e9 term\u00edny, kdy prakti\u010dt\u00edl\u00e9ka\u0159i b\u011b\u017en\u011b neordinuj\u00ed i b\u011bhem pilotn\u00edho projektu, toti\u017e o\u010dkovali pouze prakti\u010dt\u00edl\u00e9ka\u0159i. L\u00e9k\u00e1rn\u00edci zat\u00edm sami o\u010dkovat nemohou. To ale cht\u011bj\u00ed zm\u011bnit. <\/p>\n\n\n\n<p><strong>Petr Dole\u017eal, gener\u00e1ln\u00ed \u0159editel BENU \u010cesk\u00e1 republika<\/strong> To lze samoz\u0159ejm\u011b legislativn\u00ed zm\u011bnou. To znamen\u00e1, aby mohly l\u00e9k\u00e1rn\u00edci o\u010dkovat v l\u00e9k\u00e1rn\u00e1ch. <\/p>\n\n\n\n<p><strong>Silvie \u0160k\u00e1bov\u00e1, redaktorka \u010cT<\/strong> Proo\u010dkovanost je toti\u017e st\u00e1le velmi n\u00edzk\u00e1. Od leto\u0161n\u00edho z\u00e1\u0159\u00ed se proti ch\u0159ipce nechalo o\u010dkovat t\u00e9m\u011b\u0159 600 000 lid\u00ed, co\u017e je zhruba 5,5 % populace, loni to bylo 7 %.<\/p>\n\n\n\n<p> <strong>Roman Prymula, epidemiolog<\/strong> Podle t\u011bch statistik, kter\u00e9 vede St\u00e1tn\u00ed zdravotn\u00ed \u00fastav, tak v podstat\u011b kolem 1500 &#8211; 2000 lid\u00ed ro\u010dn\u011b na ch\u0159ipku zem\u0159e.<\/p>\n\n\n\n<p> <strong>Clara Andrews, redaktorka<\/strong> Nejv\u00edc jsou ohro\u017een\u00ed senio\u0159i. Sv\u011btov\u00e1 zdravotnick\u00e1 organizace doporu\u010duje p\u011btasedmdes\u00e1tiprocentn\u00ed proo\u010dkovanost mezi seniory. U n\u00e1s je to necel\u00fdch 25 %. I to chce projekt o\u010dkov\u00e1n\u00ed v l\u00e9k\u00e1rn\u00e1ch zm\u011bnit. <\/p>\n\n\n\n<p><strong>Petr Dole\u017eal, gener\u00e1ln\u00ed \u0159editel BENU \u010cesk\u00e1 republika<\/strong> Kdyby se v l\u00e9k\u00e1rn\u00e1ch o\u010dkovalo, mohli bychom zv\u00fd\u0161it proo\u010dkovanost a\u017e o polovinu.<\/p>\n\n\n\n<p> <strong>Roman Prymula, epidemiolog<\/strong> J\u00e1 podporuji to, aby se o\u010dkovali na l\u00e9k\u00e1rn\u00e1ch, samoz\u0159ejm\u011b ti l\u00e9k\u00e1rn\u00edci budou muset b\u00fdt adekv\u00e1tn\u00edm zp\u016fsobem pro\u0161koleni. <\/p>\n\n\n\n<p><strong>redaktorka<\/strong> O nav\u00fd\u0161en\u00ed pravomoc\u00ed pro l\u00e9k\u00e1rn\u00edky cht\u011bj\u00ed jednat s ministerstvem zdravotnictv\u00ed. V praxi to bude znamenat \u00fapravu z\u00e1kona o zdravotn\u00edch slu\u017eb\u00e1ch. <\/p>\n\n\n\n<p>\u010cesk\u00e1televize.<\/p>\n\n\n\n<p><\/p>\n\n\n\n<hr class=\"wp-block-separator has-alpha-channel-opacity\"\/>\n\n\n\n<p><\/p>\n","protected":false},"excerpt":{"rendered":"<div class=\"mh-excerpt\"><p>\u010cT 1 Zku\u0161ebn\u00ed o\u010dkov\u00e1n\u00ed v l\u00e9k\u00e1rn\u00e1ch m\u00e1 v\u00fdsledky podle odborn\u00fdch garant\u016f byl z\u00e1jem velk\u00fd. V budoucnu by ho tak mohli vyu\u017e\u00edt i lid\u00e9 v na\u0161ich <a class=\"mh-excerpt-more\" href=\"https:\/\/www.invarena.cz\/?p=61856\" title=\"Z\u00e1jem o o\u010dkov\u00e1n\u00ed proti ch\u0159ipce v l\u00e9k\u00e1rn\u00e1ch\">[&#8230;]<\/a><\/p>\n<\/div>","protected":false},"author":1,"featured_media":14171,"comment_status":"open","ping_status":"closed","sticky":false,"template":"","format":"standard","meta":{"footnotes":""},"categories":[9],"tags":[],"class_list":["post-61856","post","type-post","status-publish","format-standard","has-post-thumbnail","hentry","category-zpravy"],"_links":{"self":[{"href":"https:\/\/www.invarena.cz\/index.php?rest_route=\/wp\/v2\/posts\/61856","targetHints":{"allow":["GET"]}}],"collection":[{"href":"https:\/\/www.invarena.cz\/index.php?rest_route=\/wp\/v2\/posts"}],"about":[{"href":"https:\/\/www.invarena.cz\/index.php?rest_route=\/wp\/v2\/types\/post"}],"author":[{"embeddable":true,"href":"https:\/\/www.invarena.cz\/index.php?rest_route=\/wp\/v2\/users\/1"}],"replies":[{"embeddable":true,"href":"https:\/\/www.invarena.cz\/index.php?rest_route=%2Fwp%2Fv2%2Fcomments&post=61856"}],"version-history":[{"count":0,"href":"https:\/\/www.invarena.cz\/index.php?rest_route=\/wp\/v2\/posts\/61856\/revisions"}],"wp:featuredmedia":[{"embeddable":true,"href":"https:\/\/www.invarena.cz\/index.php?rest_route=\/wp\/v2\/media\/14171"}],"wp:attachment":[{"href":"https:\/\/www.invarena.cz\/index.php?rest_route=%2Fwp%2Fv2%2Fmedia&parent=61856"}],"wp:term":[{"taxonomy":"category","embeddable":true,"href":"https:\/\/www.invarena.cz\/index.php?rest_route=%2Fwp%2Fv2%2Fcategories&post=61856"},{"taxonomy":"post_tag","embeddable":true,"href":"https:\/\/www.invarena.cz\/index.php?rest_route=%2Fwp%2Fv2%2Ftags&post=61856"}],"curies":[{"name":"wp","href":"https:\/\/api.w.org\/{rel}","templated":true}]}}