{"id":61866,"date":"2025-11-14T21:38:42","date_gmt":"2025-11-14T20:38:42","guid":{"rendered":"https:\/\/www.invarena.cz\/?p=61866"},"modified":"2025-11-14T21:38:42","modified_gmt":"2025-11-14T20:38:42","slug":"senior-doprava-na-objednani-bude-v-chrudimi-pokracovat-i-pristi-rok","status":"publish","type":"post","link":"https:\/\/www.invarena.cz\/?p=61866","title":{"rendered":"Senior doprava na objedn\u00e1n\u00ed bude v Chrudimi pokra\u010dovat i p\u0159\u00ed\u0161t\u00ed rok"},"content":{"rendered":"\n<p>Senior doprava autem na objedn\u00e1n\u00ed, kter\u00e1 v Chrudimi za\u010dala fungovat vloni v \u0159\u00edjnu, bude pokra\u010dovat i p\u0159\u00ed\u0161t\u00ed rok. M\u011bsto je s n\u00ed spokojeno a p\u0159\u00edsp\u011bvek 535.000 korun m\u00edstn\u00ed organizaci \u010cesk\u00e9ho \u010derven\u00e9ho k\u0159\u00ed\u017ee, kter\u00fd ji provozuje, je sou\u010d\u00e1st\u00ed rozpo\u010dtu na p\u0159\u00ed\u0161t\u00ed rok, uvedl radn\u00ed Ale\u0161 Nunv\u00e1\u0159. Po m\u011bst\u011b jezd\u00ed v\u011bt\u0161inou jedno auto.<\/p>\n\n\n\n<p>&#8222;V\u00fdjime\u010dn\u011b bylo zapojeno druh\u00e9 jako vykryt\u00ed, kdy\u017e n\u011bkdo si objednal nap\u0159\u00edklad do l\u00e1zn\u00ed. \u0160estkr\u00e1t za rok \u010cesk\u00fd \u010derven\u00fd k\u0159\u00ed\u017e pou\u017eil sv\u016fj z\u00e1lo\u017en\u00ed v\u016fz, co\u017e pova\u017euji za velk\u00fd benefit,&#8220; uvedl Nunv\u00e1\u0159.<\/p>\n\n\n\n<p>Slu\u017ebu za 12 m\u011bs\u00edc\u016f vyu\u017eilo 230 lid\u00ed, z toho 207 senior\u016f a 23 ob\u010dan\u016f s handicapem. V\u011bkov\u00fd pr\u016fm\u011br byl t\u00e9m\u011b\u0159 77 let, nejstar\u0161\u00edmu klientovi bylo 98 let. Za rok se uskute\u010dnilo 4016 j\u00edzd, pr\u016fm\u011brn\u011b v\u00edce ne\u017e 16 denn\u011b. Dohromady se najelo 16.607 kilometr\u016f. Cesty jsou t\u00e9m\u011b\u0159 z 90 procent po Chrudimi, v\u011bt\u0161inou k l\u00e9ka\u0159i a do nemocnice.<\/p>\n\n\n\n<p>Doprava na objedn\u00e1n\u00ed slou\u017e\u00ed hlavn\u011b m\u00e9n\u011b pohybliv\u00fdm obyvatel\u016fm, kte\u0159\u00ed nemohou vyu\u017e\u00edt ve\u0159ejnou dopravu. Je ur\u010dena pro seniory nad 65 let, pro lidi zdravotn\u011b oslaben\u00e9 a handicapovan\u00e9, rodi\u010de s d\u011btmi se zdravotn\u00edm znev\u00fdhodn\u011bn\u00edm a tak\u00e9 pro samo\u017eivitele s d\u011btmi.<\/p>\n\n\n\n<p>Z\u00e1jemci se domluv\u00ed s \u010cerven\u00fdm k\u0159\u00ed\u017eem, platit mohou jednor\u00e1zov\u011b nebo si koup\u00ed permanentku. Jedna cesta stoj\u00ed 45 korun, cenov\u011b je zv\u00fdhodn\u011bn\u00e1 dlouhodob\u00e1 j\u00edzdenka na p\u011bt, deset \u010di 15 j\u00edzd, u nejdel\u0161\u00ed bude cesta st\u00e1t 30 korun. Spole\u010dn\u011b m\u016f\u017ee jet na jednu j\u00edzdenku i v\u00edce lid\u00ed, \u010d\u00edm\u017e se jim doprava zlevn\u00ed. Po m\u011bst\u011b jezd\u00ed automobil, kter\u00fd pojme i voz\u00edk pro handicapovan\u00e9.<\/p>\n\n\n\n<p>Podle starosty Franti\u0161ka Piln\u00e9ho je v\u00fdhodou, \u017ee \u010cesk\u00fd \u010derven\u00fd k\u0159\u00ed\u017e dopravu provozuje jako zdravotnickou slu\u017ebu. \u0158idi\u010dky pln\u00ed z\u010d\u00e1sti i roli zdravotn\u00edka a dbaj\u00ed nap\u0159\u00edklad o pitn\u00fd re\u017eim p\u0159epravovan\u00fdch senior\u016f nebo je nasm\u011bruj\u00ed na vhodn\u00e9 l\u00e9ka\u0159sk\u00e9 vy\u0161et\u0159en\u00ed.<\/p>\n\n\n\n<p>\u010cesk\u00fd \u010derven\u00fd k\u0159\u00ed\u017e vy\u010d\u00edslil n\u00e1klady na 737.000 korun. Na j\u00edzdn\u00e9m se vybralo asi 150.000 korun, 535.000 korun p\u0159isp\u011blo m\u011bsto a 50.000 korun organizace doplnila ze sv\u00fdch zdroj\u016f. Podobnou slu\u017ebu, n\u011bkde naz\u00fdvanou nap\u0159\u00edklad seniortaxi, zavedly v kraji ji\u017e d\u0159\u00edve nap\u0159\u00edklad Pardubice, Hlinsko, Svitavy, Moravsk\u00e1 T\u0159ebov\u00e1, Letohrad nebo \u00dast\u00ed nad Orlic\u00ed.<\/p>\n\n\n\n<p>\u010cTK<\/p>\n\n\n\n<p>Chrudimsk\u00fd den\u00edk<\/p>\n\n\n\n<p><a href=\"https:\/\/chrudimsky.denik.cz\" target=\"_blank\" rel=\"noreferrer noopener\">https:\/\/chrudimsky.denik.cz<\/a><\/p>\n","protected":false},"excerpt":{"rendered":"<div class=\"mh-excerpt\"><p>Senior doprava autem na objedn\u00e1n\u00ed, kter\u00e1 v Chrudimi za\u010dala fungovat vloni v \u0159\u00edjnu, bude pokra\u010dovat i p\u0159\u00ed\u0161t\u00ed rok. M\u011bsto je s n\u00ed spokojeno a p\u0159\u00edsp\u011bvek <a class=\"mh-excerpt-more\" href=\"https:\/\/www.invarena.cz\/?p=61866\" title=\"Senior doprava na objedn\u00e1n\u00ed bude v Chrudimi pokra\u010dovat i p\u0159\u00ed\u0161t\u00ed rok\">[&#8230;]<\/a><\/p>\n<\/div>","protected":false},"author":1,"featured_media":13421,"comment_status":"open","ping_status":"closed","sticky":false,"template":"","format":"standard","meta":{"footnotes":""},"categories":[9],"tags":[],"class_list":["post-61866","post","type-post","status-publish","format-standard","has-post-thumbnail","hentry","category-zpravy"],"_links":{"self":[{"href":"https:\/\/www.invarena.cz\/index.php?rest_route=\/wp\/v2\/posts\/61866","targetHints":{"allow":["GET"]}}],"collection":[{"href":"https:\/\/www.invarena.cz\/index.php?rest_route=\/wp\/v2\/posts"}],"about":[{"href":"https:\/\/www.invarena.cz\/index.php?rest_route=\/wp\/v2\/types\/post"}],"author":[{"embeddable":true,"href":"https:\/\/www.invarena.cz\/index.php?rest_route=\/wp\/v2\/users\/1"}],"replies":[{"embeddable":true,"href":"https:\/\/www.invarena.cz\/index.php?rest_route=%2Fwp%2Fv2%2Fcomments&post=61866"}],"version-history":[{"count":0,"href":"https:\/\/www.invarena.cz\/index.php?rest_route=\/wp\/v2\/posts\/61866\/revisions"}],"wp:featuredmedia":[{"embeddable":true,"href":"https:\/\/www.invarena.cz\/index.php?rest_route=\/wp\/v2\/media\/13421"}],"wp:attachment":[{"href":"https:\/\/www.invarena.cz\/index.php?rest_route=%2Fwp%2Fv2%2Fmedia&parent=61866"}],"wp:term":[{"taxonomy":"category","embeddable":true,"href":"https:\/\/www.invarena.cz\/index.php?rest_route=%2Fwp%2Fv2%2Fcategories&post=61866"},{"taxonomy":"post_tag","embeddable":true,"href":"https:\/\/www.invarena.cz\/index.php?rest_route=%2Fwp%2Fv2%2Ftags&post=61866"}],"curies":[{"name":"wp","href":"https:\/\/api.w.org\/{rel}","templated":true}]}}